{"id":6048,"date":"2024-07-15T15:49:49","date_gmt":"2024-07-15T13:49:49","guid":{"rendered":"https:\/\/agora.xtec.cat\/iesgallecs\/?p=6048"},"modified":"2024-07-15T15:49:49","modified_gmt":"2024-07-15T13:49:49","slug":"matricula-a-cfgm-curs-24-25","status":"publish","type":"post","link":"https:\/\/agora.xtec.cat\/iesgallecs\/general\/matricula-a-cfgm-curs-24-25\/","title":{"rendered":"Matr\u00edcula a CFGM curs 24-25"},"content":{"rendered":"<p><strong><u>INSTRUCCIONS PER FORMALITZAR LA MATR\u00cdCULA DELS CICLES FORMATIUS DE GRAU MITJ\u00c0. CURS ACAD\u00c8MIC 2024-2025<\/u><\/strong><\/p>\n<p>El per\u00edode de matriculaci\u00f3 dels Cicles Formatius de Grau Mitj\u00e0 \u00e9s des del dia <strong>17 al 22 de juliol de 2024<\/strong>. Si no formalitzes la matr\u00edcula en aquestes dates, es considerar\u00e0 que ren\u00fancies i perds la pla\u00e7a.<\/p>\n<p>Prepara la documentaci\u00f3 per formalitzar la matr\u00edcula :<\/p>\n<ul>\n<li>Fotografia<\/li>\n<li>C\u00f2pia de la targeta sanit\u00e0ria<\/li>\n<li>C\u00f2pia DNI (per les dues cares)<\/li>\n<li>C\u00f2pia T\u00edtol d\u2019ESO o altres titulacions que donin acc\u00e9s al cicle<\/li>\n<\/ul>\n<p>&nbsp;<\/p>\n<p>A continuaci\u00f3 has d\u2019accedir al formulari del cicle al qual t\u2019has de matricular:<\/p>\n<p><strong>RECORDEU QUE ELS ENLLA\u00c7OS ESTARAN ACTIUS A PARTIR DEL DILLUNS DIA 17 FINS EL 22 DE JULIOL DE 2024<\/strong><\/p>\n<p>&nbsp;<\/p>\n<p><a href=\"https:\/\/docs.google.com\/forms\/d\/e\/1FAIpQLSeTEXqmLYS6HZT36hbf5AOSBP8jb8R3SMRcdpz7MJ8kdUffBg\/viewform?usp=sf_link\" target=\"_blank\" rel=\"noopener\">CICLE FORMATIU DE GRAU MIJT\u00c0 DE CURES AUXILIARS D\u2019INFERMERIA 2024-2025<\/a><\/p>\n<p>&nbsp;<\/p>\n<p><a href=\"https:\/\/docs.google.com\/forms\/d\/e\/1FAIpQLSd6_8-si4uGMI8OQ5WCCJknvrHGbqvkvQjUK2tPVBaNlkH_Gw\/viewform?usp=sf_link\" target=\"_blank\" rel=\"noopener\">CICLE FORMATIU DE GRAU MIJT\u00c0 D\u2019ATENCI\u00d3 A PERSONES EN SITUACI\u00d3 DE DEPEND\u00c8NCIA 2024-2025<\/a><\/p>\n<p>&nbsp;<\/p>\n<p><a href=\"https:\/\/docs.google.com\/forms\/d\/e\/1FAIpQLSc2v_idLQiZRc0kRcmGzl1k9wLS3SaC2kxEop2BEdeLjbsTqA\/viewform?usp=sf_link\" target=\"_blank\" rel=\"noopener\">CICLE FORMATIU DE GRAU MIJT\u00c0 DE FARM\u00c0CIA I PARAFARM\u00c0CIA 2024-2025<\/a><\/p>\n<p>&nbsp;<\/p>\n<p><a href=\"https:\/\/docs.google.com\/forms\/d\/e\/1FAIpQLSembFYkjFa0uwS1o7WKb6AOLn-znpc5HEXnpCt2nEleeF7v6Q\/viewform?usp=sf_link\" target=\"_blank\" rel=\"noopener\">CICLE FORMATIU DE GRAU MIJT\u00c0 DE GESTI\u00d3 ADMINISTRATIVA 2024-2025<\/a><\/p>\n","protected":false},"excerpt":{"rendered":"<p>INSTRUCCIONS PER FORMALITZAR LA MATR\u00cdCULA DELS CICLES FORMATIUS DE GRAU MITJ\u00c0. CURS ACAD\u00c8MIC 2024-2025 El per\u00edode de matriculaci\u00f3 dels Cicles Formatius de Grau Mitj\u00e0 \u00e9s des del dia 17 al 22 de juliol de 2024. Si no formalitzes la matr\u00edcula en aquestes dates, es considerar\u00e0 que ren\u00fancies i perds la pla\u00e7a. Prepara la documentaci\u00f3 per [&hellip;]<\/p>\n","protected":false},"author":36,"featured_media":6049,"comment_status":"closed","ping_status":"closed","sticky":false,"template":"","format":"standard","meta":{"site-sidebar-layout":"default","site-content-layout":"","ast-site-content-layout":"","site-content-style":"default","site-sidebar-style":"default","ast-global-header-display":"","ast-banner-title-visibility":"","ast-main-header-display":"","ast-hfb-above-header-display":"","ast-hfb-below-header-display":"","ast-hfb-mobile-header-display":"","site-post-title":"","ast-breadcrumbs-content":"","ast-featured-img":"","footer-sml-layout":"","theme-transparent-header-meta":"","adv-header-id-meta":"","stick-header-meta":"","header-above-stick-meta":"","header-main-stick-meta":"","header-below-stick-meta":"","astra-migrate-meta-layouts":"default","ast-page-background-enabled":"default","ast-page-background-meta":{"desktop":{"background-color":"var(--ast-global-color-5)","background-image":"","background-repeat":"repeat","background-position":"center center","background-size":"auto","background-attachment":"scroll","background-type":"","background-media":"","overlay-type":"","overlay-color":"","overlay-opacity":"","overlay-gradient":""},"tablet":{"background-color":"","background-image":"","background-repeat":"repeat","background-position":"center center","background-size":"auto","background-attachment":"scroll","background-type":"","background-media":"","overlay-type":"","overlay-color":"","overlay-opacity":"","overlay-gradient":""},"mobile":{"background-color":"","background-image":"","background-repeat":"repeat","background-position":"center center","background-size":"auto","background-attachment":"scroll","background-type":"","background-media":"","overlay-type":"","overlay-color":"","overlay-opacity":"","overlay-gradient":""}},"ast-content-background-meta":{"desktop":{"background-color":"var(--ast-global-color-4)","background-image":"","background-repeat":"repeat","background-position":"center center","background-size":"auto","background-attachment":"scroll","background-type":"","background-media":"","overlay-type":"","overlay-color":"","overlay-opacity":"","overlay-gradient":""},"tablet":{"background-color":"var(--ast-global-color-4)","background-image":"","background-repeat":"repeat","background-position":"center center","background-size":"auto","background-attachment":"scroll","background-type":"","background-media":"","overlay-type":"","overlay-color":"","overlay-opacity":"","overlay-gradient":""},"mobile":{"background-color":"var(--ast-global-color-4)","background-image":"","background-repeat":"repeat","background-position":"center center","background-size":"auto","background-attachment":"scroll","background-type":"","background-media":"","overlay-type":"","overlay-color":"","overlay-opacity":"","overlay-gradient":""}},"footnotes":""},"categories":[1,29],"tags":[193,238,219],"class_list":["post-6048","post","type-post","status-publish","format-standard","has-post-thumbnail","hentry","category-general","category-portada","tag-cicles-formatius","tag-curs-24-25","tag-matricula"],"post_mailing_queue_ids":[],"_links":{"self":[{"href":"https:\/\/agora.xtec.cat\/iesgallecs\/wp-json\/wp\/v2\/posts\/6048","targetHints":{"allow":["GET"]}}],"collection":[{"href":"https:\/\/agora.xtec.cat\/iesgallecs\/wp-json\/wp\/v2\/posts"}],"about":[{"href":"https:\/\/agora.xtec.cat\/iesgallecs\/wp-json\/wp\/v2\/types\/post"}],"author":[{"embeddable":true,"href":"https:\/\/agora.xtec.cat\/iesgallecs\/wp-json\/wp\/v2\/users\/36"}],"replies":[{"embeddable":true,"href":"https:\/\/agora.xtec.cat\/iesgallecs\/wp-json\/wp\/v2\/comments?post=6048"}],"version-history":[{"count":1,"href":"https:\/\/agora.xtec.cat\/iesgallecs\/wp-json\/wp\/v2\/posts\/6048\/revisions"}],"predecessor-version":[{"id":6050,"href":"https:\/\/agora.xtec.cat\/iesgallecs\/wp-json\/wp\/v2\/posts\/6048\/revisions\/6050"}],"wp:featuredmedia":[{"embeddable":true,"href":"https:\/\/agora.xtec.cat\/iesgallecs\/wp-json\/wp\/v2\/media\/6049"}],"wp:attachment":[{"href":"https:\/\/agora.xtec.cat\/iesgallecs\/wp-json\/wp\/v2\/media?parent=6048"}],"wp:term":[{"taxonomy":"category","embeddable":true,"href":"https:\/\/agora.xtec.cat\/iesgallecs\/wp-json\/wp\/v2\/categories?post=6048"},{"taxonomy":"post_tag","embeddable":true,"href":"https:\/\/agora.xtec.cat\/iesgallecs\/wp-json\/wp\/v2\/tags?post=6048"}],"curies":[{"name":"wp","href":"https:\/\/api.w.org\/{rel}","templated":true}]}}