{"id":5918,"date":"2024-06-13T13:45:40","date_gmt":"2024-06-13T11:45:40","guid":{"rendered":"https:\/\/agora.xtec.cat\/iesgallecs\/?p=5918"},"modified":"2024-06-13T15:15:38","modified_gmt":"2024-06-13T13:15:38","slug":"formalitzacio-de-la-matricula-a-1r-deso-curs-2024-2025","status":"publish","type":"post","link":"https:\/\/agora.xtec.cat\/iesgallecs\/general\/formalitzacio-de-la-matricula-a-1r-deso-curs-2024-2025\/","title":{"rendered":"Formalitzaci\u00f3 de la matr\u00edcula a 1r d&#8217;ESO curs 2024\/2025"},"content":{"rendered":"<p><strong>INSTRUCCIONS PER FORMALITZAR LA MATR\u00cdCULA A 1R D\u2019ESO 2024\/2025<\/strong><\/p>\n<p>El per\u00edode de matriculaci\u00f3 de l&#8217;ESO \u00e9s del\u00a0<strong>18 al 26 de juny\u00a0 de 2024<\/strong>.\u00a0Si no podeu fer la matriculaci\u00f3 en aquestes dates, cal que presenteu un justificant al m\u00e9s aviat possible al mateix centre, perqu\u00e8 si no es considera que es renuncia a la pla\u00e7a i es perd.<\/p>\n<p>Preparar la documentaci\u00f3 per formalitzar la matr\u00edcula:<\/p>\n<ul>\n<li>C\u00f2pia del carnet de vacunacions en el qual figurin les dosis de les vacunes rebudes amb les dates corresponents.<\/li>\n<li>Si no t\u00e9 el carnet de vacunacions, aportar un certificat m\u00e8dic oficial o el carnet de salut de l&#8217;infant en el qual figurin les dosis de les vacunes rebudes amb les dates corresponents. Si el nen o la nena no ha estat vacunat o vacunada per indicaci\u00f3 m\u00e8dica o per altres circumst\u00e0ncies, cal presentar un certificat m\u00e8dic oficial justificatiu.<\/li>\n<li>1 fotografia.<\/li>\n<li>C\u00f2pia DNI dels tutors legals<\/li>\n<li>C\u00f2pia de la targeta sanit\u00e0ria de l\u2019alumne\/a<\/li>\n<li>C\u00f2pia del DNI de l\u2019alumne\/a si en t\u00e9<\/li>\n<\/ul>\n<p>Aquests \u00e9s l&#8217;enlla\u00e7 des del qual podeu omplir el formulari de la matr\u00edcula i adjuntar els documents:<\/p>\n<p><u><a href=\"https:\/\/docs.google.com\/forms\/d\/e\/1FAIpQLSdKVRAaJf9uYW1OytXwUh5SCVta07Y2BkFHJ1tO0N0NqYTz4Q\/viewform?usp=sf_link\">https:\/\/docs.google.com\/forms\/d\/e\/1FAIpQLSdKVRAaJf9uYW1OytXwUh5SCVta07Y2BkFHJ1tO0N0NqYTz4Q\/viewform?usp=sf_link<\/a><\/u><\/p>\n<p style=\"text-align: center;\">Tamb\u00e9 amb codi QR<a href=\"https:\/\/agora.xtec.cat\/iesgallecs\/wp-content\/uploads\/usu1971\/2024\/06\/Codi_QR_Matricula1rESO_24_25_mitja.png\"><br \/>\n<img loading=\"lazy\" decoding=\"async\" class=\"aligncenter wp-image-5919\" src=\"https:\/\/agora.xtec.cat\/iesgallecs\/wp-content\/uploads\/usu1971\/2024\/06\/Codi_QR_Matricula1rESO_24_25_mitja.png\" alt=\"\" width=\"319\" height=\"319\" srcset=\"https:\/\/agora.xtec.cat\/iesgallecs\/wp-content\/uploads\/usu1971\/2024\/06\/Codi_QR_Matricula1rESO_24_25_mitja.png 424w, https:\/\/agora.xtec.cat\/iesgallecs\/wp-content\/uploads\/usu1971\/2024\/06\/Codi_QR_Matricula1rESO_24_25_mitja-300x300.png 300w, https:\/\/agora.xtec.cat\/iesgallecs\/wp-content\/uploads\/usu1971\/2024\/06\/Codi_QR_Matricula1rESO_24_25_mitja-150x150.png 150w\" sizes=\"auto, (max-width: 319px) 100vw, 319px\" \/><\/a><\/p>\n<p><em>Per fer els pagaments de la quota de material, AFA i llic\u00e8ncies digitals, rebreu un correu electr\u00f2nic amb la informaci\u00f3 de l\u2019aplicaci\u00f3 TPV Escola, instruccions de funcionament i claus d\u2019acc\u00e9s. \u00a0<\/em><\/p>\n","protected":false},"excerpt":{"rendered":"<p>INSTRUCCIONS PER FORMALITZAR LA MATR\u00cdCULA A 1R D\u2019ESO 2024\/2025 El per\u00edode de matriculaci\u00f3 de l&#8217;ESO \u00e9s del\u00a018 al 26 de juny\u00a0 de 2024.\u00a0Si no podeu fer la matriculaci\u00f3 en aquestes dates, cal que presenteu un justificant al m\u00e9s aviat possible al mateix centre, perqu\u00e8 si no es considera que es renuncia a la pla\u00e7a i [&hellip;]<\/p>\n","protected":false},"author":36,"featured_media":5923,"comment_status":"closed","ping_status":"closed","sticky":false,"template":"","format":"standard","meta":{"site-sidebar-layout":"default","site-content-layout":"","ast-site-content-layout":"","site-content-style":"default","site-sidebar-style":"default","ast-global-header-display":"","ast-banner-title-visibility":"","ast-main-header-display":"","ast-hfb-above-header-display":"","ast-hfb-below-header-display":"","ast-hfb-mobile-header-display":"","site-post-title":"","ast-breadcrumbs-content":"","ast-featured-img":"","footer-sml-layout":"","theme-transparent-header-meta":"","adv-header-id-meta":"","stick-header-meta":"","header-above-stick-meta":"","header-main-stick-meta":"","header-below-stick-meta":"","astra-migrate-meta-layouts":"default","ast-page-background-enabled":"default","ast-page-background-meta":{"desktop":{"background-color":"var(--ast-global-color-5)","background-image":"","background-repeat":"repeat","background-position":"center center","background-size":"auto","background-attachment":"scroll","background-type":"","background-media":"","overlay-type":"","overlay-color":"","overlay-opacity":"","overlay-gradient":""},"tablet":{"background-color":"","background-image":"","background-repeat":"repeat","background-position":"center center","background-size":"auto","background-attachment":"scroll","background-type":"","background-media":"","overlay-type":"","overlay-color":"","overlay-opacity":"","overlay-gradient":""},"mobile":{"background-color":"","background-image":"","background-repeat":"repeat","background-position":"center center","background-size":"auto","background-attachment":"scroll","background-type":"","background-media":"","overlay-type":"","overlay-color":"","overlay-opacity":"","overlay-gradient":""}},"ast-content-background-meta":{"desktop":{"background-color":"var(--ast-global-color-4)","background-image":"","background-repeat":"repeat","background-position":"center center","background-size":"auto","background-attachment":"scroll","background-type":"","background-media":"","overlay-type":"","overlay-color":"","overlay-opacity":"","overlay-gradient":""},"tablet":{"background-color":"var(--ast-global-color-4)","background-image":"","background-repeat":"repeat","background-position":"center center","background-size":"auto","background-attachment":"scroll","background-type":"","background-media":"","overlay-type":"","overlay-color":"","overlay-opacity":"","overlay-gradient":""},"mobile":{"background-color":"var(--ast-global-color-4)","background-image":"","background-repeat":"repeat","background-position":"center center","background-size":"auto","background-attachment":"scroll","background-type":"","background-media":"","overlay-type":"","overlay-color":"","overlay-opacity":"","overlay-gradient":""}},"footnotes":""},"categories":[1,29],"tags":[238,142,219],"class_list":["post-5918","post","type-post","status-publish","format-standard","has-post-thumbnail","hentry","category-general","category-portada","tag-curs-24-25","tag-eso","tag-matricula"],"post_mailing_queue_ids":[],"_links":{"self":[{"href":"https:\/\/agora.xtec.cat\/iesgallecs\/wp-json\/wp\/v2\/posts\/5918","targetHints":{"allow":["GET"]}}],"collection":[{"href":"https:\/\/agora.xtec.cat\/iesgallecs\/wp-json\/wp\/v2\/posts"}],"about":[{"href":"https:\/\/agora.xtec.cat\/iesgallecs\/wp-json\/wp\/v2\/types\/post"}],"author":[{"embeddable":true,"href":"https:\/\/agora.xtec.cat\/iesgallecs\/wp-json\/wp\/v2\/users\/36"}],"replies":[{"embeddable":true,"href":"https:\/\/agora.xtec.cat\/iesgallecs\/wp-json\/wp\/v2\/comments?post=5918"}],"version-history":[{"count":1,"href":"https:\/\/agora.xtec.cat\/iesgallecs\/wp-json\/wp\/v2\/posts\/5918\/revisions"}],"predecessor-version":[{"id":5920,"href":"https:\/\/agora.xtec.cat\/iesgallecs\/wp-json\/wp\/v2\/posts\/5918\/revisions\/5920"}],"wp:featuredmedia":[{"embeddable":true,"href":"https:\/\/agora.xtec.cat\/iesgallecs\/wp-json\/wp\/v2\/media\/5923"}],"wp:attachment":[{"href":"https:\/\/agora.xtec.cat\/iesgallecs\/wp-json\/wp\/v2\/media?parent=5918"}],"wp:term":[{"taxonomy":"category","embeddable":true,"href":"https:\/\/agora.xtec.cat\/iesgallecs\/wp-json\/wp\/v2\/categories?post=5918"},{"taxonomy":"post_tag","embeddable":true,"href":"https:\/\/agora.xtec.cat\/iesgallecs\/wp-json\/wp\/v2\/tags?post=5918"}],"curies":[{"name":"wp","href":"https:\/\/api.w.org\/{rel}","templated":true}]}}