{"id":5895,"date":"2024-06-04T11:44:30","date_gmt":"2024-06-04T09:44:30","guid":{"rendered":"https:\/\/agora.xtec.cat\/iesgallecs\/?p=5895"},"modified":"2024-06-05T20:35:02","modified_gmt":"2024-06-05T18:35:02","slug":"1a-edicio-de-la-mostra-art-tech-de-tecnologia-visual-i-plastica","status":"publish","type":"post","link":"https:\/\/agora.xtec.cat\/iesgallecs\/general\/1a-edicio-de-la-mostra-art-tech-de-tecnologia-visual-i-plastica\/","title":{"rendered":"1a edici\u00f3 de la mostra Art-Tech de Tecnologia, Visual i Pl\u00e0stica"},"content":{"rendered":"<p>Dem\u00e0 a l&#8217;Institut estrenem la primera edici\u00f3 de la mostra Art-Tech de Tecnologia i Visual i Pl\u00e0stica.<\/p>\n<p>En aquesta exposici\u00f3 es mostraran treballs i obres per con\u00e8ixer el talent del nostre alumnat. Es far\u00e0 al vest\u00edbul de l&#8217;institut (davant de la sala de professorat) i tamb\u00e9 s&#8217;exposar\u00e0 com a Google Sites.<\/p>\n<p><a href=\"https:\/\/agora.xtec.cat\/iesgallecs\/wp-content\/uploads\/usu1971\/2024\/06\/Cartell-A3-Art-Tech-1a-Ed-DEF.pdf\">Cartell de la 1\u00aa edici\u00f3 Art-Tech de Tecnologia i Visual i Pl\u00e0stica.<\/a><\/p>\n<p><a href=\"https:\/\/sites.google.com\/insgallecs.cat\/artech\/setmana-artech\">Acc\u00e9s al Google Sites de l&#8217;exposici\u00f3<\/a><\/p>\n<p>Estar\u00e0 disponible del 5 a l&#8217;11 de juny de 2024<\/p>\n<p><a href=\"https:\/\/agora.xtec.cat\/iesgallecs\/wp-content\/uploads\/usu1971\/2024\/06\/Cartell-A3-Art-Tech-1a-Ed-DEF_WEB.jpg\"><img loading=\"lazy\" decoding=\"async\" class=\"aligncenter size-full wp-image-5896\" src=\"https:\/\/agora.xtec.cat\/iesgallecs\/wp-content\/uploads\/usu1971\/2024\/06\/Cartell-A3-Art-Tech-1a-Ed-DEF_WEB.jpg\" alt=\"\" width=\"1755\" height=\"2480\" srcset=\"https:\/\/agora.xtec.cat\/iesgallecs\/wp-content\/uploads\/usu1971\/2024\/06\/Cartell-A3-Art-Tech-1a-Ed-DEF_WEB.jpg 1755w, https:\/\/agora.xtec.cat\/iesgallecs\/wp-content\/uploads\/usu1971\/2024\/06\/Cartell-A3-Art-Tech-1a-Ed-DEF_WEB-212x300.jpg 212w, https:\/\/agora.xtec.cat\/iesgallecs\/wp-content\/uploads\/usu1971\/2024\/06\/Cartell-A3-Art-Tech-1a-Ed-DEF_WEB-725x1024.jpg 725w, https:\/\/agora.xtec.cat\/iesgallecs\/wp-content\/uploads\/usu1971\/2024\/06\/Cartell-A3-Art-Tech-1a-Ed-DEF_WEB-768x1085.jpg 768w, https:\/\/agora.xtec.cat\/iesgallecs\/wp-content\/uploads\/usu1971\/2024\/06\/Cartell-A3-Art-Tech-1a-Ed-DEF_WEB-1087x1536.jpg 1087w, https:\/\/agora.xtec.cat\/iesgallecs\/wp-content\/uploads\/usu1971\/2024\/06\/Cartell-A3-Art-Tech-1a-Ed-DEF_WEB-1449x2048.jpg 1449w\" sizes=\"auto, (max-width: 1755px) 100vw, 1755px\" \/><\/a><\/p>\n","protected":false},"excerpt":{"rendered":"<p>Dem\u00e0 a l&#8217;Institut estrenem la primera edici\u00f3 de la mostra Art-Tech de Tecnologia i Visual i Pl\u00e0stica. En aquesta exposici\u00f3 es mostraran treballs i obres per con\u00e8ixer el talent del nostre alumnat. Es far\u00e0 al vest\u00edbul de l&#8217;institut (davant de la sala de professorat) i tamb\u00e9 s&#8217;exposar\u00e0 com a Google Sites. Cartell de la 1\u00aa [&hellip;]<\/p>\n","protected":false},"author":36,"featured_media":5896,"comment_status":"closed","ping_status":"closed","sticky":false,"template":"","format":"standard","meta":{"site-sidebar-layout":"default","site-content-layout":"","ast-site-content-layout":"","site-content-style":"default","site-sidebar-style":"default","ast-global-header-display":"","ast-banner-title-visibility":"","ast-main-header-display":"","ast-hfb-above-header-display":"","ast-hfb-below-header-display":"","ast-hfb-mobile-header-display":"","site-post-title":"","ast-breadcrumbs-content":"","ast-featured-img":"","footer-sml-layout":"","theme-transparent-header-meta":"","adv-header-id-meta":"","stick-header-meta":"","header-above-stick-meta":"","header-main-stick-meta":"","header-below-stick-meta":"","astra-migrate-meta-layouts":"default","ast-page-background-enabled":"default","ast-page-background-meta":{"desktop":{"background-color":"var(--ast-global-color-5)","background-image":"","background-repeat":"repeat","background-position":"center center","background-size":"auto","background-attachment":"scroll","background-type":"","background-media":"","overlay-type":"","overlay-color":"","overlay-opacity":"","overlay-gradient":""},"tablet":{"background-color":"","background-image":"","background-repeat":"repeat","background-position":"center center","background-size":"auto","background-attachment":"scroll","background-type":"","background-media":"","overlay-type":"","overlay-color":"","overlay-opacity":"","overlay-gradient":""},"mobile":{"background-color":"","background-image":"","background-repeat":"repeat","background-position":"center center","background-size":"auto","background-attachment":"scroll","background-type":"","background-media":"","overlay-type":"","overlay-color":"","overlay-opacity":"","overlay-gradient":""}},"ast-content-background-meta":{"desktop":{"background-color":"var(--ast-global-color-4)","background-image":"","background-repeat":"repeat","background-position":"center center","background-size":"auto","background-attachment":"scroll","background-type":"","background-media":"","overlay-type":"","overlay-color":"","overlay-opacity":"","overlay-gradient":""},"tablet":{"background-color":"var(--ast-global-color-4)","background-image":"","background-repeat":"repeat","background-position":"center center","background-size":"auto","background-attachment":"scroll","background-type":"","background-media":"","overlay-type":"","overlay-color":"","overlay-opacity":"","overlay-gradient":""},"mobile":{"background-color":"var(--ast-global-color-4)","background-image":"","background-repeat":"repeat","background-position":"center center","background-size":"auto","background-attachment":"scroll","background-type":"","background-media":"","overlay-type":"","overlay-color":"","overlay-opacity":"","overlay-gradient":""}},"footnotes":""},"categories":[1,29],"tags":[142,203,125],"class_list":["post-5895","post","type-post","status-publish","format-standard","has-post-thumbnail","hentry","category-general","category-portada","tag-eso","tag-projectes-innovacio","tag-tecnologia"],"post_mailing_queue_ids":[],"_links":{"self":[{"href":"https:\/\/agora.xtec.cat\/iesgallecs\/wp-json\/wp\/v2\/posts\/5895","targetHints":{"allow":["GET"]}}],"collection":[{"href":"https:\/\/agora.xtec.cat\/iesgallecs\/wp-json\/wp\/v2\/posts"}],"about":[{"href":"https:\/\/agora.xtec.cat\/iesgallecs\/wp-json\/wp\/v2\/types\/post"}],"author":[{"embeddable":true,"href":"https:\/\/agora.xtec.cat\/iesgallecs\/wp-json\/wp\/v2\/users\/36"}],"replies":[{"embeddable":true,"href":"https:\/\/agora.xtec.cat\/iesgallecs\/wp-json\/wp\/v2\/comments?post=5895"}],"version-history":[{"count":5,"href":"https:\/\/agora.xtec.cat\/iesgallecs\/wp-json\/wp\/v2\/posts\/5895\/revisions"}],"predecessor-version":[{"id":5902,"href":"https:\/\/agora.xtec.cat\/iesgallecs\/wp-json\/wp\/v2\/posts\/5895\/revisions\/5902"}],"wp:featuredmedia":[{"embeddable":true,"href":"https:\/\/agora.xtec.cat\/iesgallecs\/wp-json\/wp\/v2\/media\/5896"}],"wp:attachment":[{"href":"https:\/\/agora.xtec.cat\/iesgallecs\/wp-json\/wp\/v2\/media?parent=5895"}],"wp:term":[{"taxonomy":"category","embeddable":true,"href":"https:\/\/agora.xtec.cat\/iesgallecs\/wp-json\/wp\/v2\/categories?post=5895"},{"taxonomy":"post_tag","embeddable":true,"href":"https:\/\/agora.xtec.cat\/iesgallecs\/wp-json\/wp\/v2\/tags?post=5895"}],"curies":[{"name":"wp","href":"https:\/\/api.w.org\/{rel}","templated":true}]}}