{"id":5246,"date":"2023-10-04T15:23:49","date_gmt":"2023-10-04T13:23:49","guid":{"rendered":"https:\/\/agora.xtec.cat\/iesgallecs\/?p=5246"},"modified":"2023-10-04T15:23:49","modified_gmt":"2023-10-04T13:23:49","slug":"ens-posem-les-piles-a-radio-mollet","status":"publish","type":"post","link":"https:\/\/agora.xtec.cat\/iesgallecs\/general\/ens-posem-les-piles-a-radio-mollet\/","title":{"rendered":"Ens posem les piles a R\u00e0dio Mollet"},"content":{"rendered":"<h6>Cinc alumnes de la mat\u00e8ria\u00a0Utopia del 4G1 han estrenat la participaci\u00f3 de l&#8217;Institut Gallecs a R\u00e0dio Mollet en el curs 2023-24. En el programa Posa&#8217;t les Piles, han conversat amb la periodista Emma Valea sobre l&#8217;autoestima, la import\u00e0ncia de la imatge a les xarxes i els problemes que es deriven per l&#8217;aparen\u00e7a, que poden arribar a ser preocupants en l&#8217;adolesc\u00e8ncia.<\/h6>\n<p><a href=\"https:\/\/agora.xtec.cat\/iesgallecs\/wp-content\/uploads\/usu1971\/2023\/10\/IMG-20231004-WA0017.jpg\"><img loading=\"lazy\" decoding=\"async\" class=\"aligncenter  wp-image-5247\" src=\"https:\/\/agora.xtec.cat\/iesgallecs\/wp-content\/uploads\/usu1971\/2023\/10\/IMG-20231004-WA0017.jpg\" alt=\"\" width=\"521\" height=\"390\" srcset=\"https:\/\/agora.xtec.cat\/iesgallecs\/wp-content\/uploads\/usu1971\/2023\/10\/IMG-20231004-WA0017.jpg 1288w, https:\/\/agora.xtec.cat\/iesgallecs\/wp-content\/uploads\/usu1971\/2023\/10\/IMG-20231004-WA0017-300x225.jpg 300w, https:\/\/agora.xtec.cat\/iesgallecs\/wp-content\/uploads\/usu1971\/2023\/10\/IMG-20231004-WA0017-1024x768.jpg 1024w, https:\/\/agora.xtec.cat\/iesgallecs\/wp-content\/uploads\/usu1971\/2023\/10\/IMG-20231004-WA0017-768x576.jpg 768w, https:\/\/agora.xtec.cat\/iesgallecs\/wp-content\/uploads\/usu1971\/2023\/10\/IMG-20231004-WA0017-200x150.jpg 200w\" sizes=\"auto, (max-width: 521px) 100vw, 521px\" \/><\/a><\/p>\n<h6>Si voleu recuperar la conversa, a la web del programa Posa&#8217;t les Piles de R\u00e0dio Mollet trobareu el p\u00f2dcast:\u00a0<a href=\"https:\/\/www.radiomollet.com\/programs\/posalespiles\/radiomollet_podcast_25996\" target=\"_blank\" rel=\"noopener\" data-saferedirecturl=\"https:\/\/www.google.com\/url?q=https:\/\/www.radiomollet.com\/programs\/posalespiles\/radiomollet_podcast_25996&amp;source=gmail&amp;ust=1696511809404000&amp;usg=AOvVaw1gF9W6_l8F24CNwWzaA8ny\">https:\/\/www.radiomollet.com\/<wbr \/>programs\/posalespiles\/<wbr \/>radiomollet_podcast_25996<\/a><\/h6>\n<h6>En pr\u00f2ximes sessions participaran altres grups d&#8217;alumnes de la mat\u00e8ria Utopia i del Servei Comunitari. Aquestes pr\u00e0ctiques serviran per a aprendre a elaborar p\u00f2dcasts i a crear l&#8217;aula de r\u00e0dio de l&#8217;institut al llarg d&#8217;aquest curs.<\/h6>\n<p><a href=\"https:\/\/agora.xtec.cat\/iesgallecs\/wp-content\/uploads\/usu1971\/2023\/10\/IMG-20231004-WA0018.jpg\"><img loading=\"lazy\" decoding=\"async\" class=\"aligncenter  wp-image-5248\" src=\"https:\/\/agora.xtec.cat\/iesgallecs\/wp-content\/uploads\/usu1971\/2023\/10\/IMG-20231004-WA0018.jpg\" alt=\"\" width=\"546\" height=\"409\" srcset=\"https:\/\/agora.xtec.cat\/iesgallecs\/wp-content\/uploads\/usu1971\/2023\/10\/IMG-20231004-WA0018.jpg 1600w, https:\/\/agora.xtec.cat\/iesgallecs\/wp-content\/uploads\/usu1971\/2023\/10\/IMG-20231004-WA0018-300x225.jpg 300w, https:\/\/agora.xtec.cat\/iesgallecs\/wp-content\/uploads\/usu1971\/2023\/10\/IMG-20231004-WA0018-1024x768.jpg 1024w, https:\/\/agora.xtec.cat\/iesgallecs\/wp-content\/uploads\/usu1971\/2023\/10\/IMG-20231004-WA0018-768x576.jpg 768w, https:\/\/agora.xtec.cat\/iesgallecs\/wp-content\/uploads\/usu1971\/2023\/10\/IMG-20231004-WA0018-1536x1152.jpg 1536w, https:\/\/agora.xtec.cat\/iesgallecs\/wp-content\/uploads\/usu1971\/2023\/10\/IMG-20231004-WA0018-200x150.jpg 200w\" sizes=\"auto, (max-width: 546px) 100vw, 546px\" \/><\/a><\/p>\n","protected":false},"excerpt":{"rendered":"<p>Cinc alumnes de la mat\u00e8ria\u00a0Utopia del 4G1 han estrenat la participaci\u00f3 de l&#8217;Institut Gallecs a R\u00e0dio Mollet en el curs 2023-24. En el programa Posa&#8217;t les Piles, han conversat amb la periodista Emma Valea sobre l&#8217;autoestima, la import\u00e0ncia de la imatge a les xarxes i els problemes que es deriven per l&#8217;aparen\u00e7a, que poden arribar [&hellip;]<\/p>\n","protected":false},"author":36,"featured_media":5248,"comment_status":"closed","ping_status":"closed","sticky":false,"template":"","format":"standard","meta":{"site-sidebar-layout":"default","site-content-layout":"","ast-site-content-layout":"","site-content-style":"default","site-sidebar-style":"default","ast-global-header-display":"","ast-banner-title-visibility":"","ast-main-header-display":"","ast-hfb-above-header-display":"","ast-hfb-below-header-display":"","ast-hfb-mobile-header-display":"","site-post-title":"","ast-breadcrumbs-content":"","ast-featured-img":"","footer-sml-layout":"","theme-transparent-header-meta":"","adv-header-id-meta":"","stick-header-meta":"","header-above-stick-meta":"","header-main-stick-meta":"","header-below-stick-meta":"","astra-migrate-meta-layouts":"default","ast-page-background-enabled":"default","ast-page-background-meta":{"desktop":{"background-color":"var(--ast-global-color-5)","background-image":"","background-repeat":"repeat","background-position":"center center","background-size":"auto","background-attachment":"scroll","background-type":"","background-media":"","overlay-type":"","overlay-color":"","overlay-opacity":"","overlay-gradient":""},"tablet":{"background-color":"","background-image":"","background-repeat":"repeat","background-position":"center center","background-size":"auto","background-attachment":"scroll","background-type":"","background-media":"","overlay-type":"","overlay-color":"","overlay-opacity":"","overlay-gradient":""},"mobile":{"background-color":"","background-image":"","background-repeat":"repeat","background-position":"center center","background-size":"auto","background-attachment":"scroll","background-type":"","background-media":"","overlay-type":"","overlay-color":"","overlay-opacity":"","overlay-gradient":""}},"ast-content-background-meta":{"desktop":{"background-color":"var(--ast-global-color-4)","background-image":"","background-repeat":"repeat","background-position":"center center","background-size":"auto","background-attachment":"scroll","background-type":"","background-media":"","overlay-type":"","overlay-color":"","overlay-opacity":"","overlay-gradient":""},"tablet":{"background-color":"var(--ast-global-color-4)","background-image":"","background-repeat":"repeat","background-position":"center center","background-size":"auto","background-attachment":"scroll","background-type":"","background-media":"","overlay-type":"","overlay-color":"","overlay-opacity":"","overlay-gradient":""},"mobile":{"background-color":"var(--ast-global-color-4)","background-image":"","background-repeat":"repeat","background-position":"center center","background-size":"auto","background-attachment":"scroll","background-type":"","background-media":"","overlay-type":"","overlay-color":"","overlay-opacity":"","overlay-gradient":""}},"footnotes":""},"categories":[1,29],"tags":[],"class_list":["post-5246","post","type-post","status-publish","format-standard","has-post-thumbnail","hentry","category-general","category-portada"],"post_mailing_queue_ids":[],"_links":{"self":[{"href":"https:\/\/agora.xtec.cat\/iesgallecs\/wp-json\/wp\/v2\/posts\/5246","targetHints":{"allow":["GET"]}}],"collection":[{"href":"https:\/\/agora.xtec.cat\/iesgallecs\/wp-json\/wp\/v2\/posts"}],"about":[{"href":"https:\/\/agora.xtec.cat\/iesgallecs\/wp-json\/wp\/v2\/types\/post"}],"author":[{"embeddable":true,"href":"https:\/\/agora.xtec.cat\/iesgallecs\/wp-json\/wp\/v2\/users\/36"}],"replies":[{"embeddable":true,"href":"https:\/\/agora.xtec.cat\/iesgallecs\/wp-json\/wp\/v2\/comments?post=5246"}],"version-history":[{"count":1,"href":"https:\/\/agora.xtec.cat\/iesgallecs\/wp-json\/wp\/v2\/posts\/5246\/revisions"}],"predecessor-version":[{"id":5249,"href":"https:\/\/agora.xtec.cat\/iesgallecs\/wp-json\/wp\/v2\/posts\/5246\/revisions\/5249"}],"wp:featuredmedia":[{"embeddable":true,"href":"https:\/\/agora.xtec.cat\/iesgallecs\/wp-json\/wp\/v2\/media\/5248"}],"wp:attachment":[{"href":"https:\/\/agora.xtec.cat\/iesgallecs\/wp-json\/wp\/v2\/media?parent=5246"}],"wp:term":[{"taxonomy":"category","embeddable":true,"href":"https:\/\/agora.xtec.cat\/iesgallecs\/wp-json\/wp\/v2\/categories?post=5246"},{"taxonomy":"post_tag","embeddable":true,"href":"https:\/\/agora.xtec.cat\/iesgallecs\/wp-json\/wp\/v2\/tags?post=5246"}],"curies":[{"name":"wp","href":"https:\/\/api.w.org\/{rel}","templated":true}]}}