{"id":5235,"date":"2023-09-29T07:31:44","date_gmt":"2023-09-29T05:31:44","guid":{"rendered":"https:\/\/agora.xtec.cat\/iesgallecs\/?p=5235"},"modified":"2023-09-29T07:31:44","modified_gmt":"2023-09-29T05:31:44","slug":"lajuntament-de-mollet-ens-visita","status":"publish","type":"post","link":"https:\/\/agora.xtec.cat\/iesgallecs\/general\/lajuntament-de-mollet-ens-visita\/","title":{"rendered":"L&#8217;ajuntament de Mollet ens visita"},"content":{"rendered":"<h6>La regidora d&#8217;Educaci\u00f3 de l&#8217;ajuntament de Mollet del Vall\u00e8s, Noa Monr\u00e0s, acompanyada de la gerent de l&#8217;Institut Municipal d&#8217;Educaci\u00f3, Sandra Palma, han visitat l&#8217;Institut Gallecs amb la voluntat de con\u00e8ixer la nostra forma de treballar i detectar les possibles necessitats del centre.<\/h6>\n<div><\/div>\n<div><a href=\"https:\/\/agora.xtec.cat\/iesgallecs\/wp-content\/uploads\/usu1971\/2023\/09\/IMG-20230928-WA0004.jpg\"><img loading=\"lazy\" decoding=\"async\" class=\"wp-image-5237  alignnone\" src=\"https:\/\/agora.xtec.cat\/iesgallecs\/wp-content\/uploads\/usu1971\/2023\/09\/IMG-20230928-WA0004-300x225.jpg\" alt=\"\" width=\"463\" height=\"347\" srcset=\"https:\/\/agora.xtec.cat\/iesgallecs\/wp-content\/uploads\/usu1971\/2023\/09\/IMG-20230928-WA0004-300x225.jpg 300w, https:\/\/agora.xtec.cat\/iesgallecs\/wp-content\/uploads\/usu1971\/2023\/09\/IMG-20230928-WA0004-1024x768.jpg 1024w, https:\/\/agora.xtec.cat\/iesgallecs\/wp-content\/uploads\/usu1971\/2023\/09\/IMG-20230928-WA0004-768x576.jpg 768w, https:\/\/agora.xtec.cat\/iesgallecs\/wp-content\/uploads\/usu1971\/2023\/09\/IMG-20230928-WA0004-1536x1152.jpg 1536w, https:\/\/agora.xtec.cat\/iesgallecs\/wp-content\/uploads\/usu1971\/2023\/09\/IMG-20230928-WA0004-200x150.jpg 200w, https:\/\/agora.xtec.cat\/iesgallecs\/wp-content\/uploads\/usu1971\/2023\/09\/IMG-20230928-WA0004.jpg 2000w\" sizes=\"auto, (max-width: 463px) 100vw, 463px\" \/><\/a><a href=\"https:\/\/agora.xtec.cat\/iesgallecs\/wp-content\/uploads\/usu1971\/2023\/09\/IMG-20230928-WA0002.jpg\"><img loading=\"lazy\" decoding=\"async\" class=\"wp-image-5239  alignnone\" src=\"https:\/\/agora.xtec.cat\/iesgallecs\/wp-content\/uploads\/usu1971\/2023\/09\/IMG-20230928-WA0002-300x225.jpg\" alt=\"\" width=\"463\" height=\"347\" srcset=\"https:\/\/agora.xtec.cat\/iesgallecs\/wp-content\/uploads\/usu1971\/2023\/09\/IMG-20230928-WA0002-300x225.jpg 300w, https:\/\/agora.xtec.cat\/iesgallecs\/wp-content\/uploads\/usu1971\/2023\/09\/IMG-20230928-WA0002-1024x768.jpg 1024w, https:\/\/agora.xtec.cat\/iesgallecs\/wp-content\/uploads\/usu1971\/2023\/09\/IMG-20230928-WA0002-768x576.jpg 768w, https:\/\/agora.xtec.cat\/iesgallecs\/wp-content\/uploads\/usu1971\/2023\/09\/IMG-20230928-WA0002-1536x1152.jpg 1536w, https:\/\/agora.xtec.cat\/iesgallecs\/wp-content\/uploads\/usu1971\/2023\/09\/IMG-20230928-WA0002-200x150.jpg 200w, https:\/\/agora.xtec.cat\/iesgallecs\/wp-content\/uploads\/usu1971\/2023\/09\/IMG-20230928-WA0002.jpg 2000w\" sizes=\"auto, (max-width: 463px) 100vw, 463px\" \/><\/a><\/div>\n<div><\/div>\n<h6>Al llarg del recorregut, condu\u00eft per la directora Flora V\u00e1zquez, ambdues s&#8217;han mostrat sorpreses gratament per l&#8217;evoluci\u00f3 del centre, des del punt de vista acad\u00e8mic i d&#8217;ensenyament inclusiu i emocional, i ens han felicitat per la incorporaci\u00f3 dels nous cicles i els aven\u00e7os en les instal\u00b7lacions.<\/h6>\n<h6><\/h6>\n<h6><\/h6>\n<div><\/div>\n<h6>Al llarg de la visita s&#8217;han tractat diversos temes relacionats amb les millores que necessita el centre que es puguin tirar endavant des de l&#8217;ajuntament, especialment en trobar solucions per millorar l&#8217;entrada a l&#8217;Institut. Tamb\u00e9 s&#8217;ha parlat de refor\u00e7ar les relacions per col\u00b7laborar m\u00e9s entre els instituts de Mollet i el seu ajuntament.<\/h6>\n<div><\/div>\n<h6><\/h6>\n<h6>Noa Monr\u00e0s, a m\u00e9s d&#8217;Educaci\u00f3, \u00e9s regidora de promoci\u00f3 d&#8217;habitatge p\u00fablic, just\u00edcia ambiental, ecologisme i transici\u00f3 energ\u00e8tica, LGTBI+ i dels barris de Zona Centre i Col\u00b7legis Nous de l&#8217;Ajuntament de Mollet.<\/h6>\n<div><a href=\"https:\/\/agora.xtec.cat\/iesgallecs\/wp-content\/uploads\/usu1971\/2023\/09\/IMG-20230928-WA0003.jpg\"><img loading=\"lazy\" decoding=\"async\" class=\"wp-image-5236  alignnone\" src=\"https:\/\/agora.xtec.cat\/iesgallecs\/wp-content\/uploads\/usu1971\/2023\/09\/IMG-20230928-WA0003-1024x768.jpg\" alt=\"\" width=\"547\" height=\"410\" srcset=\"https:\/\/agora.xtec.cat\/iesgallecs\/wp-content\/uploads\/usu1971\/2023\/09\/IMG-20230928-WA0003-1024x768.jpg 1024w, https:\/\/agora.xtec.cat\/iesgallecs\/wp-content\/uploads\/usu1971\/2023\/09\/IMG-20230928-WA0003-300x225.jpg 300w, https:\/\/agora.xtec.cat\/iesgallecs\/wp-content\/uploads\/usu1971\/2023\/09\/IMG-20230928-WA0003-768x576.jpg 768w, https:\/\/agora.xtec.cat\/iesgallecs\/wp-content\/uploads\/usu1971\/2023\/09\/IMG-20230928-WA0003-1536x1152.jpg 1536w, https:\/\/agora.xtec.cat\/iesgallecs\/wp-content\/uploads\/usu1971\/2023\/09\/IMG-20230928-WA0003-200x150.jpg 200w, https:\/\/agora.xtec.cat\/iesgallecs\/wp-content\/uploads\/usu1971\/2023\/09\/IMG-20230928-WA0003.jpg 2000w\" sizes=\"auto, (max-width: 547px) 100vw, 547px\" \/><\/a><a href=\"https:\/\/agora.xtec.cat\/iesgallecs\/wp-content\/uploads\/usu1971\/2023\/09\/IMG-20230928-WA0005.jpg\"><img loading=\"lazy\" decoding=\"async\" class=\" wp-image-5238 alignnone\" src=\"https:\/\/agora.xtec.cat\/iesgallecs\/wp-content\/uploads\/usu1971\/2023\/09\/IMG-20230928-WA0005.jpg\" alt=\"\" width=\"311\" height=\"415\" srcset=\"https:\/\/agora.xtec.cat\/iesgallecs\/wp-content\/uploads\/usu1971\/2023\/09\/IMG-20230928-WA0005.jpg 1500w, https:\/\/agora.xtec.cat\/iesgallecs\/wp-content\/uploads\/usu1971\/2023\/09\/IMG-20230928-WA0005-225x300.jpg 225w, https:\/\/agora.xtec.cat\/iesgallecs\/wp-content\/uploads\/usu1971\/2023\/09\/IMG-20230928-WA0005-768x1024.jpg 768w, https:\/\/agora.xtec.cat\/iesgallecs\/wp-content\/uploads\/usu1971\/2023\/09\/IMG-20230928-WA0005-1152x1536.jpg 1152w\" sizes=\"auto, (max-width: 311px) 100vw, 311px\" \/><\/a><\/div>\n<div><\/div>\n","protected":false},"excerpt":{"rendered":"<p>La regidora d&#8217;Educaci\u00f3 de l&#8217;ajuntament de Mollet del Vall\u00e8s, Noa Monr\u00e0s, acompanyada de la gerent de l&#8217;Institut Municipal d&#8217;Educaci\u00f3, Sandra Palma, han visitat l&#8217;Institut Gallecs amb la voluntat de con\u00e8ixer la nostra forma de treballar i detectar les possibles necessitats del centre. Al llarg del recorregut, condu\u00eft per la directora Flora V\u00e1zquez, ambdues s&#8217;han mostrat [&hellip;]<\/p>\n","protected":false},"author":36,"featured_media":5237,"comment_status":"closed","ping_status":"closed","sticky":false,"template":"","format":"standard","meta":{"site-sidebar-layout":"default","site-content-layout":"","ast-site-content-layout":"","site-content-style":"default","site-sidebar-style":"default","ast-global-header-display":"","ast-banner-title-visibility":"","ast-main-header-display":"","ast-hfb-above-header-display":"","ast-hfb-below-header-display":"","ast-hfb-mobile-header-display":"","site-post-title":"","ast-breadcrumbs-content":"","ast-featured-img":"","footer-sml-layout":"","theme-transparent-header-meta":"","adv-header-id-meta":"","stick-header-meta":"","header-above-stick-meta":"","header-main-stick-meta":"","header-below-stick-meta":"","astra-migrate-meta-layouts":"default","ast-page-background-enabled":"default","ast-page-background-meta":{"desktop":{"background-color":"var(--ast-global-color-5)","background-image":"","background-repeat":"repeat","background-position":"center center","background-size":"auto","background-attachment":"scroll","background-type":"","background-media":"","overlay-type":"","overlay-color":"","overlay-opacity":"","overlay-gradient":""},"tablet":{"background-color":"","background-image":"","background-repeat":"repeat","background-position":"center center","background-size":"auto","background-attachment":"scroll","background-type":"","background-media":"","overlay-type":"","overlay-color":"","overlay-opacity":"","overlay-gradient":""},"mobile":{"background-color":"","background-image":"","background-repeat":"repeat","background-position":"center center","background-size":"auto","background-attachment":"scroll","background-type":"","background-media":"","overlay-type":"","overlay-color":"","overlay-opacity":"","overlay-gradient":""}},"ast-content-background-meta":{"desktop":{"background-color":"var(--ast-global-color-4)","background-image":"","background-repeat":"repeat","background-position":"center center","background-size":"auto","background-attachment":"scroll","background-type":"","background-media":"","overlay-type":"","overlay-color":"","overlay-opacity":"","overlay-gradient":""},"tablet":{"background-color":"var(--ast-global-color-4)","background-image":"","background-repeat":"repeat","background-position":"center center","background-size":"auto","background-attachment":"scroll","background-type":"","background-media":"","overlay-type":"","overlay-color":"","overlay-opacity":"","overlay-gradient":""},"mobile":{"background-color":"var(--ast-global-color-4)","background-image":"","background-repeat":"repeat","background-position":"center center","background-size":"auto","background-attachment":"scroll","background-type":"","background-media":"","overlay-type":"","overlay-color":"","overlay-opacity":"","overlay-gradient":""}},"footnotes":""},"categories":[1,29],"tags":[],"class_list":["post-5235","post","type-post","status-publish","format-standard","has-post-thumbnail","hentry","category-general","category-portada"],"post_mailing_queue_ids":[],"_links":{"self":[{"href":"https:\/\/agora.xtec.cat\/iesgallecs\/wp-json\/wp\/v2\/posts\/5235","targetHints":{"allow":["GET"]}}],"collection":[{"href":"https:\/\/agora.xtec.cat\/iesgallecs\/wp-json\/wp\/v2\/posts"}],"about":[{"href":"https:\/\/agora.xtec.cat\/iesgallecs\/wp-json\/wp\/v2\/types\/post"}],"author":[{"embeddable":true,"href":"https:\/\/agora.xtec.cat\/iesgallecs\/wp-json\/wp\/v2\/users\/36"}],"replies":[{"embeddable":true,"href":"https:\/\/agora.xtec.cat\/iesgallecs\/wp-json\/wp\/v2\/comments?post=5235"}],"version-history":[{"count":6,"href":"https:\/\/agora.xtec.cat\/iesgallecs\/wp-json\/wp\/v2\/posts\/5235\/revisions"}],"predecessor-version":[{"id":5245,"href":"https:\/\/agora.xtec.cat\/iesgallecs\/wp-json\/wp\/v2\/posts\/5235\/revisions\/5245"}],"wp:featuredmedia":[{"embeddable":true,"href":"https:\/\/agora.xtec.cat\/iesgallecs\/wp-json\/wp\/v2\/media\/5237"}],"wp:attachment":[{"href":"https:\/\/agora.xtec.cat\/iesgallecs\/wp-json\/wp\/v2\/media?parent=5235"}],"wp:term":[{"taxonomy":"category","embeddable":true,"href":"https:\/\/agora.xtec.cat\/iesgallecs\/wp-json\/wp\/v2\/categories?post=5235"},{"taxonomy":"post_tag","embeddable":true,"href":"https:\/\/agora.xtec.cat\/iesgallecs\/wp-json\/wp\/v2\/tags?post=5235"}],"curies":[{"name":"wp","href":"https:\/\/api.w.org\/{rel}","templated":true}]}}