{"id":5229,"date":"2023-09-20T17:32:43","date_gmt":"2023-09-20T15:32:43","guid":{"rendered":"https:\/\/agora.xtec.cat\/iesgallecs\/?p=5229"},"modified":"2023-09-20T17:32:43","modified_gmt":"2023-09-20T15:32:43","slug":"el-canvi-de-model-densenyament-al-claustre-inaugural","status":"publish","type":"post","link":"https:\/\/agora.xtec.cat\/iesgallecs\/general\/el-canvi-de-model-densenyament-al-claustre-inaugural\/","title":{"rendered":"El canvi de model d&#8217;ensenyament, al claustre inaugural"},"content":{"rendered":"<p>Andy Morodo, doctor en psicologia de l&#8217;educaci\u00f3 i un dels grans experts a Catalunya en el canvi de paradigma a l&#8217;ensenyament, ha protagonitzat el claustre inaugural del curs 23-24 a l&#8217;Institut Gallecs. Amb la seva xerrada &#8220;Ensenyament-aprenentatge i avaluaci\u00f3 per compet\u00e8ncies&#8221; ha donat llum als docents perqu\u00e8 puguin adaptar-se als nous criteris.<\/p>\n<p><a href=\"https:\/\/agora.xtec.cat\/iesgallecs\/wp-content\/uploads\/usu1971\/2023\/09\/IMG-20230920-WA0006.jpg\"><img loading=\"lazy\" decoding=\"async\" class=\"aligncenter  wp-image-5230\" src=\"https:\/\/agora.xtec.cat\/iesgallecs\/wp-content\/uploads\/usu1971\/2023\/09\/IMG-20230920-WA0006.jpg\" alt=\"\" width=\"376\" height=\"282\" srcset=\"https:\/\/agora.xtec.cat\/iesgallecs\/wp-content\/uploads\/usu1971\/2023\/09\/IMG-20230920-WA0006.jpg 2000w, https:\/\/agora.xtec.cat\/iesgallecs\/wp-content\/uploads\/usu1971\/2023\/09\/IMG-20230920-WA0006-300x225.jpg 300w, https:\/\/agora.xtec.cat\/iesgallecs\/wp-content\/uploads\/usu1971\/2023\/09\/IMG-20230920-WA0006-1024x768.jpg 1024w, https:\/\/agora.xtec.cat\/iesgallecs\/wp-content\/uploads\/usu1971\/2023\/09\/IMG-20230920-WA0006-768x576.jpg 768w, https:\/\/agora.xtec.cat\/iesgallecs\/wp-content\/uploads\/usu1971\/2023\/09\/IMG-20230920-WA0006-1536x1152.jpg 1536w, https:\/\/agora.xtec.cat\/iesgallecs\/wp-content\/uploads\/usu1971\/2023\/09\/IMG-20230920-WA0006-200x150.jpg 200w\" sizes=\"auto, (max-width: 376px) 100vw, 376px\" \/><\/a><\/p>\n<p>Segons Morodo, el nou decret d&#8217;ordenaci\u00f3 dels ensenyaments de la Generalitat de Catalunya no canvia continguts, sin\u00f3 com s&#8217;avalua. L&#8217;objectiu de l&#8217;avaluaci\u00f3 ja no \u00e9s la teoria sin\u00f3 les compet\u00e8ncies que ha adquirit l&#8217;alumnat per aplicar uns coneixements a la pr\u00e0ctica. Per tal d&#8217;aconseguir-ho, haur\u00e0 d&#8217;assolir reptes que es proposen en diferents situacions d&#8217;aprenentatges on cal que facin servir les eines i sabers que han apr\u00e8s.<\/p>\n<p><a href=\"https:\/\/agora.xtec.cat\/iesgallecs\/wp-content\/uploads\/usu1971\/2023\/09\/IMG-20230920-WA0007.jpg\"><img loading=\"lazy\" decoding=\"async\" class=\"aligncenter  wp-image-5231\" src=\"https:\/\/agora.xtec.cat\/iesgallecs\/wp-content\/uploads\/usu1971\/2023\/09\/IMG-20230920-WA0007.jpg\" alt=\"\" width=\"427\" height=\"320\" srcset=\"https:\/\/agora.xtec.cat\/iesgallecs\/wp-content\/uploads\/usu1971\/2023\/09\/IMG-20230920-WA0007.jpg 2000w, https:\/\/agora.xtec.cat\/iesgallecs\/wp-content\/uploads\/usu1971\/2023\/09\/IMG-20230920-WA0007-300x225.jpg 300w, https:\/\/agora.xtec.cat\/iesgallecs\/wp-content\/uploads\/usu1971\/2023\/09\/IMG-20230920-WA0007-1024x768.jpg 1024w, https:\/\/agora.xtec.cat\/iesgallecs\/wp-content\/uploads\/usu1971\/2023\/09\/IMG-20230920-WA0007-768x576.jpg 768w, https:\/\/agora.xtec.cat\/iesgallecs\/wp-content\/uploads\/usu1971\/2023\/09\/IMG-20230920-WA0007-1536x1152.jpg 1536w, https:\/\/agora.xtec.cat\/iesgallecs\/wp-content\/uploads\/usu1971\/2023\/09\/IMG-20230920-WA0007-200x150.jpg 200w\" sizes=\"auto, (max-width: 427px) 100vw, 427px\" \/><\/a><\/p>\n<p>Al llarg de la xerrada, els docents del centre van poder exposar els seus dubtes i dificultats per tirar endavant amb aquest nou paradigma. Andy Morodo va respondre totes les preguntes i va concloure que l&#8217;objectiu d&#8217;aquest proc\u00e9s d&#8217;aprenentatge \u00e9s que vagi m\u00e9s enll\u00e0 de la teoria, que perduri\u00a0en l&#8217;alumnat i li sigui \u00fatil i significatiu.<\/p>\n","protected":false},"excerpt":{"rendered":"<p>Andy Morodo, doctor en psicologia de l&#8217;educaci\u00f3 i un dels grans experts a Catalunya en el canvi de paradigma a l&#8217;ensenyament, ha protagonitzat el claustre inaugural del curs 23-24 a l&#8217;Institut Gallecs. Amb la seva xerrada &#8220;Ensenyament-aprenentatge i avaluaci\u00f3 per compet\u00e8ncies&#8221; ha donat llum als docents perqu\u00e8 puguin adaptar-se als nous criteris. Segons Morodo, el [&hellip;]<\/p>\n","protected":false},"author":36,"featured_media":5230,"comment_status":"closed","ping_status":"closed","sticky":false,"template":"","format":"standard","meta":{"site-sidebar-layout":"default","site-content-layout":"","ast-site-content-layout":"","site-content-style":"default","site-sidebar-style":"default","ast-global-header-display":"","ast-banner-title-visibility":"","ast-main-header-display":"","ast-hfb-above-header-display":"","ast-hfb-below-header-display":"","ast-hfb-mobile-header-display":"","site-post-title":"","ast-breadcrumbs-content":"","ast-featured-img":"","footer-sml-layout":"","theme-transparent-header-meta":"","adv-header-id-meta":"","stick-header-meta":"","header-above-stick-meta":"","header-main-stick-meta":"","header-below-stick-meta":"","astra-migrate-meta-layouts":"default","ast-page-background-enabled":"default","ast-page-background-meta":{"desktop":{"background-color":"var(--ast-global-color-5)","background-image":"","background-repeat":"repeat","background-position":"center center","background-size":"auto","background-attachment":"scroll","background-type":"","background-media":"","overlay-type":"","overlay-color":"","overlay-opacity":"","overlay-gradient":""},"tablet":{"background-color":"","background-image":"","background-repeat":"repeat","background-position":"center center","background-size":"auto","background-attachment":"scroll","background-type":"","background-media":"","overlay-type":"","overlay-color":"","overlay-opacity":"","overlay-gradient":""},"mobile":{"background-color":"","background-image":"","background-repeat":"repeat","background-position":"center center","background-size":"auto","background-attachment":"scroll","background-type":"","background-media":"","overlay-type":"","overlay-color":"","overlay-opacity":"","overlay-gradient":""}},"ast-content-background-meta":{"desktop":{"background-color":"var(--ast-global-color-4)","background-image":"","background-repeat":"repeat","background-position":"center center","background-size":"auto","background-attachment":"scroll","background-type":"","background-media":"","overlay-type":"","overlay-color":"","overlay-opacity":"","overlay-gradient":""},"tablet":{"background-color":"var(--ast-global-color-4)","background-image":"","background-repeat":"repeat","background-position":"center center","background-size":"auto","background-attachment":"scroll","background-type":"","background-media":"","overlay-type":"","overlay-color":"","overlay-opacity":"","overlay-gradient":""},"mobile":{"background-color":"var(--ast-global-color-4)","background-image":"","background-repeat":"repeat","background-position":"center center","background-size":"auto","background-attachment":"scroll","background-type":"","background-media":"","overlay-type":"","overlay-color":"","overlay-opacity":"","overlay-gradient":""}},"footnotes":""},"categories":[1,29],"tags":[],"class_list":["post-5229","post","type-post","status-publish","format-standard","has-post-thumbnail","hentry","category-general","category-portada"],"post_mailing_queue_ids":[],"_links":{"self":[{"href":"https:\/\/agora.xtec.cat\/iesgallecs\/wp-json\/wp\/v2\/posts\/5229","targetHints":{"allow":["GET"]}}],"collection":[{"href":"https:\/\/agora.xtec.cat\/iesgallecs\/wp-json\/wp\/v2\/posts"}],"about":[{"href":"https:\/\/agora.xtec.cat\/iesgallecs\/wp-json\/wp\/v2\/types\/post"}],"author":[{"embeddable":true,"href":"https:\/\/agora.xtec.cat\/iesgallecs\/wp-json\/wp\/v2\/users\/36"}],"replies":[{"embeddable":true,"href":"https:\/\/agora.xtec.cat\/iesgallecs\/wp-json\/wp\/v2\/comments?post=5229"}],"version-history":[{"count":1,"href":"https:\/\/agora.xtec.cat\/iesgallecs\/wp-json\/wp\/v2\/posts\/5229\/revisions"}],"predecessor-version":[{"id":5232,"href":"https:\/\/agora.xtec.cat\/iesgallecs\/wp-json\/wp\/v2\/posts\/5229\/revisions\/5232"}],"wp:featuredmedia":[{"embeddable":true,"href":"https:\/\/agora.xtec.cat\/iesgallecs\/wp-json\/wp\/v2\/media\/5230"}],"wp:attachment":[{"href":"https:\/\/agora.xtec.cat\/iesgallecs\/wp-json\/wp\/v2\/media?parent=5229"}],"wp:term":[{"taxonomy":"category","embeddable":true,"href":"https:\/\/agora.xtec.cat\/iesgallecs\/wp-json\/wp\/v2\/categories?post=5229"},{"taxonomy":"post_tag","embeddable":true,"href":"https:\/\/agora.xtec.cat\/iesgallecs\/wp-json\/wp\/v2\/tags?post=5229"}],"curies":[{"name":"wp","href":"https:\/\/api.w.org\/{rel}","templated":true}]}}