{"id":5225,"date":"2023-09-19T09:36:05","date_gmt":"2023-09-19T07:36:05","guid":{"rendered":"https:\/\/agora.xtec.cat\/iesgallecs\/?p=5225"},"modified":"2026-01-21T11:00:43","modified_gmt":"2026-01-21T10:00:43","slug":"activitats-extraescolars-2023-2024","status":"publish","type":"post","link":"https:\/\/agora.xtec.cat\/iesgallecs\/portada\/activitats-extraescolars-2023-2024\/","title":{"rendered":"Activitats extraescolars 2025-2026"},"content":{"rendered":"<p><a href=\"https:\/\/agora.xtec.cat\/iesgallecs\/wp-content\/uploads\/usu1971\/2023\/09\/extraescolars-25-26.pdf\" target=\"_blank\" rel=\"noopener\">Participa en el Pla Catal\u00e0 de l&#8217;Esport!<\/a><\/p>\n<p>Els Departaments d&#8217;Ensenyament i de la Presid\u00e8ncia de la Generalitat de Catalunya, aquest \u00faltim mitjan\u00e7ant la Secretaria General de l&#8217;Esport, impulsen el Pla catal\u00e0 d&#8217;esport a l&#8217;escola adre\u00e7at principalment a incrementar la participaci\u00f3 dels joves, tant per als nois i especialment a les noies, en activitats f\u00edsiques i esportives en horari no lectiu en el propi centre educatiu i, alhora, emprar aquestes pr\u00e0ctiques per a la difusi\u00f3 i educaci\u00f3 en valors i per a l&#8217;adquisici\u00f3 d&#8217;h\u00e0bits saludables.<\/p>\n<p><strong>Inscripcions obertes!<\/strong><\/p>\n<p style=\"font-weight: 400;\">Us informen que donem inici a les activitats esportives extraescolars dins el marc del\u00a0<strong>Pla d\u2019Esport a l\u2019Escola<\/strong>.<br \/>\nAquest programa t\u00e9 com a objectiu fomentar h\u00e0bits saludables, el treball en equip i el gaudi de l\u2019activitat f\u00edsica entre els infants i joves del nostre centre.<\/p>\n<p style=\"font-weight: 400;\">Les activitats es coordinen des del Pla d\u2019Esport a l\u2019Escola i compten amb la col\u00b7laboraci\u00f3 de l\u2019empresa\u00a0<strong>Edukidschool<\/strong>, que ens acompanya amb la seva experi\u00e8ncia i professionalitat en l\u2019\u00e0mbit de l\u2019educaci\u00f3 esportiva.<\/p>\n<p style=\"font-weight: 400;\"><a href=\"mailto:info@edukidschool.com\">info@edukidschool.com<\/a><\/p>\n<p style=\"font-weight: 400;\"><strong>657553821<\/strong><\/p>\n<p style=\"font-weight: 400;\">Us animem a participar-hi i a gaudir d\u2019un curs ple de moviment, aprenentatges i diversi\u00f3!<\/p>\n<p>La pr\u00e0ctica esportiva \u00e9s essencial per al desenvolupament integral dels joves, ja que aporta nombrosos beneficis, com ara:<\/p>\n<ul>\n<li><strong>Millora de la salut f\u00edsica i mental.<\/strong><\/li>\n<li><strong>Desenvolupament d\u2019habilitats socials.<\/strong><\/li>\n<li><strong>Disciplina i superaci\u00f3 personal.<\/strong><\/li>\n<li><strong>Millor equilibri entre el rendiment acad\u00e8mic i el benestar personal.<\/strong><\/li>\n<\/ul>\n<p style=\"font-weight: 400;\"><a href=\"https:\/\/agora.xtec.cat\/iesgallecs\/wp-content\/uploads\/usu1971\/2023\/09\/extraescolars-25-26_page-0001.jpg\"><img loading=\"lazy\" decoding=\"async\" class=\"aligncenter size-full wp-image-6715\" src=\"https:\/\/agora.xtec.cat\/iesgallecs\/wp-content\/uploads\/usu1971\/2023\/09\/extraescolars-25-26_page-0001.jpg\" alt=\"\" width=\"1241\" height=\"1755\" srcset=\"https:\/\/agora.xtec.cat\/iesgallecs\/wp-content\/uploads\/usu1971\/2023\/09\/extraescolars-25-26_page-0001.jpg 1241w, https:\/\/agora.xtec.cat\/iesgallecs\/wp-content\/uploads\/usu1971\/2023\/09\/extraescolars-25-26_page-0001-212x300.jpg 212w, https:\/\/agora.xtec.cat\/iesgallecs\/wp-content\/uploads\/usu1971\/2023\/09\/extraescolars-25-26_page-0001-724x1024.jpg 724w, https:\/\/agora.xtec.cat\/iesgallecs\/wp-content\/uploads\/usu1971\/2023\/09\/extraescolars-25-26_page-0001-768x1086.jpg 768w, https:\/\/agora.xtec.cat\/iesgallecs\/wp-content\/uploads\/usu1971\/2023\/09\/extraescolars-25-26_page-0001-1086x1536.jpg 1086w\" sizes=\"auto, (max-width: 1241px) 100vw, 1241px\" \/><\/a><\/p>\n","protected":false},"excerpt":{"rendered":"<p>Participa en el Pla Catal\u00e0 de l&#8217;Esport! Els Departaments d&#8217;Ensenyament i de la Presid\u00e8ncia de la Generalitat de Catalunya, aquest \u00faltim mitjan\u00e7ant la Secretaria General de l&#8217;Esport, impulsen el Pla catal\u00e0 d&#8217;esport a l&#8217;escola adre\u00e7at principalment a incrementar la participaci\u00f3 dels joves, tant per als nois i especialment a les noies, en activitats f\u00edsiques i [&hellip;]<\/p>\n","protected":false},"author":36,"featured_media":6714,"comment_status":"closed","ping_status":"closed","sticky":false,"template":"","format":"standard","meta":{"site-sidebar-layout":"default","site-content-layout":"","ast-site-content-layout":"default","site-content-style":"default","site-sidebar-style":"default","ast-global-header-display":"","ast-banner-title-visibility":"","ast-main-header-display":"","ast-hfb-above-header-display":"","ast-hfb-below-header-display":"","ast-hfb-mobile-header-display":"","site-post-title":"","ast-breadcrumbs-content":"","ast-featured-img":"","footer-sml-layout":"","theme-transparent-header-meta":"default","adv-header-id-meta":"","stick-header-meta":"","header-above-stick-meta":"","header-main-stick-meta":"","header-below-stick-meta":"","astra-migrate-meta-layouts":"set","ast-page-background-enabled":"default","ast-page-background-meta":{"desktop":{"background-color":"var(--ast-global-color-5)","background-image":"","background-repeat":"repeat","background-position":"center center","background-size":"auto","background-attachment":"scroll","background-type":"","background-media":"","overlay-type":"","overlay-color":"","overlay-opacity":"","overlay-gradient":""},"tablet":{"background-color":"","background-image":"","background-repeat":"repeat","background-position":"center center","background-size":"auto","background-attachment":"scroll","background-type":"","background-media":"","overlay-type":"","overlay-color":"","overlay-opacity":"","overlay-gradient":""},"mobile":{"background-color":"","background-image":"","background-repeat":"repeat","background-position":"center center","background-size":"auto","background-attachment":"scroll","background-type":"","background-media":"","overlay-type":"","overlay-color":"","overlay-opacity":"","overlay-gradient":""}},"ast-content-background-meta":{"desktop":{"background-color":"var(--ast-global-color-4)","background-image":"","background-repeat":"repeat","background-position":"center center","background-size":"auto","background-attachment":"scroll","background-type":"","background-media":"","overlay-type":"","overlay-color":"","overlay-opacity":"","overlay-gradient":""},"tablet":{"background-color":"var(--ast-global-color-4)","background-image":"","background-repeat":"repeat","background-position":"center center","background-size":"auto","background-attachment":"scroll","background-type":"","background-media":"","overlay-type":"","overlay-color":"","overlay-opacity":"","overlay-gradient":""},"mobile":{"background-color":"var(--ast-global-color-4)","background-image":"","background-repeat":"repeat","background-position":"center center","background-size":"auto","background-attachment":"scroll","background-type":"","background-media":"","overlay-type":"","overlay-color":"","overlay-opacity":"","overlay-gradient":""}},"footnotes":""},"categories":[29],"tags":[226],"class_list":["post-5225","post","type-post","status-publish","format-standard","has-post-thumbnail","hentry","category-portada","tag-activitats-extraescolars"],"post_mailing_queue_ids":[],"_links":{"self":[{"href":"https:\/\/agora.xtec.cat\/iesgallecs\/wp-json\/wp\/v2\/posts\/5225","targetHints":{"allow":["GET"]}}],"collection":[{"href":"https:\/\/agora.xtec.cat\/iesgallecs\/wp-json\/wp\/v2\/posts"}],"about":[{"href":"https:\/\/agora.xtec.cat\/iesgallecs\/wp-json\/wp\/v2\/types\/post"}],"author":[{"embeddable":true,"href":"https:\/\/agora.xtec.cat\/iesgallecs\/wp-json\/wp\/v2\/users\/36"}],"replies":[{"embeddable":true,"href":"https:\/\/agora.xtec.cat\/iesgallecs\/wp-json\/wp\/v2\/comments?post=5225"}],"version-history":[{"count":6,"href":"https:\/\/agora.xtec.cat\/iesgallecs\/wp-json\/wp\/v2\/posts\/5225\/revisions"}],"predecessor-version":[{"id":7166,"href":"https:\/\/agora.xtec.cat\/iesgallecs\/wp-json\/wp\/v2\/posts\/5225\/revisions\/7166"}],"wp:featuredmedia":[{"embeddable":true,"href":"https:\/\/agora.xtec.cat\/iesgallecs\/wp-json\/wp\/v2\/media\/6714"}],"wp:attachment":[{"href":"https:\/\/agora.xtec.cat\/iesgallecs\/wp-json\/wp\/v2\/media?parent=5225"}],"wp:term":[{"taxonomy":"category","embeddable":true,"href":"https:\/\/agora.xtec.cat\/iesgallecs\/wp-json\/wp\/v2\/categories?post=5225"},{"taxonomy":"post_tag","embeddable":true,"href":"https:\/\/agora.xtec.cat\/iesgallecs\/wp-json\/wp\/v2\/tags?post=5225"}],"curies":[{"name":"wp","href":"https:\/\/api.w.org\/{rel}","templated":true}]}}