{"id":5217,"date":"2023-09-12T21:13:30","date_gmt":"2023-09-12T19:13:30","guid":{"rendered":"https:\/\/agora.xtec.cat\/iesgallecs\/?p=5217"},"modified":"2023-09-12T21:13:30","modified_gmt":"2023-09-12T19:13:30","slug":"linstitut-ja-esta-100-en-marxa","status":"publish","type":"post","link":"https:\/\/agora.xtec.cat\/iesgallecs\/portada\/linstitut-ja-esta-100-en-marxa\/","title":{"rendered":"L&#8217;Institut ja est\u00e0 100% en marxa"},"content":{"rendered":"<p>Amb l&#8217;arribada dels estudiants de Batxillerat i Cicles Formatius, l&#8217;Institut Gallecs entra en ple funcionament en al curs 2023-24. L&#8217;equip directiu, els docents i exalumnes han acollit avui l&#8217;alumnat amb presentacions i xerrades a diverses localitzacions del centre, amb l&#8217;objectiu d&#8217;il\u00b7lusionar pel futur que aviat podran construir amb els seus estudis.<\/p>\n<p><a href=\"https:\/\/agora.xtec.cat\/iesgallecs\/wp-content\/uploads\/usu1971\/2023\/09\/IMG-20230912-WA0006.jpg\"><img loading=\"lazy\" decoding=\"async\" class=\"aligncenter size-full wp-image-5218\" src=\"https:\/\/agora.xtec.cat\/iesgallecs\/wp-content\/uploads\/usu1971\/2023\/09\/IMG-20230912-WA0006.jpg\" alt=\"\" width=\"2048\" height=\"1536\" srcset=\"https:\/\/agora.xtec.cat\/iesgallecs\/wp-content\/uploads\/usu1971\/2023\/09\/IMG-20230912-WA0006.jpg 2048w, https:\/\/agora.xtec.cat\/iesgallecs\/wp-content\/uploads\/usu1971\/2023\/09\/IMG-20230912-WA0006-300x225.jpg 300w, https:\/\/agora.xtec.cat\/iesgallecs\/wp-content\/uploads\/usu1971\/2023\/09\/IMG-20230912-WA0006-1024x768.jpg 1024w, https:\/\/agora.xtec.cat\/iesgallecs\/wp-content\/uploads\/usu1971\/2023\/09\/IMG-20230912-WA0006-768x576.jpg 768w, https:\/\/agora.xtec.cat\/iesgallecs\/wp-content\/uploads\/usu1971\/2023\/09\/IMG-20230912-WA0006-1536x1152.jpg 1536w, https:\/\/agora.xtec.cat\/iesgallecs\/wp-content\/uploads\/usu1971\/2023\/09\/IMG-20230912-WA0006-200x150.jpg 200w\" sizes=\"auto, (max-width: 2048px) 100vw, 2048px\" \/><\/a><\/p>\n<p>Aquest any la novetat ha estat el cicle de t\u00e8cnic o t\u00e8cnica superior en Anatomia patol\u00f2gica i Citodiagn\u00f2stic. La novetat del curs passat es\u00a0consolida: t\u00e8cnic o t\u00e8cnica superior en Higiene Bucodental. La resta de cicles formatius s\u00f3n, de grau mitj\u00e0: t\u00e8cnic o t\u00e8cnica en Atenci\u00f3 a les Persones en Situaci\u00f3 de Depend\u00e8ncia; t\u00e8cnic o t\u00e8cnica en Cures Auxiliars\u00a0d\u2019Infermeria; t\u00e8cnic o t\u00e8cnica en Farm\u00e0cia i Parafarm\u00e0cia: i t\u00e8cnic o t\u00e8cnica en Gesti\u00f3 Administrativa. Pel que fa a grau superior, t\u00e8cnic o t\u00e8cnica en Educaci\u00f3 Infantil; t\u00e8cnic o t\u00e8cnica en Integraci\u00f3 Social; t\u00e8cnic o t\u00e8cnica superior en Administraci\u00f3 i Finances; t\u00e8cnic o t\u00e8cnica superior en Documentaci\u00f3 i Administraci\u00f3 Sanit\u00e0ries.<\/p>\n<p><a href=\"https:\/\/agora.xtec.cat\/iesgallecs\/wp-content\/uploads\/usu1971\/2023\/09\/IMG-20230912-WA0005.jpg\"><img loading=\"lazy\" decoding=\"async\" class=\"aligncenter size-full wp-image-5219\" src=\"https:\/\/agora.xtec.cat\/iesgallecs\/wp-content\/uploads\/usu1971\/2023\/09\/IMG-20230912-WA0005.jpg\" alt=\"\" width=\"2048\" height=\"1536\" srcset=\"https:\/\/agora.xtec.cat\/iesgallecs\/wp-content\/uploads\/usu1971\/2023\/09\/IMG-20230912-WA0005.jpg 2048w, https:\/\/agora.xtec.cat\/iesgallecs\/wp-content\/uploads\/usu1971\/2023\/09\/IMG-20230912-WA0005-300x225.jpg 300w, https:\/\/agora.xtec.cat\/iesgallecs\/wp-content\/uploads\/usu1971\/2023\/09\/IMG-20230912-WA0005-1024x768.jpg 1024w, https:\/\/agora.xtec.cat\/iesgallecs\/wp-content\/uploads\/usu1971\/2023\/09\/IMG-20230912-WA0005-768x576.jpg 768w, https:\/\/agora.xtec.cat\/iesgallecs\/wp-content\/uploads\/usu1971\/2023\/09\/IMG-20230912-WA0005-1536x1152.jpg 1536w, https:\/\/agora.xtec.cat\/iesgallecs\/wp-content\/uploads\/usu1971\/2023\/09\/IMG-20230912-WA0005-200x150.jpg 200w\" sizes=\"auto, (max-width: 2048px) 100vw, 2048px\" \/><\/a><\/p>\n<p>&nbsp;<\/p>\n<p>Sort i bona feina per als nostres estudiants!<\/p>\n","protected":false},"excerpt":{"rendered":"<p>Amb l&#8217;arribada dels estudiants de Batxillerat i Cicles Formatius, l&#8217;Institut Gallecs entra en ple funcionament en al curs 2023-24. L&#8217;equip directiu, els docents i exalumnes han acollit avui l&#8217;alumnat amb presentacions i xerrades a diverses localitzacions del centre, amb l&#8217;objectiu d&#8217;il\u00b7lusionar pel futur que aviat podran construir amb els seus estudis. Aquest any la novetat [&hellip;]<\/p>\n","protected":false},"author":36,"featured_media":5219,"comment_status":"closed","ping_status":"closed","sticky":false,"template":"","format":"standard","meta":{"site-sidebar-layout":"default","site-content-layout":"","ast-site-content-layout":"","site-content-style":"default","site-sidebar-style":"default","ast-global-header-display":"","ast-banner-title-visibility":"","ast-main-header-display":"","ast-hfb-above-header-display":"","ast-hfb-below-header-display":"","ast-hfb-mobile-header-display":"","site-post-title":"","ast-breadcrumbs-content":"","ast-featured-img":"","footer-sml-layout":"","theme-transparent-header-meta":"","adv-header-id-meta":"","stick-header-meta":"","header-above-stick-meta":"","header-main-stick-meta":"","header-below-stick-meta":"","astra-migrate-meta-layouts":"default","ast-page-background-enabled":"default","ast-page-background-meta":{"desktop":{"background-color":"var(--ast-global-color-5)","background-image":"","background-repeat":"repeat","background-position":"center center","background-size":"auto","background-attachment":"scroll","background-type":"","background-media":"","overlay-type":"","overlay-color":"","overlay-opacity":"","overlay-gradient":""},"tablet":{"background-color":"","background-image":"","background-repeat":"repeat","background-position":"center center","background-size":"auto","background-attachment":"scroll","background-type":"","background-media":"","overlay-type":"","overlay-color":"","overlay-opacity":"","overlay-gradient":""},"mobile":{"background-color":"","background-image":"","background-repeat":"repeat","background-position":"center center","background-size":"auto","background-attachment":"scroll","background-type":"","background-media":"","overlay-type":"","overlay-color":"","overlay-opacity":"","overlay-gradient":""}},"ast-content-background-meta":{"desktop":{"background-color":"var(--ast-global-color-4)","background-image":"","background-repeat":"repeat","background-position":"center center","background-size":"auto","background-attachment":"scroll","background-type":"","background-media":"","overlay-type":"","overlay-color":"","overlay-opacity":"","overlay-gradient":""},"tablet":{"background-color":"var(--ast-global-color-4)","background-image":"","background-repeat":"repeat","background-position":"center center","background-size":"auto","background-attachment":"scroll","background-type":"","background-media":"","overlay-type":"","overlay-color":"","overlay-opacity":"","overlay-gradient":""},"mobile":{"background-color":"var(--ast-global-color-4)","background-image":"","background-repeat":"repeat","background-position":"center center","background-size":"auto","background-attachment":"scroll","background-type":"","background-media":"","overlay-type":"","overlay-color":"","overlay-opacity":"","overlay-gradient":""}},"footnotes":""},"categories":[29],"tags":[],"class_list":["post-5217","post","type-post","status-publish","format-standard","has-post-thumbnail","hentry","category-portada"],"post_mailing_queue_ids":[],"_links":{"self":[{"href":"https:\/\/agora.xtec.cat\/iesgallecs\/wp-json\/wp\/v2\/posts\/5217","targetHints":{"allow":["GET"]}}],"collection":[{"href":"https:\/\/agora.xtec.cat\/iesgallecs\/wp-json\/wp\/v2\/posts"}],"about":[{"href":"https:\/\/agora.xtec.cat\/iesgallecs\/wp-json\/wp\/v2\/types\/post"}],"author":[{"embeddable":true,"href":"https:\/\/agora.xtec.cat\/iesgallecs\/wp-json\/wp\/v2\/users\/36"}],"replies":[{"embeddable":true,"href":"https:\/\/agora.xtec.cat\/iesgallecs\/wp-json\/wp\/v2\/comments?post=5217"}],"version-history":[{"count":1,"href":"https:\/\/agora.xtec.cat\/iesgallecs\/wp-json\/wp\/v2\/posts\/5217\/revisions"}],"predecessor-version":[{"id":5220,"href":"https:\/\/agora.xtec.cat\/iesgallecs\/wp-json\/wp\/v2\/posts\/5217\/revisions\/5220"}],"wp:featuredmedia":[{"embeddable":true,"href":"https:\/\/agora.xtec.cat\/iesgallecs\/wp-json\/wp\/v2\/media\/5219"}],"wp:attachment":[{"href":"https:\/\/agora.xtec.cat\/iesgallecs\/wp-json\/wp\/v2\/media?parent=5217"}],"wp:term":[{"taxonomy":"category","embeddable":true,"href":"https:\/\/agora.xtec.cat\/iesgallecs\/wp-json\/wp\/v2\/categories?post=5217"},{"taxonomy":"post_tag","embeddable":true,"href":"https:\/\/agora.xtec.cat\/iesgallecs\/wp-json\/wp\/v2\/tags?post=5217"}],"curies":[{"name":"wp","href":"https:\/\/api.w.org\/{rel}","templated":true}]}}