{"id":5183,"date":"2023-09-06T09:47:56","date_gmt":"2023-09-06T07:47:56","guid":{"rendered":"https:\/\/agora.xtec.cat\/iesgallecs\/?p=5183"},"modified":"2023-09-14T09:54:54","modified_gmt":"2023-09-14T07:54:54","slug":"inici-de-curs-23-24-batxillerat-i-cicles-formatius","status":"publish","type":"post","link":"https:\/\/agora.xtec.cat\/iesgallecs\/general\/inici-de-curs-23-24-batxillerat-i-cicles-formatius\/","title":{"rendered":"Inici de curs 23-24 Batxillerat i Cicles formatius"},"content":{"rendered":"<p>Benvolgudes fam\u00edlies i alumnes,<\/p>\n<p>Us informem que el curs 23-24 s&#8217;iniciar\u00e0 el 12 de setembre del 2023 per a l&#8217;alumnat de 1r i 2n de Batxillerat i Cicles Formatius de Grau Mitj\u00e0 i Superior.<\/p>\n<p>En els seg\u00fcents links trobareu el marc horari d&#8217;entrada i sortida per al dia 12 de Setembre. Tot l&#8217;alumnat rebr\u00e0 una confer\u00e8ncia inaugural relacionada amb el seu \u00e0mbit d&#8217;estudi i far\u00e0 la primera sessi\u00f3 de tutoria.<\/p>\n<p><strong><span style=\"background-color: #00ffff;\"><mark><a style=\"background-color: #00ffff;\" href=\"https:\/\/agora.xtec.cat\/iesgallecs\/wp-content\/uploads\/usu1971\/2023\/09\/PRIMER-DIA-1R-I-2N-BATX-CURS-23-24.pdf\" target=\"_blank\" rel=\"noopener\">PRIMER DIA 1R I 2N BATX CURS 23-24<\/a><\/mark><\/span><\/strong><\/p>\n<p><span style=\"background-color: #ff99cc;\"><strong><a style=\"background-color: #ff99cc;\" href=\"https:\/\/agora.xtec.cat\/iesgallecs\/wp-content\/uploads\/usu1971\/2023\/09\/PRIMER-DIA-CICLES-FORMATIUS-GRAU-MITJA-CURS-23-24-2.pdf\">PRIMER DIA CICLES FORMATIUS GRAU MITJ\u00c0 CURS 23-24<\/a><\/strong><\/span><\/p>\n<p><strong><span style=\"background-color: #00ff00;\"><a style=\"background-color: #00ff00;\" href=\"https:\/\/agora.xtec.cat\/iesgallecs\/wp-content\/uploads\/usu1971\/2023\/09\/PRIMER-DIA-CICLES-FORMATIUS-GRAU-SUPERIOR-CURS-23-24.pdf\" target=\"_blank\" rel=\"noopener\">PRIMER DIA CICLES FORMATIUS GRAU SUPERIOR CURS 23-24<\/a> <\/span><\/strong><\/p>\n<p><strong><span style=\"background-color: #ffff99;\"><a style=\"background-color: #ffff99;\" href=\"https:\/\/agora.xtec.cat\/iesgallecs\/wp-content\/uploads\/usu1971\/2023\/09\/CONFERENCIES-INAUGURALS-12-SETEMBRE.pdf\" target=\"_blank\" rel=\"noopener\">CONFERENCIES INAUGURALS 12 SETEMBRE<\/a><\/span><\/strong><\/p>\n<p><a href=\"https:\/\/agora.xtec.cat\/iesgallecs\/wp-content\/uploads\/usu1971\/2023\/09\/Poster-cartel-Inicio-Vuelta-al-Cole-Multicolor-mida-web.png\"><img loading=\"lazy\" decoding=\"async\" class=\"aligncenter size-full wp-image-5206\" src=\"https:\/\/agora.xtec.cat\/iesgallecs\/wp-content\/uploads\/usu1971\/2023\/09\/Poster-cartel-Inicio-Vuelta-al-Cole-Multicolor-mida-web.png\" alt=\"\" width=\"895\" height=\"1305\" srcset=\"https:\/\/agora.xtec.cat\/iesgallecs\/wp-content\/uploads\/usu1971\/2023\/09\/Poster-cartel-Inicio-Vuelta-al-Cole-Multicolor-mida-web.png 895w, https:\/\/agora.xtec.cat\/iesgallecs\/wp-content\/uploads\/usu1971\/2023\/09\/Poster-cartel-Inicio-Vuelta-al-Cole-Multicolor-mida-web-206x300.png 206w, https:\/\/agora.xtec.cat\/iesgallecs\/wp-content\/uploads\/usu1971\/2023\/09\/Poster-cartel-Inicio-Vuelta-al-Cole-Multicolor-mida-web-702x1024.png 702w, https:\/\/agora.xtec.cat\/iesgallecs\/wp-content\/uploads\/usu1971\/2023\/09\/Poster-cartel-Inicio-Vuelta-al-Cole-Multicolor-mida-web-768x1120.png 768w\" sizes=\"auto, (max-width: 895px) 100vw, 895px\" \/><\/a><\/p>\n<p>&nbsp;<\/p>\n","protected":false},"excerpt":{"rendered":"<p>Benvolgudes fam\u00edlies i alumnes, Us informem que el curs 23-24 s&#8217;iniciar\u00e0 el 12 de setembre del 2023 per a l&#8217;alumnat de 1r i 2n de Batxillerat i Cicles Formatius de Grau Mitj\u00e0 i Superior. En els seg\u00fcents links trobareu el marc horari d&#8217;entrada i sortida per al dia 12 de Setembre. Tot l&#8217;alumnat rebr\u00e0 una [&hellip;]<\/p>\n","protected":false},"author":36,"featured_media":5205,"comment_status":"closed","ping_status":"closed","sticky":false,"template":"","format":"standard","meta":{"site-sidebar-layout":"default","site-content-layout":"","ast-site-content-layout":"","site-content-style":"default","site-sidebar-style":"default","ast-global-header-display":"","ast-banner-title-visibility":"","ast-main-header-display":"","ast-hfb-above-header-display":"","ast-hfb-below-header-display":"","ast-hfb-mobile-header-display":"","site-post-title":"","ast-breadcrumbs-content":"","ast-featured-img":"","footer-sml-layout":"","theme-transparent-header-meta":"","adv-header-id-meta":"","stick-header-meta":"","header-above-stick-meta":"","header-main-stick-meta":"","header-below-stick-meta":"","astra-migrate-meta-layouts":"default","ast-page-background-enabled":"default","ast-page-background-meta":{"desktop":{"background-color":"var(--ast-global-color-5)","background-image":"","background-repeat":"repeat","background-position":"center center","background-size":"auto","background-attachment":"scroll","background-type":"","background-media":"","overlay-type":"","overlay-color":"","overlay-opacity":"","overlay-gradient":""},"tablet":{"background-color":"","background-image":"","background-repeat":"repeat","background-position":"center center","background-size":"auto","background-attachment":"scroll","background-type":"","background-media":"","overlay-type":"","overlay-color":"","overlay-opacity":"","overlay-gradient":""},"mobile":{"background-color":"","background-image":"","background-repeat":"repeat","background-position":"center center","background-size":"auto","background-attachment":"scroll","background-type":"","background-media":"","overlay-type":"","overlay-color":"","overlay-opacity":"","overlay-gradient":""}},"ast-content-background-meta":{"desktop":{"background-color":"var(--ast-global-color-4)","background-image":"","background-repeat":"repeat","background-position":"center center","background-size":"auto","background-attachment":"scroll","background-type":"","background-media":"","overlay-type":"","overlay-color":"","overlay-opacity":"","overlay-gradient":""},"tablet":{"background-color":"var(--ast-global-color-4)","background-image":"","background-repeat":"repeat","background-position":"center center","background-size":"auto","background-attachment":"scroll","background-type":"","background-media":"","overlay-type":"","overlay-color":"","overlay-opacity":"","overlay-gradient":""},"mobile":{"background-color":"var(--ast-global-color-4)","background-image":"","background-repeat":"repeat","background-position":"center center","background-size":"auto","background-attachment":"scroll","background-type":"","background-media":"","overlay-type":"","overlay-color":"","overlay-opacity":"","overlay-gradient":""}},"footnotes":""},"categories":[1],"tags":[],"class_list":["post-5183","post","type-post","status-publish","format-standard","has-post-thumbnail","hentry","category-general"],"post_mailing_queue_ids":[],"_links":{"self":[{"href":"https:\/\/agora.xtec.cat\/iesgallecs\/wp-json\/wp\/v2\/posts\/5183","targetHints":{"allow":["GET"]}}],"collection":[{"href":"https:\/\/agora.xtec.cat\/iesgallecs\/wp-json\/wp\/v2\/posts"}],"about":[{"href":"https:\/\/agora.xtec.cat\/iesgallecs\/wp-json\/wp\/v2\/types\/post"}],"author":[{"embeddable":true,"href":"https:\/\/agora.xtec.cat\/iesgallecs\/wp-json\/wp\/v2\/users\/36"}],"replies":[{"embeddable":true,"href":"https:\/\/agora.xtec.cat\/iesgallecs\/wp-json\/wp\/v2\/comments?post=5183"}],"version-history":[{"count":3,"href":"https:\/\/agora.xtec.cat\/iesgallecs\/wp-json\/wp\/v2\/posts\/5183\/revisions"}],"predecessor-version":[{"id":5216,"href":"https:\/\/agora.xtec.cat\/iesgallecs\/wp-json\/wp\/v2\/posts\/5183\/revisions\/5216"}],"wp:featuredmedia":[{"embeddable":true,"href":"https:\/\/agora.xtec.cat\/iesgallecs\/wp-json\/wp\/v2\/media\/5205"}],"wp:attachment":[{"href":"https:\/\/agora.xtec.cat\/iesgallecs\/wp-json\/wp\/v2\/media?parent=5183"}],"wp:term":[{"taxonomy":"category","embeddable":true,"href":"https:\/\/agora.xtec.cat\/iesgallecs\/wp-json\/wp\/v2\/categories?post=5183"},{"taxonomy":"post_tag","embeddable":true,"href":"https:\/\/agora.xtec.cat\/iesgallecs\/wp-json\/wp\/v2\/tags?post=5183"}],"curies":[{"name":"wp","href":"https:\/\/api.w.org\/{rel}","templated":true}]}}