{"id":5149,"date":"2023-07-24T11:53:10","date_gmt":"2023-07-24T09:53:10","guid":{"rendered":"https:\/\/agora.xtec.cat\/iesgallecs\/?p=5149"},"modified":"2023-07-24T12:15:19","modified_gmt":"2023-07-24T10:15:19","slug":"segona-fase-dadmissio-a-cicles-formatius-de-grau-mitja","status":"publish","type":"post","link":"https:\/\/agora.xtec.cat\/iesgallecs\/general\/segona-fase-dadmissio-a-cicles-formatius-de-grau-mitja\/","title":{"rendered":"Segona fase d&#8217;admissi\u00f3 a cicles formatius de grau mitj\u00e0"},"content":{"rendered":"<p>Les persones que no teniu pla\u00e7a a cap centre rebreu un correu electr\u00f2nic del GEDAC amb un enlla\u00e7 per fer una nova preinscripci\u00f3.<\/p>\n<p>El per\u00edode per presentar l\u2019ampliaci\u00f3 de sol\u00b7licituds en aquesta segona fase \u00e9s\u00a0del\u00a0<span style=\"color: #ff0000;\"><strong>25\u00a0al 27 de juliol de 2023<\/strong>.<\/span><\/p>\n<p>L\u2019assignaci\u00f3 de places sortir\u00e0 el 31 de juliol de 2023, podeu fer la consulta al seg\u00fcent enlla\u00e7:\u00a0 <a href=\"https:\/\/preinscripcio.gencat.cat\/ca\/estudis\/fp-grau-mitja\/preinscriute\/segona-fase-admissio\/\">https:\/\/preinscripcio.gencat.cat\/ca\/estudis\/fp-grau-mitja\/preinscriute\/segona-fase-admissio\/<\/a><\/p>\n<p><strong>El per\u00edode de matriculaci\u00f3 ser\u00e0 del l\u20191 al 5 de setembre de 2023<\/strong>, recordeu que la no formalitzaci\u00f3 de la matr\u00edcula comporta la p\u00e8rdua de la pla\u00e7a. Les persones assignades rebran un correu electr\u00f2nic amb les indicacions i un link d\u2019acc\u00e9s al formulari per la formalitzaci\u00f3 de la matr\u00edcula.<\/p>\n<p>&nbsp;<\/p>\n<p>VACANTS<\/p>\n<table>\n<tbody>\n<tr>\n<td width=\"395\">Cures Auxiliars d\u2019Infermeria. Torn Mat\u00ed<\/td>\n<td width=\"182\">0\u00a0 vacants<\/td>\n<\/tr>\n<tr>\n<td width=\"395\">Cures Auxiliars d\u2019Infermeria. Torn Tarda<\/td>\n<td width=\"182\">5 vacants<\/td>\n<\/tr>\n<tr>\n<td width=\"395\">Farm\u00e0cia i parafarm\u00e0cia. Torn Tarda<\/td>\n<td width=\"182\">12 vacants<\/td>\n<\/tr>\n<tr>\n<td width=\"395\">Atenci\u00f3 Persones en Situaci\u00f3 de Depend\u00e8ncia. Torn tarda<\/td>\n<td width=\"182\">0\u00a0 vacants<\/td>\n<\/tr>\n<tr>\n<td width=\"395\">Gesti\u00f3 Administrativa. Torn mat\u00ed<\/td>\n<td width=\"182\">5 vacants<\/td>\n<\/tr>\n<\/tbody>\n<\/table>\n<p>&nbsp;<\/p>\n","protected":false},"excerpt":{"rendered":"<p>Les persones que no teniu pla\u00e7a a cap centre rebreu un correu electr\u00f2nic del GEDAC amb un enlla\u00e7 per fer una nova preinscripci\u00f3. El per\u00edode per presentar l\u2019ampliaci\u00f3 de sol\u00b7licituds en aquesta segona fase \u00e9s\u00a0del\u00a025\u00a0al 27 de juliol de 2023. L\u2019assignaci\u00f3 de places sortir\u00e0 el 31 de juliol de 2023, podeu fer la consulta al [&hellip;]<\/p>\n","protected":false},"author":36,"featured_media":5153,"comment_status":"closed","ping_status":"closed","sticky":false,"template":"","format":"standard","meta":{"site-sidebar-layout":"default","site-content-layout":"","ast-site-content-layout":"","site-content-style":"default","site-sidebar-style":"default","ast-global-header-display":"","ast-banner-title-visibility":"","ast-main-header-display":"","ast-hfb-above-header-display":"","ast-hfb-below-header-display":"","ast-hfb-mobile-header-display":"","site-post-title":"","ast-breadcrumbs-content":"","ast-featured-img":"","footer-sml-layout":"","theme-transparent-header-meta":"","adv-header-id-meta":"","stick-header-meta":"","header-above-stick-meta":"","header-main-stick-meta":"","header-below-stick-meta":"","astra-migrate-meta-layouts":"default","ast-page-background-enabled":"default","ast-page-background-meta":{"desktop":{"background-color":"var(--ast-global-color-5)","background-image":"","background-repeat":"repeat","background-position":"center center","background-size":"auto","background-attachment":"scroll","background-type":"","background-media":"","overlay-type":"","overlay-color":"","overlay-opacity":"","overlay-gradient":""},"tablet":{"background-color":"","background-image":"","background-repeat":"repeat","background-position":"center center","background-size":"auto","background-attachment":"scroll","background-type":"","background-media":"","overlay-type":"","overlay-color":"","overlay-opacity":"","overlay-gradient":""},"mobile":{"background-color":"","background-image":"","background-repeat":"repeat","background-position":"center center","background-size":"auto","background-attachment":"scroll","background-type":"","background-media":"","overlay-type":"","overlay-color":"","overlay-opacity":"","overlay-gradient":""}},"ast-content-background-meta":{"desktop":{"background-color":"var(--ast-global-color-4)","background-image":"","background-repeat":"repeat","background-position":"center center","background-size":"auto","background-attachment":"scroll","background-type":"","background-media":"","overlay-type":"","overlay-color":"","overlay-opacity":"","overlay-gradient":""},"tablet":{"background-color":"var(--ast-global-color-4)","background-image":"","background-repeat":"repeat","background-position":"center center","background-size":"auto","background-attachment":"scroll","background-type":"","background-media":"","overlay-type":"","overlay-color":"","overlay-opacity":"","overlay-gradient":""},"mobile":{"background-color":"var(--ast-global-color-4)","background-image":"","background-repeat":"repeat","background-position":"center center","background-size":"auto","background-attachment":"scroll","background-type":"","background-media":"","overlay-type":"","overlay-color":"","overlay-opacity":"","overlay-gradient":""}},"footnotes":""},"categories":[1,29],"tags":[193,219],"class_list":["post-5149","post","type-post","status-publish","format-standard","has-post-thumbnail","hentry","category-general","category-portada","tag-cicles-formatius","tag-matricula"],"post_mailing_queue_ids":[],"_links":{"self":[{"href":"https:\/\/agora.xtec.cat\/iesgallecs\/wp-json\/wp\/v2\/posts\/5149","targetHints":{"allow":["GET"]}}],"collection":[{"href":"https:\/\/agora.xtec.cat\/iesgallecs\/wp-json\/wp\/v2\/posts"}],"about":[{"href":"https:\/\/agora.xtec.cat\/iesgallecs\/wp-json\/wp\/v2\/types\/post"}],"author":[{"embeddable":true,"href":"https:\/\/agora.xtec.cat\/iesgallecs\/wp-json\/wp\/v2\/users\/36"}],"replies":[{"embeddable":true,"href":"https:\/\/agora.xtec.cat\/iesgallecs\/wp-json\/wp\/v2\/comments?post=5149"}],"version-history":[{"count":2,"href":"https:\/\/agora.xtec.cat\/iesgallecs\/wp-json\/wp\/v2\/posts\/5149\/revisions"}],"predecessor-version":[{"id":5152,"href":"https:\/\/agora.xtec.cat\/iesgallecs\/wp-json\/wp\/v2\/posts\/5149\/revisions\/5152"}],"wp:featuredmedia":[{"embeddable":true,"href":"https:\/\/agora.xtec.cat\/iesgallecs\/wp-json\/wp\/v2\/media\/5153"}],"wp:attachment":[{"href":"https:\/\/agora.xtec.cat\/iesgallecs\/wp-json\/wp\/v2\/media?parent=5149"}],"wp:term":[{"taxonomy":"category","embeddable":true,"href":"https:\/\/agora.xtec.cat\/iesgallecs\/wp-json\/wp\/v2\/categories?post=5149"},{"taxonomy":"post_tag","embeddable":true,"href":"https:\/\/agora.xtec.cat\/iesgallecs\/wp-json\/wp\/v2\/tags?post=5149"}],"curies":[{"name":"wp","href":"https:\/\/api.w.org\/{rel}","templated":true}]}}