{"id":4886,"date":"2023-04-13T10:31:56","date_gmt":"2023-04-13T08:31:56","guid":{"rendered":"https:\/\/agora.xtec.cat\/iesgallecs\/?p=4886"},"modified":"2023-04-17T08:29:32","modified_gmt":"2023-04-17T06:29:32","slug":"la-veu-de-gallecs-es-noticia","status":"publish","type":"post","link":"https:\/\/agora.xtec.cat\/iesgallecs\/portada\/la-veu-de-gallecs-es-noticia\/","title":{"rendered":"La Veu de Gallecs \u00e9s not\u00edcia!"},"content":{"rendered":"<p>La televisi\u00f3 Vall\u00e8s Visi\u00f3 ha em\u00e8s un reportatge sobre la revista digital del nostre Institut, protagonitzada pel Consell de Redacci\u00f3 de l&#8217;alumnat del 3G2. La gravaci\u00f3 va coincidir amb l&#8217;entrevista que la periodista Emma Balea ens va fer dins del programa &#8220;Posa&#8217;t les piles&#8221; de R\u00e0dio Mollet. I \u00e9s que La Veu de Gallecs agrada!<\/p>\n<p><a href=\"https:\/\/www.vallesvisio.cat\/alumnes-de-tercer-deso-de-lins-gallecs-de-mollet-donen-contingut-a-la-veu-de-gallecs\/\">https:\/\/www.vallesvisio.cat\/alumnes-de-tercer-deso-de-lins-gallecs-de-mollet-donen-contingut-a-la-veu-de-gallecs\/<\/a><\/p>\n<p><a href=\"https:\/\/agora.xtec.cat\/iesgallecs\/wp-content\/uploads\/usu1971\/2023\/04\/NOTICIA-LA-VEU-DE-GALLECS.jpg\"><img loading=\"lazy\" decoding=\"async\" class=\"aligncenter  wp-image-4903\" src=\"https:\/\/agora.xtec.cat\/iesgallecs\/wp-content\/uploads\/usu1971\/2023\/04\/NOTICIA-LA-VEU-DE-GALLECS.jpg\" alt=\"\" width=\"858\" height=\"644\" srcset=\"https:\/\/agora.xtec.cat\/iesgallecs\/wp-content\/uploads\/usu1971\/2023\/04\/NOTICIA-LA-VEU-DE-GALLECS.jpg 1600w, https:\/\/agora.xtec.cat\/iesgallecs\/wp-content\/uploads\/usu1971\/2023\/04\/NOTICIA-LA-VEU-DE-GALLECS-300x225.jpg 300w, https:\/\/agora.xtec.cat\/iesgallecs\/wp-content\/uploads\/usu1971\/2023\/04\/NOTICIA-LA-VEU-DE-GALLECS-1024x768.jpg 1024w, https:\/\/agora.xtec.cat\/iesgallecs\/wp-content\/uploads\/usu1971\/2023\/04\/NOTICIA-LA-VEU-DE-GALLECS-768x576.jpg 768w, https:\/\/agora.xtec.cat\/iesgallecs\/wp-content\/uploads\/usu1971\/2023\/04\/NOTICIA-LA-VEU-DE-GALLECS-1536x1152.jpg 1536w, https:\/\/agora.xtec.cat\/iesgallecs\/wp-content\/uploads\/usu1971\/2023\/04\/NOTICIA-LA-VEU-DE-GALLECS-200x150.jpg 200w\" sizes=\"auto, (max-width: 858px) 100vw, 858px\" \/><\/a><\/p>\n<p>&nbsp;<\/p>\n<p><a href=\"https:\/\/agora.xtec.cat\/iesgallecs\/wp-content\/uploads\/usu1971\/2023\/04\/Logo_Revista_Horitzontal.jpg\"><img loading=\"lazy\" decoding=\"async\" class=\"aligncenter size-full wp-image-4887\" src=\"https:\/\/agora.xtec.cat\/iesgallecs\/wp-content\/uploads\/usu1971\/2023\/04\/Logo_Revista_Horitzontal.jpg\" alt=\"\" width=\"560\" height=\"263\" srcset=\"https:\/\/agora.xtec.cat\/iesgallecs\/wp-content\/uploads\/usu1971\/2023\/04\/Logo_Revista_Horitzontal.jpg 560w, https:\/\/agora.xtec.cat\/iesgallecs\/wp-content\/uploads\/usu1971\/2023\/04\/Logo_Revista_Horitzontal-300x141.jpg 300w\" sizes=\"auto, (max-width: 560px) 100vw, 560px\" \/><\/a><\/p>\n<p>&nbsp;<\/p>\n","protected":false},"excerpt":{"rendered":"<p>La televisi\u00f3 Vall\u00e8s Visi\u00f3 ha em\u00e8s un reportatge sobre la revista digital del nostre Institut, protagonitzada pel Consell de Redacci\u00f3 de l&#8217;alumnat del 3G2. La gravaci\u00f3 va coincidir amb l&#8217;entrevista que la periodista Emma Balea ens va fer dins del programa &#8220;Posa&#8217;t les piles&#8221; de R\u00e0dio Mollet. I \u00e9s que La Veu de Gallecs agrada! [&hellip;]<\/p>\n","protected":false},"author":36,"featured_media":4887,"comment_status":"closed","ping_status":"closed","sticky":false,"template":"","format":"standard","meta":{"site-sidebar-layout":"default","site-content-layout":"","ast-site-content-layout":"","site-content-style":"default","site-sidebar-style":"default","ast-global-header-display":"","ast-banner-title-visibility":"","ast-main-header-display":"","ast-hfb-above-header-display":"","ast-hfb-below-header-display":"","ast-hfb-mobile-header-display":"","site-post-title":"","ast-breadcrumbs-content":"","ast-featured-img":"","footer-sml-layout":"","theme-transparent-header-meta":"","adv-header-id-meta":"","stick-header-meta":"","header-above-stick-meta":"","header-main-stick-meta":"","header-below-stick-meta":"","astra-migrate-meta-layouts":"default","ast-page-background-enabled":"default","ast-page-background-meta":{"desktop":{"background-color":"var(--ast-global-color-5)","background-image":"","background-repeat":"repeat","background-position":"center center","background-size":"auto","background-attachment":"scroll","background-type":"","background-media":"","overlay-type":"","overlay-color":"","overlay-opacity":"","overlay-gradient":""},"tablet":{"background-color":"","background-image":"","background-repeat":"repeat","background-position":"center center","background-size":"auto","background-attachment":"scroll","background-type":"","background-media":"","overlay-type":"","overlay-color":"","overlay-opacity":"","overlay-gradient":""},"mobile":{"background-color":"","background-image":"","background-repeat":"repeat","background-position":"center center","background-size":"auto","background-attachment":"scroll","background-type":"","background-media":"","overlay-type":"","overlay-color":"","overlay-opacity":"","overlay-gradient":""}},"ast-content-background-meta":{"desktop":{"background-color":"var(--ast-global-color-4)","background-image":"","background-repeat":"repeat","background-position":"center center","background-size":"auto","background-attachment":"scroll","background-type":"","background-media":"","overlay-type":"","overlay-color":"","overlay-opacity":"","overlay-gradient":""},"tablet":{"background-color":"var(--ast-global-color-4)","background-image":"","background-repeat":"repeat","background-position":"center center","background-size":"auto","background-attachment":"scroll","background-type":"","background-media":"","overlay-type":"","overlay-color":"","overlay-opacity":"","overlay-gradient":""},"mobile":{"background-color":"var(--ast-global-color-4)","background-image":"","background-repeat":"repeat","background-position":"center center","background-size":"auto","background-attachment":"scroll","background-type":"","background-media":"","overlay-type":"","overlay-color":"","overlay-opacity":"","overlay-gradient":""}},"footnotes":""},"categories":[29],"tags":[210,142,160],"class_list":["post-4886","post","type-post","status-publish","format-standard","has-post-thumbnail","hentry","category-portada","tag-digital","tag-eso","tag-revista"],"post_mailing_queue_ids":[],"_links":{"self":[{"href":"https:\/\/agora.xtec.cat\/iesgallecs\/wp-json\/wp\/v2\/posts\/4886","targetHints":{"allow":["GET"]}}],"collection":[{"href":"https:\/\/agora.xtec.cat\/iesgallecs\/wp-json\/wp\/v2\/posts"}],"about":[{"href":"https:\/\/agora.xtec.cat\/iesgallecs\/wp-json\/wp\/v2\/types\/post"}],"author":[{"embeddable":true,"href":"https:\/\/agora.xtec.cat\/iesgallecs\/wp-json\/wp\/v2\/users\/36"}],"replies":[{"embeddable":true,"href":"https:\/\/agora.xtec.cat\/iesgallecs\/wp-json\/wp\/v2\/comments?post=4886"}],"version-history":[{"count":3,"href":"https:\/\/agora.xtec.cat\/iesgallecs\/wp-json\/wp\/v2\/posts\/4886\/revisions"}],"predecessor-version":[{"id":4905,"href":"https:\/\/agora.xtec.cat\/iesgallecs\/wp-json\/wp\/v2\/posts\/4886\/revisions\/4905"}],"wp:featuredmedia":[{"embeddable":true,"href":"https:\/\/agora.xtec.cat\/iesgallecs\/wp-json\/wp\/v2\/media\/4887"}],"wp:attachment":[{"href":"https:\/\/agora.xtec.cat\/iesgallecs\/wp-json\/wp\/v2\/media?parent=4886"}],"wp:term":[{"taxonomy":"category","embeddable":true,"href":"https:\/\/agora.xtec.cat\/iesgallecs\/wp-json\/wp\/v2\/categories?post=4886"},{"taxonomy":"post_tag","embeddable":true,"href":"https:\/\/agora.xtec.cat\/iesgallecs\/wp-json\/wp\/v2\/tags?post=4886"}],"curies":[{"name":"wp","href":"https:\/\/api.w.org\/{rel}","templated":true}]}}