{"id":4846,"date":"2023-03-30T09:24:19","date_gmt":"2023-03-30T07:24:19","guid":{"rendered":"https:\/\/agora.xtec.cat\/iesgallecs\/?p=4846"},"modified":"2023-03-30T09:24:19","modified_gmt":"2023-03-30T07:24:19","slug":"connectem-converses-al-voltant-dels-usos-del-telefon-mobil","status":"publish","type":"post","link":"https:\/\/agora.xtec.cat\/iesgallecs\/portada\/connectem-converses-al-voltant-dels-usos-del-telefon-mobil\/","title":{"rendered":"Connectem: converses al voltant dels usos del tel\u00e8fon m\u00f2bil"},"content":{"rendered":"<p>La il\u00b7lusi\u00f3 i la passi\u00f3 \u00e9s la que ens mou i intentem transmetre al nostre alumnat. Tot comen\u00e7a quan fem un seguiment de pr\u00e0ctiques a l&#8217;Espai Social de Granollers de la Fundaci\u00f3 Catalunya La Pedrera i surt la idea de fer una intervenci\u00f3 amb l&#8217;alumnat al centre i arribem a classe i comentem amb l&#8217;alumnat d&#8217;Integraci\u00f3 i ens segueixen&#8230;. d&#8217;aquesta idea, pensem, planifiquem i avui hem intervingut.<\/p>\n<p>Amb el m\u00f2bil com a excusa hem compartit les hist\u00f2ries de vida de les persones participants del servei.<\/p>\n<p>Ha estat un plaer poder compartir un temps de qualitat amb vosaltres!<\/p>\n<p><a href=\"https:\/\/agora.xtec.cat\/iesgallecs\/portada\/connectem-converses-al-voltant-dels-usos-del-telefon-mobil\/attachment\/img20230329104216\/\" rel=\"attachment wp-att-4848\"><img loading=\"lazy\" decoding=\"async\" class=\"aligncenter size-large wp-image-4848\" src=\"https:\/\/agora.xtec.cat\/iesgallecs\/wp-content\/uploads\/usu1971\/2023\/03\/IMG20230329104216-1024x759.jpg\" alt=\"\" width=\"1024\" height=\"759\" srcset=\"https:\/\/agora.xtec.cat\/iesgallecs\/wp-content\/uploads\/usu1971\/2023\/03\/IMG20230329104216-1024x759.jpg 1024w, https:\/\/agora.xtec.cat\/iesgallecs\/wp-content\/uploads\/usu1971\/2023\/03\/IMG20230329104216-300x222.jpg 300w, https:\/\/agora.xtec.cat\/iesgallecs\/wp-content\/uploads\/usu1971\/2023\/03\/IMG20230329104216-768x569.jpg 768w, https:\/\/agora.xtec.cat\/iesgallecs\/wp-content\/uploads\/usu1971\/2023\/03\/IMG20230329104216-1536x1138.jpg 1536w, https:\/\/agora.xtec.cat\/iesgallecs\/wp-content\/uploads\/usu1971\/2023\/03\/IMG20230329104216-2048x1517.jpg 2048w\" sizes=\"auto, (max-width: 1024px) 100vw, 1024px\" \/><\/a> <a href=\"https:\/\/agora.xtec.cat\/iesgallecs\/portada\/connectem-converses-al-voltant-dels-usos-del-telefon-mobil\/attachment\/img_20230329_224823\/\" rel=\"attachment wp-att-4849\"><img loading=\"lazy\" decoding=\"async\" class=\"aligncenter size-large wp-image-4849\" src=\"https:\/\/agora.xtec.cat\/iesgallecs\/wp-content\/uploads\/usu1971\/2023\/03\/IMG_20230329_224823-1024x659.jpg\" alt=\"\" width=\"1024\" height=\"659\" srcset=\"https:\/\/agora.xtec.cat\/iesgallecs\/wp-content\/uploads\/usu1971\/2023\/03\/IMG_20230329_224823-1024x659.jpg 1024w, https:\/\/agora.xtec.cat\/iesgallecs\/wp-content\/uploads\/usu1971\/2023\/03\/IMG_20230329_224823-300x193.jpg 300w, https:\/\/agora.xtec.cat\/iesgallecs\/wp-content\/uploads\/usu1971\/2023\/03\/IMG_20230329_224823-768x494.jpg 768w, https:\/\/agora.xtec.cat\/iesgallecs\/wp-content\/uploads\/usu1971\/2023\/03\/IMG_20230329_224823-1536x989.jpg 1536w, https:\/\/agora.xtec.cat\/iesgallecs\/wp-content\/uploads\/usu1971\/2023\/03\/IMG_20230329_224823-2048x1319.jpg 2048w\" sizes=\"auto, (max-width: 1024px) 100vw, 1024px\" \/><\/a> <a href=\"https:\/\/agora.xtec.cat\/iesgallecs\/portada\/connectem-converses-al-voltant-dels-usos-del-telefon-mobil\/attachment\/img_20230329_225146\/\" rel=\"attachment wp-att-4850\"><img loading=\"lazy\" decoding=\"async\" class=\"aligncenter size-large wp-image-4850\" src=\"https:\/\/agora.xtec.cat\/iesgallecs\/wp-content\/uploads\/usu1971\/2023\/03\/IMG_20230329_225146-1024x876.jpg\" alt=\"\" width=\"1024\" height=\"876\" srcset=\"https:\/\/agora.xtec.cat\/iesgallecs\/wp-content\/uploads\/usu1971\/2023\/03\/IMG_20230329_225146-1024x876.jpg 1024w, https:\/\/agora.xtec.cat\/iesgallecs\/wp-content\/uploads\/usu1971\/2023\/03\/IMG_20230329_225146-300x257.jpg 300w, https:\/\/agora.xtec.cat\/iesgallecs\/wp-content\/uploads\/usu1971\/2023\/03\/IMG_20230329_225146-768x657.jpg 768w, https:\/\/agora.xtec.cat\/iesgallecs\/wp-content\/uploads\/usu1971\/2023\/03\/IMG_20230329_225146-1536x1314.jpg 1536w, https:\/\/agora.xtec.cat\/iesgallecs\/wp-content\/uploads\/usu1971\/2023\/03\/IMG_20230329_225146-2048x1752.jpg 2048w\" sizes=\"auto, (max-width: 1024px) 100vw, 1024px\" \/><\/a><\/p>\n<p><a href=\"https:\/\/agora.xtec.cat\/iesgallecs\/portada\/connectem-converses-al-voltant-dels-usos-del-telefon-mobil\/attachment\/img20230329100540\/\" rel=\"attachment wp-att-4847\"><img loading=\"lazy\" decoding=\"async\" class=\"aligncenter size-large wp-image-4847\" src=\"https:\/\/agora.xtec.cat\/iesgallecs\/wp-content\/uploads\/usu1971\/2023\/03\/IMG20230329100540-1024x768.jpg\" alt=\"\" width=\"1024\" height=\"768\" srcset=\"https:\/\/agora.xtec.cat\/iesgallecs\/wp-content\/uploads\/usu1971\/2023\/03\/IMG20230329100540-1024x768.jpg 1024w, https:\/\/agora.xtec.cat\/iesgallecs\/wp-content\/uploads\/usu1971\/2023\/03\/IMG20230329100540-300x225.jpg 300w, https:\/\/agora.xtec.cat\/iesgallecs\/wp-content\/uploads\/usu1971\/2023\/03\/IMG20230329100540-768x576.jpg 768w, https:\/\/agora.xtec.cat\/iesgallecs\/wp-content\/uploads\/usu1971\/2023\/03\/IMG20230329100540-1536x1152.jpg 1536w, https:\/\/agora.xtec.cat\/iesgallecs\/wp-content\/uploads\/usu1971\/2023\/03\/IMG20230329100540-2048x1536.jpg 2048w, https:\/\/agora.xtec.cat\/iesgallecs\/wp-content\/uploads\/usu1971\/2023\/03\/IMG20230329100540-200x150.jpg 200w\" sizes=\"auto, (max-width: 1024px) 100vw, 1024px\" \/><\/a><\/p>\n","protected":false},"excerpt":{"rendered":"<p>La il\u00b7lusi\u00f3 i la passi\u00f3 \u00e9s la que ens mou i intentem transmetre al nostre alumnat. Tot comen\u00e7a quan fem un seguiment de pr\u00e0ctiques a l&#8217;Espai Social de Granollers de la Fundaci\u00f3 Catalunya La Pedrera i surt la idea de fer una intervenci\u00f3 amb l&#8217;alumnat al centre i arribem a classe i comentem amb l&#8217;alumnat [&hellip;]<\/p>\n","protected":false},"author":36,"featured_media":4850,"comment_status":"closed","ping_status":"closed","sticky":false,"template":"","format":"standard","meta":{"site-sidebar-layout":"default","site-content-layout":"","ast-site-content-layout":"","site-content-style":"default","site-sidebar-style":"default","ast-global-header-display":"","ast-banner-title-visibility":"","ast-main-header-display":"","ast-hfb-above-header-display":"","ast-hfb-below-header-display":"","ast-hfb-mobile-header-display":"","site-post-title":"","ast-breadcrumbs-content":"","ast-featured-img":"","footer-sml-layout":"","theme-transparent-header-meta":"","adv-header-id-meta":"","stick-header-meta":"","header-above-stick-meta":"","header-main-stick-meta":"","header-below-stick-meta":"","astra-migrate-meta-layouts":"default","ast-page-background-enabled":"default","ast-page-background-meta":{"desktop":{"background-color":"var(--ast-global-color-5)","background-image":"","background-repeat":"repeat","background-position":"center center","background-size":"auto","background-attachment":"scroll","background-type":"","background-media":"","overlay-type":"","overlay-color":"","overlay-opacity":"","overlay-gradient":""},"tablet":{"background-color":"","background-image":"","background-repeat":"repeat","background-position":"center center","background-size":"auto","background-attachment":"scroll","background-type":"","background-media":"","overlay-type":"","overlay-color":"","overlay-opacity":"","overlay-gradient":""},"mobile":{"background-color":"","background-image":"","background-repeat":"repeat","background-position":"center center","background-size":"auto","background-attachment":"scroll","background-type":"","background-media":"","overlay-type":"","overlay-color":"","overlay-opacity":"","overlay-gradient":""}},"ast-content-background-meta":{"desktop":{"background-color":"var(--ast-global-color-4)","background-image":"","background-repeat":"repeat","background-position":"center center","background-size":"auto","background-attachment":"scroll","background-type":"","background-media":"","overlay-type":"","overlay-color":"","overlay-opacity":"","overlay-gradient":""},"tablet":{"background-color":"var(--ast-global-color-4)","background-image":"","background-repeat":"repeat","background-position":"center center","background-size":"auto","background-attachment":"scroll","background-type":"","background-media":"","overlay-type":"","overlay-color":"","overlay-opacity":"","overlay-gradient":""},"mobile":{"background-color":"var(--ast-global-color-4)","background-image":"","background-repeat":"repeat","background-position":"center center","background-size":"auto","background-attachment":"scroll","background-type":"","background-media":"","overlay-type":"","overlay-color":"","overlay-opacity":"","overlay-gradient":""}},"footnotes":""},"categories":[29],"tags":[],"class_list":["post-4846","post","type-post","status-publish","format-standard","has-post-thumbnail","hentry","category-portada"],"post_mailing_queue_ids":[],"_links":{"self":[{"href":"https:\/\/agora.xtec.cat\/iesgallecs\/wp-json\/wp\/v2\/posts\/4846","targetHints":{"allow":["GET"]}}],"collection":[{"href":"https:\/\/agora.xtec.cat\/iesgallecs\/wp-json\/wp\/v2\/posts"}],"about":[{"href":"https:\/\/agora.xtec.cat\/iesgallecs\/wp-json\/wp\/v2\/types\/post"}],"author":[{"embeddable":true,"href":"https:\/\/agora.xtec.cat\/iesgallecs\/wp-json\/wp\/v2\/users\/36"}],"replies":[{"embeddable":true,"href":"https:\/\/agora.xtec.cat\/iesgallecs\/wp-json\/wp\/v2\/comments?post=4846"}],"version-history":[{"count":2,"href":"https:\/\/agora.xtec.cat\/iesgallecs\/wp-json\/wp\/v2\/posts\/4846\/revisions"}],"predecessor-version":[{"id":4852,"href":"https:\/\/agora.xtec.cat\/iesgallecs\/wp-json\/wp\/v2\/posts\/4846\/revisions\/4852"}],"wp:featuredmedia":[{"embeddable":true,"href":"https:\/\/agora.xtec.cat\/iesgallecs\/wp-json\/wp\/v2\/media\/4850"}],"wp:attachment":[{"href":"https:\/\/agora.xtec.cat\/iesgallecs\/wp-json\/wp\/v2\/media?parent=4846"}],"wp:term":[{"taxonomy":"category","embeddable":true,"href":"https:\/\/agora.xtec.cat\/iesgallecs\/wp-json\/wp\/v2\/categories?post=4846"},{"taxonomy":"post_tag","embeddable":true,"href":"https:\/\/agora.xtec.cat\/iesgallecs\/wp-json\/wp\/v2\/tags?post=4846"}],"curies":[{"name":"wp","href":"https:\/\/api.w.org\/{rel}","templated":true}]}}