{"id":4794,"date":"2023-02-21T08:19:17","date_gmt":"2023-02-21T07:19:17","guid":{"rendered":"https:\/\/agora.xtec.cat\/iesgallecs\/?p=4794"},"modified":"2023-03-07T08:19:43","modified_gmt":"2023-03-07T07:19:43","slug":"visites-de-lalumnat-de-primaria","status":"publish","type":"post","link":"https:\/\/agora.xtec.cat\/iesgallecs\/portada\/visites-de-lalumnat-de-primaria\/","title":{"rendered":"Visites de l&#8217;alumnat de prim\u00e0ria"},"content":{"rendered":"<p>A finals de febrer i principis de mar\u00e7 ens van venir a visitar l\u2019alumnat de sis\u00e8 de les escoles de prim\u00e0ria de Mollet.<\/p>\n<p>Aquestes escoles van ser: Escola Sant Vicen\u00e7, Federico Garc\u00eda Lorca, Joan Abell\u00f3, Cal M\u00fasic, Montseny, Col\u00b7legis Nous, Salvat Papasseit, Escola del Bosc i Can Besora.<\/p>\n<p><a href=\"https:\/\/agora.xtec.cat\/iesgallecs\/general\/visites-de-lalumnat-de-primaria\/attachment\/img-20230223-wa0002\/\" rel=\"attachment wp-att-4795\"><img loading=\"lazy\" decoding=\"async\" class=\"aligncenter size-large wp-image-4795\" src=\"https:\/\/agora.xtec.cat\/iesgallecs\/wp-content\/uploads\/usu1971\/2023\/03\/IMG-20230223-WA0002-1024x768.jpg\" alt=\"\" width=\"1024\" height=\"768\" srcset=\"https:\/\/agora.xtec.cat\/iesgallecs\/wp-content\/uploads\/usu1971\/2023\/03\/IMG-20230223-WA0002-1024x768.jpg 1024w, https:\/\/agora.xtec.cat\/iesgallecs\/wp-content\/uploads\/usu1971\/2023\/03\/IMG-20230223-WA0002-300x225.jpg 300w, https:\/\/agora.xtec.cat\/iesgallecs\/wp-content\/uploads\/usu1971\/2023\/03\/IMG-20230223-WA0002-768x576.jpg 768w, https:\/\/agora.xtec.cat\/iesgallecs\/wp-content\/uploads\/usu1971\/2023\/03\/IMG-20230223-WA0002-1536x1152.jpg 1536w, https:\/\/agora.xtec.cat\/iesgallecs\/wp-content\/uploads\/usu1971\/2023\/03\/IMG-20230223-WA0002-200x150.jpg 200w, https:\/\/agora.xtec.cat\/iesgallecs\/wp-content\/uploads\/usu1971\/2023\/03\/IMG-20230223-WA0002.jpg 1600w\" sizes=\"auto, (max-width: 1024px) 100vw, 1024px\" \/><\/a><a href=\"https:\/\/agora.xtec.cat\/iesgallecs\/general\/visites-de-lalumnat-de-primaria\/attachment\/img-20230223-wa0005\/\" rel=\"attachment wp-att-4796\"><img loading=\"lazy\" decoding=\"async\" class=\"aligncenter size-large wp-image-4796\" src=\"https:\/\/agora.xtec.cat\/iesgallecs\/wp-content\/uploads\/usu1971\/2023\/03\/IMG-20230223-WA0005-1024x768.jpg\" alt=\"\" width=\"1024\" height=\"768\" srcset=\"https:\/\/agora.xtec.cat\/iesgallecs\/wp-content\/uploads\/usu1971\/2023\/03\/IMG-20230223-WA0005-1024x768.jpg 1024w, https:\/\/agora.xtec.cat\/iesgallecs\/wp-content\/uploads\/usu1971\/2023\/03\/IMG-20230223-WA0005-300x225.jpg 300w, https:\/\/agora.xtec.cat\/iesgallecs\/wp-content\/uploads\/usu1971\/2023\/03\/IMG-20230223-WA0005-768x576.jpg 768w, https:\/\/agora.xtec.cat\/iesgallecs\/wp-content\/uploads\/usu1971\/2023\/03\/IMG-20230223-WA0005-1536x1152.jpg 1536w, https:\/\/agora.xtec.cat\/iesgallecs\/wp-content\/uploads\/usu1971\/2023\/03\/IMG-20230223-WA0005-200x150.jpg 200w, https:\/\/agora.xtec.cat\/iesgallecs\/wp-content\/uploads\/usu1971\/2023\/03\/IMG-20230223-WA0005.jpg 1600w\" sizes=\"auto, (max-width: 1024px) 100vw, 1024px\" \/><\/a><\/p>\n","protected":false},"excerpt":{"rendered":"<p>A finals de febrer i principis de mar\u00e7 ens van venir a visitar l\u2019alumnat de sis\u00e8 de les escoles de prim\u00e0ria de Mollet. Aquestes escoles van ser: Escola Sant Vicen\u00e7, Federico Garc\u00eda Lorca, Joan Abell\u00f3, Cal M\u00fasic, Montseny, Col\u00b7legis Nous, Salvat Papasseit, Escola del Bosc i Can Besora.<\/p>\n","protected":false},"author":36,"featured_media":4797,"comment_status":"closed","ping_status":"closed","sticky":false,"template":"","format":"standard","meta":{"site-sidebar-layout":"default","site-content-layout":"","ast-site-content-layout":"","site-content-style":"default","site-sidebar-style":"default","ast-global-header-display":"","ast-banner-title-visibility":"","ast-main-header-display":"","ast-hfb-above-header-display":"","ast-hfb-below-header-display":"","ast-hfb-mobile-header-display":"","site-post-title":"","ast-breadcrumbs-content":"","ast-featured-img":"","footer-sml-layout":"","theme-transparent-header-meta":"","adv-header-id-meta":"","stick-header-meta":"","header-above-stick-meta":"","header-main-stick-meta":"","header-below-stick-meta":"","astra-migrate-meta-layouts":"default","ast-page-background-enabled":"default","ast-page-background-meta":{"desktop":{"background-color":"var(--ast-global-color-5)","background-image":"","background-repeat":"repeat","background-position":"center center","background-size":"auto","background-attachment":"scroll","background-type":"","background-media":"","overlay-type":"","overlay-color":"","overlay-opacity":"","overlay-gradient":""},"tablet":{"background-color":"","background-image":"","background-repeat":"repeat","background-position":"center center","background-size":"auto","background-attachment":"scroll","background-type":"","background-media":"","overlay-type":"","overlay-color":"","overlay-opacity":"","overlay-gradient":""},"mobile":{"background-color":"","background-image":"","background-repeat":"repeat","background-position":"center center","background-size":"auto","background-attachment":"scroll","background-type":"","background-media":"","overlay-type":"","overlay-color":"","overlay-opacity":"","overlay-gradient":""}},"ast-content-background-meta":{"desktop":{"background-color":"var(--ast-global-color-4)","background-image":"","background-repeat":"repeat","background-position":"center center","background-size":"auto","background-attachment":"scroll","background-type":"","background-media":"","overlay-type":"","overlay-color":"","overlay-opacity":"","overlay-gradient":""},"tablet":{"background-color":"var(--ast-global-color-4)","background-image":"","background-repeat":"repeat","background-position":"center center","background-size":"auto","background-attachment":"scroll","background-type":"","background-media":"","overlay-type":"","overlay-color":"","overlay-opacity":"","overlay-gradient":""},"mobile":{"background-color":"var(--ast-global-color-4)","background-image":"","background-repeat":"repeat","background-position":"center center","background-size":"auto","background-attachment":"scroll","background-type":"","background-media":"","overlay-type":"","overlay-color":"","overlay-opacity":"","overlay-gradient":""}},"footnotes":""},"categories":[29],"tags":[],"class_list":["post-4794","post","type-post","status-publish","format-standard","has-post-thumbnail","hentry","category-portada"],"post_mailing_queue_ids":[],"_links":{"self":[{"href":"https:\/\/agora.xtec.cat\/iesgallecs\/wp-json\/wp\/v2\/posts\/4794","targetHints":{"allow":["GET"]}}],"collection":[{"href":"https:\/\/agora.xtec.cat\/iesgallecs\/wp-json\/wp\/v2\/posts"}],"about":[{"href":"https:\/\/agora.xtec.cat\/iesgallecs\/wp-json\/wp\/v2\/types\/post"}],"author":[{"embeddable":true,"href":"https:\/\/agora.xtec.cat\/iesgallecs\/wp-json\/wp\/v2\/users\/36"}],"replies":[{"embeddable":true,"href":"https:\/\/agora.xtec.cat\/iesgallecs\/wp-json\/wp\/v2\/comments?post=4794"}],"version-history":[{"count":2,"href":"https:\/\/agora.xtec.cat\/iesgallecs\/wp-json\/wp\/v2\/posts\/4794\/revisions"}],"predecessor-version":[{"id":4799,"href":"https:\/\/agora.xtec.cat\/iesgallecs\/wp-json\/wp\/v2\/posts\/4794\/revisions\/4799"}],"wp:featuredmedia":[{"embeddable":true,"href":"https:\/\/agora.xtec.cat\/iesgallecs\/wp-json\/wp\/v2\/media\/4797"}],"wp:attachment":[{"href":"https:\/\/agora.xtec.cat\/iesgallecs\/wp-json\/wp\/v2\/media?parent=4794"}],"wp:term":[{"taxonomy":"category","embeddable":true,"href":"https:\/\/agora.xtec.cat\/iesgallecs\/wp-json\/wp\/v2\/categories?post=4794"},{"taxonomy":"post_tag","embeddable":true,"href":"https:\/\/agora.xtec.cat\/iesgallecs\/wp-json\/wp\/v2\/tags?post=4794"}],"curies":[{"name":"wp","href":"https:\/\/api.w.org\/{rel}","templated":true}]}}