{"id":4738,"date":"2023-02-02T19:56:25","date_gmt":"2023-02-02T18:56:25","guid":{"rendered":"https:\/\/agora.xtec.cat\/iesgallecs\/?p=4738"},"modified":"2023-02-22T20:13:55","modified_gmt":"2023-02-22T19:13:55","slug":"a-batxillerat-anem-de-viatge-a-berlin","status":"publish","type":"post","link":"https:\/\/agora.xtec.cat\/iesgallecs\/portada\/a-batxillerat-anem-de-viatge-a-berlin\/","title":{"rendered":"A Batxillerat anem de viatge a Berlin"},"content":{"rendered":"<p>Els alumnes de 2n Batxillerat estan de viatge a Berlin i la primera parada ha estat el Camp de Concentraci\u00f3 de Sachsenhausen on hem pogut veure de primera m\u00e0 els horrors que la humanitat ha com\u00e8s a la nostra hist\u00f2ria recent.<\/p>\n<p><a href=\"https:\/\/agora.xtec.cat\/iesgallecs\/portada\/a-batxillerat-anem-de-viatge-a-berlin\/attachment\/img-20230222-wa0003\/\" rel=\"attachment wp-att-4744\"><img loading=\"lazy\" decoding=\"async\" class=\"wp-image-4744 alignnone\" src=\"https:\/\/agora.xtec.cat\/iesgallecs\/wp-content\/uploads\/usu1971\/2023\/02\/IMG-20230222-WA0003-1024x988.jpg\" alt=\"\" width=\"368\" height=\"355\" srcset=\"https:\/\/agora.xtec.cat\/iesgallecs\/wp-content\/uploads\/usu1971\/2023\/02\/IMG-20230222-WA0003-1024x988.jpg 1024w, https:\/\/agora.xtec.cat\/iesgallecs\/wp-content\/uploads\/usu1971\/2023\/02\/IMG-20230222-WA0003-300x290.jpg 300w, https:\/\/agora.xtec.cat\/iesgallecs\/wp-content\/uploads\/usu1971\/2023\/02\/IMG-20230222-WA0003-768x741.jpg 768w, https:\/\/agora.xtec.cat\/iesgallecs\/wp-content\/uploads\/usu1971\/2023\/02\/IMG-20230222-WA0003-1536x1482.jpg 1536w, https:\/\/agora.xtec.cat\/iesgallecs\/wp-content\/uploads\/usu1971\/2023\/02\/IMG-20230222-WA0003.jpg 1600w\" sizes=\"auto, (max-width: 368px) 100vw, 368px\" \/><\/a><a href=\"https:\/\/agora.xtec.cat\/iesgallecs\/portada\/a-batxillerat-anem-de-viatge-a-berlin\/attachment\/img-20230222-wa0002\/\" rel=\"attachment wp-att-4740\"><img loading=\"lazy\" decoding=\"async\" class=\"wp-image-4740 alignnone\" src=\"https:\/\/agora.xtec.cat\/iesgallecs\/wp-content\/uploads\/usu1971\/2023\/02\/IMG-20230222-WA0002-1024x768.jpg\" alt=\"\" width=\"471\" height=\"353\" srcset=\"https:\/\/agora.xtec.cat\/iesgallecs\/wp-content\/uploads\/usu1971\/2023\/02\/IMG-20230222-WA0002-1024x768.jpg 1024w, https:\/\/agora.xtec.cat\/iesgallecs\/wp-content\/uploads\/usu1971\/2023\/02\/IMG-20230222-WA0002-300x225.jpg 300w, https:\/\/agora.xtec.cat\/iesgallecs\/wp-content\/uploads\/usu1971\/2023\/02\/IMG-20230222-WA0002-768x576.jpg 768w, https:\/\/agora.xtec.cat\/iesgallecs\/wp-content\/uploads\/usu1971\/2023\/02\/IMG-20230222-WA0002-1536x1152.jpg 1536w, https:\/\/agora.xtec.cat\/iesgallecs\/wp-content\/uploads\/usu1971\/2023\/02\/IMG-20230222-WA0002-200x150.jpg 200w, https:\/\/agora.xtec.cat\/iesgallecs\/wp-content\/uploads\/usu1971\/2023\/02\/IMG-20230222-WA0002.jpg 1600w\" sizes=\"auto, (max-width: 471px) 100vw, 471px\" \/><\/a><\/p>\n<p><a href=\"https:\/\/agora.xtec.cat\/iesgallecs\/portada\/a-batxillerat-anem-de-viatge-a-berlin\/attachment\/img-20230222-wa0001\/\" rel=\"attachment wp-att-4739\"><img loading=\"lazy\" decoding=\"async\" class=\"wp-image-4739 alignleft\" src=\"https:\/\/agora.xtec.cat\/iesgallecs\/wp-content\/uploads\/usu1971\/2023\/02\/IMG-20230222-WA0001-768x1024.jpg\" alt=\"\" width=\"661\" height=\"882\" srcset=\"https:\/\/agora.xtec.cat\/iesgallecs\/wp-content\/uploads\/usu1971\/2023\/02\/IMG-20230222-WA0001-768x1024.jpg 768w, https:\/\/agora.xtec.cat\/iesgallecs\/wp-content\/uploads\/usu1971\/2023\/02\/IMG-20230222-WA0001-225x300.jpg 225w, https:\/\/agora.xtec.cat\/iesgallecs\/wp-content\/uploads\/usu1971\/2023\/02\/IMG-20230222-WA0001-1152x1536.jpg 1152w, https:\/\/agora.xtec.cat\/iesgallecs\/wp-content\/uploads\/usu1971\/2023\/02\/IMG-20230222-WA0001.jpg 1200w\" sizes=\"auto, (max-width: 661px) 100vw, 661px\" \/><\/a><\/p>\n","protected":false},"excerpt":{"rendered":"<p>Els alumnes de 2n Batxillerat estan de viatge a Berlin i la primera parada ha estat el Camp de Concentraci\u00f3 de Sachsenhausen on hem pogut veure de primera m\u00e0 els horrors que la humanitat ha com\u00e8s a la nostra hist\u00f2ria recent.<\/p>\n","protected":false},"author":36,"featured_media":4740,"comment_status":"closed","ping_status":"closed","sticky":false,"template":"","format":"standard","meta":{"site-sidebar-layout":"default","site-content-layout":"","ast-site-content-layout":"","site-content-style":"default","site-sidebar-style":"default","ast-global-header-display":"","ast-banner-title-visibility":"","ast-main-header-display":"","ast-hfb-above-header-display":"","ast-hfb-below-header-display":"","ast-hfb-mobile-header-display":"","site-post-title":"","ast-breadcrumbs-content":"","ast-featured-img":"","footer-sml-layout":"","theme-transparent-header-meta":"","adv-header-id-meta":"","stick-header-meta":"","header-above-stick-meta":"","header-main-stick-meta":"","header-below-stick-meta":"","astra-migrate-meta-layouts":"default","ast-page-background-enabled":"default","ast-page-background-meta":{"desktop":{"background-color":"var(--ast-global-color-5)","background-image":"","background-repeat":"repeat","background-position":"center center","background-size":"auto","background-attachment":"scroll","background-type":"","background-media":"","overlay-type":"","overlay-color":"","overlay-opacity":"","overlay-gradient":""},"tablet":{"background-color":"","background-image":"","background-repeat":"repeat","background-position":"center center","background-size":"auto","background-attachment":"scroll","background-type":"","background-media":"","overlay-type":"","overlay-color":"","overlay-opacity":"","overlay-gradient":""},"mobile":{"background-color":"","background-image":"","background-repeat":"repeat","background-position":"center center","background-size":"auto","background-attachment":"scroll","background-type":"","background-media":"","overlay-type":"","overlay-color":"","overlay-opacity":"","overlay-gradient":""}},"ast-content-background-meta":{"desktop":{"background-color":"var(--ast-global-color-4)","background-image":"","background-repeat":"repeat","background-position":"center center","background-size":"auto","background-attachment":"scroll","background-type":"","background-media":"","overlay-type":"","overlay-color":"","overlay-opacity":"","overlay-gradient":""},"tablet":{"background-color":"var(--ast-global-color-4)","background-image":"","background-repeat":"repeat","background-position":"center center","background-size":"auto","background-attachment":"scroll","background-type":"","background-media":"","overlay-type":"","overlay-color":"","overlay-opacity":"","overlay-gradient":""},"mobile":{"background-color":"var(--ast-global-color-4)","background-image":"","background-repeat":"repeat","background-position":"center center","background-size":"auto","background-attachment":"scroll","background-type":"","background-media":"","overlay-type":"","overlay-color":"","overlay-opacity":"","overlay-gradient":""}},"footnotes":""},"categories":[29],"tags":[],"class_list":["post-4738","post","type-post","status-publish","format-standard","has-post-thumbnail","hentry","category-portada"],"post_mailing_queue_ids":[],"_links":{"self":[{"href":"https:\/\/agora.xtec.cat\/iesgallecs\/wp-json\/wp\/v2\/posts\/4738","targetHints":{"allow":["GET"]}}],"collection":[{"href":"https:\/\/agora.xtec.cat\/iesgallecs\/wp-json\/wp\/v2\/posts"}],"about":[{"href":"https:\/\/agora.xtec.cat\/iesgallecs\/wp-json\/wp\/v2\/types\/post"}],"author":[{"embeddable":true,"href":"https:\/\/agora.xtec.cat\/iesgallecs\/wp-json\/wp\/v2\/users\/36"}],"replies":[{"embeddable":true,"href":"https:\/\/agora.xtec.cat\/iesgallecs\/wp-json\/wp\/v2\/comments?post=4738"}],"version-history":[{"count":3,"href":"https:\/\/agora.xtec.cat\/iesgallecs\/wp-json\/wp\/v2\/posts\/4738\/revisions"}],"predecessor-version":[{"id":4746,"href":"https:\/\/agora.xtec.cat\/iesgallecs\/wp-json\/wp\/v2\/posts\/4738\/revisions\/4746"}],"wp:featuredmedia":[{"embeddable":true,"href":"https:\/\/agora.xtec.cat\/iesgallecs\/wp-json\/wp\/v2\/media\/4740"}],"wp:attachment":[{"href":"https:\/\/agora.xtec.cat\/iesgallecs\/wp-json\/wp\/v2\/media?parent=4738"}],"wp:term":[{"taxonomy":"category","embeddable":true,"href":"https:\/\/agora.xtec.cat\/iesgallecs\/wp-json\/wp\/v2\/categories?post=4738"},{"taxonomy":"post_tag","embeddable":true,"href":"https:\/\/agora.xtec.cat\/iesgallecs\/wp-json\/wp\/v2\/tags?post=4738"}],"curies":[{"name":"wp","href":"https:\/\/api.w.org\/{rel}","templated":true}]}}