{"id":4654,"date":"2023-02-02T12:28:25","date_gmt":"2023-02-02T11:28:25","guid":{"rendered":"https:\/\/agora.xtec.cat\/iesgallecs\/?p=4654"},"modified":"2023-02-21T14:59:23","modified_gmt":"2023-02-21T13:59:23","slug":"visita-a-radio-mollet","status":"publish","type":"post","link":"https:\/\/agora.xtec.cat\/iesgallecs\/portada\/visita-a-radio-mollet\/","title":{"rendered":"Parlem a R\u00e0dio Mollet"},"content":{"rendered":"<p>Ahir l&#8217;alumnat de 1er d&#8217;ESO va visitar R\u00e0dio Mollet per parlar dels diferents projectes de l&#8217;institut i explicar la seva experi\u00e8ncia aquest primer any a la secund\u00e0ria.<\/p>\n<p><a href=\"https:\/\/agora.xtec.cat\/iesgallecs\/portada\/visita-a-radio-mollet\/attachment\/img_20230215_093150\/\" rel=\"attachment wp-att-4655\"><img loading=\"lazy\" decoding=\"async\" class=\"aligncenter wp-image-4655\" src=\"https:\/\/agora.xtec.cat\/iesgallecs\/wp-content\/uploads\/usu1971\/2023\/02\/IMG_20230215_093150-1024x971.jpg\" alt=\"\" width=\"634\" height=\"601\" srcset=\"https:\/\/agora.xtec.cat\/iesgallecs\/wp-content\/uploads\/usu1971\/2023\/02\/IMG_20230215_093150-1024x971.jpg 1024w, https:\/\/agora.xtec.cat\/iesgallecs\/wp-content\/uploads\/usu1971\/2023\/02\/IMG_20230215_093150-300x284.jpg 300w, https:\/\/agora.xtec.cat\/iesgallecs\/wp-content\/uploads\/usu1971\/2023\/02\/IMG_20230215_093150-768x728.jpg 768w, https:\/\/agora.xtec.cat\/iesgallecs\/wp-content\/uploads\/usu1971\/2023\/02\/IMG_20230215_093150-1536x1456.jpg 1536w, https:\/\/agora.xtec.cat\/iesgallecs\/wp-content\/uploads\/usu1971\/2023\/02\/IMG_20230215_093150-2048x1941.jpg 2048w\" sizes=\"auto, (max-width: 634px) 100vw, 634px\" \/><\/a><\/p>\n<p>&nbsp;<\/p>\n<p>Ho podeu escoltar al seg\u00fcent link:<\/p>\n<p><u><a href=\"https:\/\/www.radiomollet.com\/embed\/podcast?id=radiomollet_podcast_23888&amp;mid=radiomollet_podcast_23888_podcastmarker_3\">https:\/\/www.radiomollet.com\/embed\/podcast?id=radiomollet_podcast_23888&amp;mid=radiomollet_podcast_23888_podcastmarker_3<\/a><\/u><\/p>\n<p>&nbsp;<\/p>\n","protected":false},"excerpt":{"rendered":"<p>Ahir l&#8217;alumnat de 1er d&#8217;ESO va visitar R\u00e0dio Mollet per parlar dels diferents projectes de l&#8217;institut i explicar la seva experi\u00e8ncia aquest primer any a la secund\u00e0ria. &nbsp; Ho podeu escoltar al seg\u00fcent link: https:\/\/www.radiomollet.com\/embed\/podcast?id=radiomollet_podcast_23888&amp;mid=radiomollet_podcast_23888_podcastmarker_3 &nbsp;<\/p>\n","protected":false},"author":36,"featured_media":4655,"comment_status":"closed","ping_status":"closed","sticky":false,"template":"","format":"standard","meta":{"site-sidebar-layout":"default","site-content-layout":"","ast-site-content-layout":"","site-content-style":"default","site-sidebar-style":"default","ast-global-header-display":"","ast-banner-title-visibility":"","ast-main-header-display":"","ast-hfb-above-header-display":"","ast-hfb-below-header-display":"","ast-hfb-mobile-header-display":"","site-post-title":"","ast-breadcrumbs-content":"","ast-featured-img":"","footer-sml-layout":"","theme-transparent-header-meta":"","adv-header-id-meta":"","stick-header-meta":"","header-above-stick-meta":"","header-main-stick-meta":"","header-below-stick-meta":"","astra-migrate-meta-layouts":"default","ast-page-background-enabled":"default","ast-page-background-meta":{"desktop":{"background-color":"var(--ast-global-color-5)","background-image":"","background-repeat":"repeat","background-position":"center center","background-size":"auto","background-attachment":"scroll","background-type":"","background-media":"","overlay-type":"","overlay-color":"","overlay-opacity":"","overlay-gradient":""},"tablet":{"background-color":"","background-image":"","background-repeat":"repeat","background-position":"center center","background-size":"auto","background-attachment":"scroll","background-type":"","background-media":"","overlay-type":"","overlay-color":"","overlay-opacity":"","overlay-gradient":""},"mobile":{"background-color":"","background-image":"","background-repeat":"repeat","background-position":"center center","background-size":"auto","background-attachment":"scroll","background-type":"","background-media":"","overlay-type":"","overlay-color":"","overlay-opacity":"","overlay-gradient":""}},"ast-content-background-meta":{"desktop":{"background-color":"var(--ast-global-color-4)","background-image":"","background-repeat":"repeat","background-position":"center center","background-size":"auto","background-attachment":"scroll","background-type":"","background-media":"","overlay-type":"","overlay-color":"","overlay-opacity":"","overlay-gradient":""},"tablet":{"background-color":"var(--ast-global-color-4)","background-image":"","background-repeat":"repeat","background-position":"center center","background-size":"auto","background-attachment":"scroll","background-type":"","background-media":"","overlay-type":"","overlay-color":"","overlay-opacity":"","overlay-gradient":""},"mobile":{"background-color":"var(--ast-global-color-4)","background-image":"","background-repeat":"repeat","background-position":"center center","background-size":"auto","background-attachment":"scroll","background-type":"","background-media":"","overlay-type":"","overlay-color":"","overlay-opacity":"","overlay-gradient":""}},"footnotes":""},"categories":[29],"tags":[],"class_list":["post-4654","post","type-post","status-publish","format-standard","has-post-thumbnail","hentry","category-portada"],"post_mailing_queue_ids":[],"_links":{"self":[{"href":"https:\/\/agora.xtec.cat\/iesgallecs\/wp-json\/wp\/v2\/posts\/4654","targetHints":{"allow":["GET"]}}],"collection":[{"href":"https:\/\/agora.xtec.cat\/iesgallecs\/wp-json\/wp\/v2\/posts"}],"about":[{"href":"https:\/\/agora.xtec.cat\/iesgallecs\/wp-json\/wp\/v2\/types\/post"}],"author":[{"embeddable":true,"href":"https:\/\/agora.xtec.cat\/iesgallecs\/wp-json\/wp\/v2\/users\/36"}],"replies":[{"embeddable":true,"href":"https:\/\/agora.xtec.cat\/iesgallecs\/wp-json\/wp\/v2\/comments?post=4654"}],"version-history":[{"count":3,"href":"https:\/\/agora.xtec.cat\/iesgallecs\/wp-json\/wp\/v2\/posts\/4654\/revisions"}],"predecessor-version":[{"id":4663,"href":"https:\/\/agora.xtec.cat\/iesgallecs\/wp-json\/wp\/v2\/posts\/4654\/revisions\/4663"}],"wp:featuredmedia":[{"embeddable":true,"href":"https:\/\/agora.xtec.cat\/iesgallecs\/wp-json\/wp\/v2\/media\/4655"}],"wp:attachment":[{"href":"https:\/\/agora.xtec.cat\/iesgallecs\/wp-json\/wp\/v2\/media?parent=4654"}],"wp:term":[{"taxonomy":"category","embeddable":true,"href":"https:\/\/agora.xtec.cat\/iesgallecs\/wp-json\/wp\/v2\/categories?post=4654"},{"taxonomy":"post_tag","embeddable":true,"href":"https:\/\/agora.xtec.cat\/iesgallecs\/wp-json\/wp\/v2\/tags?post=4654"}],"curies":[{"name":"wp","href":"https:\/\/api.w.org\/{rel}","templated":true}]}}