{"id":4491,"date":"2023-02-01T20:24:44","date_gmt":"2023-02-01T19:24:44","guid":{"rendered":"https:\/\/agora.xtec.cat\/iesgallecs\/?p=4491"},"modified":"2023-02-01T20:24:45","modified_gmt":"2023-02-01T19:24:45","slug":"a-linstitut-gallecs-aprenem-del-tercer-sector","status":"publish","type":"post","link":"https:\/\/agora.xtec.cat\/iesgallecs\/portada\/a-linstitut-gallecs-aprenem-del-tercer-sector\/","title":{"rendered":"A l&#8217;Institut Gallecs aprenem del Tercer Sector"},"content":{"rendered":"<h5>El dilluns 30 de gener, el grup de 2on del CFGS d&#8217;Integraci\u00f3 Social Tarda ha visitat la @fundaciosurt , que treballa per fer efectius els drets econ\u00f2mics, socials i culturals de les dones i que est\u00e0 compromesa, com nosaltres, en els valors d&#8217;equitat de g\u00e8nere, inclusi\u00f3, solidaritat i transformaci\u00f3 social. Hem apr\u00e8s com es gestionen projectes socialment transformadors i hem valorat la tasca professional de l&#8217;integrador\/a social en fer-ho possible!<\/h5>\n<p><a href=\"https:\/\/twitter.com\/Fundacio_Surt\">https:\/\/twitter.com\/Fundacio_Surt<\/a><\/p>\n<p><a href=\"https:\/\/www.facebook.com\/FundacioSurt\/\">https:\/\/www.facebook.com\/FundacioSurt\/<\/a><\/p>\n<p><a href=\"https:\/\/www.instagram.com\/fundaciosurt\/\">https:\/\/www.instagram.com\/fundaciosurt\/<\/a><\/p>\n<p><a href=\"https:\/\/agora.xtec.cat\/iesgallecs\/portada\/a-linstitut-gallecs-aprenem-del-tercer-sector\/attachment\/surt\/\" rel=\"attachment wp-att-4492\"><img loading=\"lazy\" decoding=\"async\" class=\"aligncenter size-large wp-image-4492\" src=\"https:\/\/agora.xtec.cat\/iesgallecs\/wp-content\/uploads\/usu1971\/2023\/02\/SURT-1024x655.jpg\" alt=\"\" width=\"1024\" height=\"655\" srcset=\"https:\/\/agora.xtec.cat\/iesgallecs\/wp-content\/uploads\/usu1971\/2023\/02\/SURT-1024x655.jpg 1024w, https:\/\/agora.xtec.cat\/iesgallecs\/wp-content\/uploads\/usu1971\/2023\/02\/SURT-300x192.jpg 300w, https:\/\/agora.xtec.cat\/iesgallecs\/wp-content\/uploads\/usu1971\/2023\/02\/SURT-768x491.jpg 768w, https:\/\/agora.xtec.cat\/iesgallecs\/wp-content\/uploads\/usu1971\/2023\/02\/SURT-1536x983.jpg 1536w, https:\/\/agora.xtec.cat\/iesgallecs\/wp-content\/uploads\/usu1971\/2023\/02\/SURT-2048x1310.jpg 2048w\" sizes=\"auto, (max-width: 1024px) 100vw, 1024px\" \/><\/a><\/p>\n","protected":false},"excerpt":{"rendered":"<p>El dilluns 30 de gener, el grup de 2on del CFGS d&#8217;Integraci\u00f3 Social Tarda ha visitat la @fundaciosurt , que treballa per fer efectius els drets econ\u00f2mics, socials i culturals de les dones i que est\u00e0 compromesa, com nosaltres, en els valors d&#8217;equitat de g\u00e8nere, inclusi\u00f3, solidaritat i transformaci\u00f3 social. Hem apr\u00e8s com es gestionen [&hellip;]<\/p>\n","protected":false},"author":36,"featured_media":4492,"comment_status":"closed","ping_status":"closed","sticky":false,"template":"","format":"standard","meta":{"site-sidebar-layout":"default","site-content-layout":"","ast-site-content-layout":"","site-content-style":"default","site-sidebar-style":"default","ast-global-header-display":"","ast-banner-title-visibility":"","ast-main-header-display":"","ast-hfb-above-header-display":"","ast-hfb-below-header-display":"","ast-hfb-mobile-header-display":"","site-post-title":"","ast-breadcrumbs-content":"","ast-featured-img":"","footer-sml-layout":"","theme-transparent-header-meta":"","adv-header-id-meta":"","stick-header-meta":"","header-above-stick-meta":"","header-main-stick-meta":"","header-below-stick-meta":"","astra-migrate-meta-layouts":"default","ast-page-background-enabled":"default","ast-page-background-meta":{"desktop":{"background-color":"var(--ast-global-color-5)","background-image":"","background-repeat":"repeat","background-position":"center center","background-size":"auto","background-attachment":"scroll","background-type":"","background-media":"","overlay-type":"","overlay-color":"","overlay-opacity":"","overlay-gradient":""},"tablet":{"background-color":"","background-image":"","background-repeat":"repeat","background-position":"center center","background-size":"auto","background-attachment":"scroll","background-type":"","background-media":"","overlay-type":"","overlay-color":"","overlay-opacity":"","overlay-gradient":""},"mobile":{"background-color":"","background-image":"","background-repeat":"repeat","background-position":"center center","background-size":"auto","background-attachment":"scroll","background-type":"","background-media":"","overlay-type":"","overlay-color":"","overlay-opacity":"","overlay-gradient":""}},"ast-content-background-meta":{"desktop":{"background-color":"var(--ast-global-color-4)","background-image":"","background-repeat":"repeat","background-position":"center center","background-size":"auto","background-attachment":"scroll","background-type":"","background-media":"","overlay-type":"","overlay-color":"","overlay-opacity":"","overlay-gradient":""},"tablet":{"background-color":"var(--ast-global-color-4)","background-image":"","background-repeat":"repeat","background-position":"center center","background-size":"auto","background-attachment":"scroll","background-type":"","background-media":"","overlay-type":"","overlay-color":"","overlay-opacity":"","overlay-gradient":""},"mobile":{"background-color":"var(--ast-global-color-4)","background-image":"","background-repeat":"repeat","background-position":"center center","background-size":"auto","background-attachment":"scroll","background-type":"","background-media":"","overlay-type":"","overlay-color":"","overlay-opacity":"","overlay-gradient":""}},"footnotes":""},"categories":[29],"tags":[193,195],"class_list":["post-4491","post","type-post","status-publish","format-standard","has-post-thumbnail","hentry","category-portada","tag-cicles-formatius","tag-integracio-social"],"post_mailing_queue_ids":[],"_links":{"self":[{"href":"https:\/\/agora.xtec.cat\/iesgallecs\/wp-json\/wp\/v2\/posts\/4491","targetHints":{"allow":["GET"]}}],"collection":[{"href":"https:\/\/agora.xtec.cat\/iesgallecs\/wp-json\/wp\/v2\/posts"}],"about":[{"href":"https:\/\/agora.xtec.cat\/iesgallecs\/wp-json\/wp\/v2\/types\/post"}],"author":[{"embeddable":true,"href":"https:\/\/agora.xtec.cat\/iesgallecs\/wp-json\/wp\/v2\/users\/36"}],"replies":[{"embeddable":true,"href":"https:\/\/agora.xtec.cat\/iesgallecs\/wp-json\/wp\/v2\/comments?post=4491"}],"version-history":[{"count":2,"href":"https:\/\/agora.xtec.cat\/iesgallecs\/wp-json\/wp\/v2\/posts\/4491\/revisions"}],"predecessor-version":[{"id":4494,"href":"https:\/\/agora.xtec.cat\/iesgallecs\/wp-json\/wp\/v2\/posts\/4491\/revisions\/4494"}],"wp:featuredmedia":[{"embeddable":true,"href":"https:\/\/agora.xtec.cat\/iesgallecs\/wp-json\/wp\/v2\/media\/4492"}],"wp:attachment":[{"href":"https:\/\/agora.xtec.cat\/iesgallecs\/wp-json\/wp\/v2\/media?parent=4491"}],"wp:term":[{"taxonomy":"category","embeddable":true,"href":"https:\/\/agora.xtec.cat\/iesgallecs\/wp-json\/wp\/v2\/categories?post=4491"},{"taxonomy":"post_tag","embeddable":true,"href":"https:\/\/agora.xtec.cat\/iesgallecs\/wp-json\/wp\/v2\/tags?post=4491"}],"curies":[{"name":"wp","href":"https:\/\/api.w.org\/{rel}","templated":true}]}}