{"id":4316,"date":"2023-01-23T19:00:37","date_gmt":"2023-01-23T18:00:37","guid":{"rendered":"https:\/\/agora.xtec.cat\/iesgallecs\/?p=4316"},"modified":"2023-01-26T14:14:41","modified_gmt":"2023-01-26T13:14:41","slug":"lacapte-del-18-de-gener-va-ser-un-exit","status":"publish","type":"post","link":"https:\/\/agora.xtec.cat\/iesgallecs\/portada\/lacapte-del-18-de-gener-va-ser-un-exit\/","title":{"rendered":"L&#8217;acapte de sang, tot un \u00e8xit!"},"content":{"rendered":"<h5 style=\"text-align: justify;\"><em>L&#8217;acapte del 18 de gener va ser un \u00e8xit, amb 81 donacions efectives i fins a 99 persones que van omplir el formulari amb la intenci\u00f3 de donar sang.\u00a0<\/em><\/h5>\n<p>&nbsp;<\/p>\n<h5 style=\"text-align: justify;\"><i>Volem destacar que un 50% dels donants van ser joves, i en la majoria de casos realitzaven la seva primera donaci\u00f3. Tamb\u00e9 veiem que la majoria de les donants van ser dones, fins a dos ter\u00e7os del total. En aquest <a href=\"https:\/\/agora.xtec.cat\/iesgallecs\/portada\/lacapte-del-18-de-gener-va-ser-un-exit\/attachment\/20230118_molletinstgallecsaps\/\" target=\"_blank\" rel=\"attachment noopener wp-att-4320\">PDF<\/a> podreu veure totes les dades.<\/i><\/h5>\n<p>&nbsp;<\/p>\n<h5 style=\"text-align: center;\"><i>Moltes gr\u00e0cies a totes i tots!<\/i><\/h5>\n<p><a href=\"https:\/\/agora.xtec.cat\/iesgallecs\/portada\/lacapte-del-18-de-gener-va-ser-un-exit\/attachment\/diploma-ins-gallecs-mollet_page-0001\/\" rel=\"attachment wp-att-4317\"><img loading=\"lazy\" decoding=\"async\" class=\"aligncenter wp-image-4317\" src=\"https:\/\/agora.xtec.cat\/iesgallecs\/wp-content\/uploads\/usu1971\/2023\/01\/Diploma-INS-Gallecs-Mollet_page-0001.jpg\" alt=\"\" width=\"848\" height=\"600\" srcset=\"https:\/\/agora.xtec.cat\/iesgallecs\/wp-content\/uploads\/usu1971\/2023\/01\/Diploma-INS-Gallecs-Mollet_page-0001.jpg 2481w, https:\/\/agora.xtec.cat\/iesgallecs\/wp-content\/uploads\/usu1971\/2023\/01\/Diploma-INS-Gallecs-Mollet_page-0001-300x212.jpg 300w, https:\/\/agora.xtec.cat\/iesgallecs\/wp-content\/uploads\/usu1971\/2023\/01\/Diploma-INS-Gallecs-Mollet_page-0001-1024x724.jpg 1024w, https:\/\/agora.xtec.cat\/iesgallecs\/wp-content\/uploads\/usu1971\/2023\/01\/Diploma-INS-Gallecs-Mollet_page-0001-768x543.jpg 768w, https:\/\/agora.xtec.cat\/iesgallecs\/wp-content\/uploads\/usu1971\/2023\/01\/Diploma-INS-Gallecs-Mollet_page-0001-1536x1086.jpg 1536w, https:\/\/agora.xtec.cat\/iesgallecs\/wp-content\/uploads\/usu1971\/2023\/01\/Diploma-INS-Gallecs-Mollet_page-0001-2048x1448.jpg 2048w\" sizes=\"auto, (max-width: 848px) 100vw, 848px\" \/><\/a><\/p>\n<p>&nbsp;<\/p>\n","protected":false},"excerpt":{"rendered":"<p>L&#8217;acapte del 18 de gener va ser un \u00e8xit, amb 81 donacions efectives i fins a 99 persones que van omplir el formulari amb la intenci\u00f3 de donar sang.\u00a0 &nbsp; Volem destacar que un 50% dels donants van ser joves, i en la majoria de casos realitzaven la seva primera donaci\u00f3. Tamb\u00e9 veiem que la [&hellip;]<\/p>\n","protected":false},"author":36,"featured_media":4317,"comment_status":"closed","ping_status":"closed","sticky":false,"template":"","format":"standard","meta":{"site-sidebar-layout":"default","site-content-layout":"","ast-site-content-layout":"","site-content-style":"default","site-sidebar-style":"default","ast-global-header-display":"","ast-banner-title-visibility":"","ast-main-header-display":"","ast-hfb-above-header-display":"","ast-hfb-below-header-display":"","ast-hfb-mobile-header-display":"","site-post-title":"","ast-breadcrumbs-content":"","ast-featured-img":"","footer-sml-layout":"","theme-transparent-header-meta":"","adv-header-id-meta":"","stick-header-meta":"","header-above-stick-meta":"","header-main-stick-meta":"","header-below-stick-meta":"","astra-migrate-meta-layouts":"default","ast-page-background-enabled":"default","ast-page-background-meta":{"desktop":{"background-color":"var(--ast-global-color-5)","background-image":"","background-repeat":"repeat","background-position":"center center","background-size":"auto","background-attachment":"scroll","background-type":"","background-media":"","overlay-type":"","overlay-color":"","overlay-opacity":"","overlay-gradient":""},"tablet":{"background-color":"","background-image":"","background-repeat":"repeat","background-position":"center center","background-size":"auto","background-attachment":"scroll","background-type":"","background-media":"","overlay-type":"","overlay-color":"","overlay-opacity":"","overlay-gradient":""},"mobile":{"background-color":"","background-image":"","background-repeat":"repeat","background-position":"center center","background-size":"auto","background-attachment":"scroll","background-type":"","background-media":"","overlay-type":"","overlay-color":"","overlay-opacity":"","overlay-gradient":""}},"ast-content-background-meta":{"desktop":{"background-color":"var(--ast-global-color-4)","background-image":"","background-repeat":"repeat","background-position":"center center","background-size":"auto","background-attachment":"scroll","background-type":"","background-media":"","overlay-type":"","overlay-color":"","overlay-opacity":"","overlay-gradient":""},"tablet":{"background-color":"var(--ast-global-color-4)","background-image":"","background-repeat":"repeat","background-position":"center center","background-size":"auto","background-attachment":"scroll","background-type":"","background-media":"","overlay-type":"","overlay-color":"","overlay-opacity":"","overlay-gradient":""},"mobile":{"background-color":"var(--ast-global-color-4)","background-image":"","background-repeat":"repeat","background-position":"center center","background-size":"auto","background-attachment":"scroll","background-type":"","background-media":"","overlay-type":"","overlay-color":"","overlay-opacity":"","overlay-gradient":""}},"footnotes":""},"categories":[29],"tags":[142,167],"class_list":["post-4316","post","type-post","status-publish","format-standard","has-post-thumbnail","hentry","category-portada","tag-eso","tag-servei-comunitari"],"post_mailing_queue_ids":[],"_links":{"self":[{"href":"https:\/\/agora.xtec.cat\/iesgallecs\/wp-json\/wp\/v2\/posts\/4316","targetHints":{"allow":["GET"]}}],"collection":[{"href":"https:\/\/agora.xtec.cat\/iesgallecs\/wp-json\/wp\/v2\/posts"}],"about":[{"href":"https:\/\/agora.xtec.cat\/iesgallecs\/wp-json\/wp\/v2\/types\/post"}],"author":[{"embeddable":true,"href":"https:\/\/agora.xtec.cat\/iesgallecs\/wp-json\/wp\/v2\/users\/36"}],"replies":[{"embeddable":true,"href":"https:\/\/agora.xtec.cat\/iesgallecs\/wp-json\/wp\/v2\/comments?post=4316"}],"version-history":[{"count":3,"href":"https:\/\/agora.xtec.cat\/iesgallecs\/wp-json\/wp\/v2\/posts\/4316\/revisions"}],"predecessor-version":[{"id":4349,"href":"https:\/\/agora.xtec.cat\/iesgallecs\/wp-json\/wp\/v2\/posts\/4316\/revisions\/4349"}],"wp:featuredmedia":[{"embeddable":true,"href":"https:\/\/agora.xtec.cat\/iesgallecs\/wp-json\/wp\/v2\/media\/4317"}],"wp:attachment":[{"href":"https:\/\/agora.xtec.cat\/iesgallecs\/wp-json\/wp\/v2\/media?parent=4316"}],"wp:term":[{"taxonomy":"category","embeddable":true,"href":"https:\/\/agora.xtec.cat\/iesgallecs\/wp-json\/wp\/v2\/categories?post=4316"},{"taxonomy":"post_tag","embeddable":true,"href":"https:\/\/agora.xtec.cat\/iesgallecs\/wp-json\/wp\/v2\/tags?post=4316"}],"curies":[{"name":"wp","href":"https:\/\/api.w.org\/{rel}","templated":true}]}}