{"id":4172,"date":"2023-01-04T11:32:21","date_gmt":"2023-01-04T10:32:21","guid":{"rendered":"https:\/\/agora.xtec.cat\/iesgallecs\/?p=4172"},"modified":"2023-01-04T11:32:21","modified_gmt":"2023-01-04T10:32:21","slug":"la-musicoterapia-com-a-eina-creativa-en-cicles-formatius","status":"publish","type":"post","link":"https:\/\/agora.xtec.cat\/iesgallecs\/portada\/la-musicoterapia-com-a-eina-creativa-en-cicles-formatius\/","title":{"rendered":"La musicoter\u00e0pia com a eina creativa en Cicles Formatius"},"content":{"rendered":"<p class=\"gmail_default\" style=\"text-align: justify;\">Durant els dies 14 -21 desembre l&#8217;alumnat dels cicles d&#8217;integraci\u00f3 social educaci\u00f3 infantil i Higiene bucodental (200 alumnes)\u00a0 varen desenvolupar sessions de musicoter\u00e0pia com a part de l&#8217;assignatura de FOL -dins l&#8217;\u00e0mbit de la prevenci\u00f3 dels riscos laborals sessions de musicoter\u00e0pia- i EIE &#8211; dins el NF1 i el desenvolupament de t\u00e8cniques de creativitat i generaci\u00f3 d&#8217;idees emprenedores.<\/p>\n<h6 style=\"text-align: justify;\"><a href=\"https:\/\/agora.xtec.cat\/iesgallecs\/portada\/la-musicoterapia-com-a-eina-creativa-en-cicles-formatius\/attachment\/screenshot_2022-12-19-18-31-09-69_e307a3f9df9f380ebaf106e1dc980bb6\/\" rel=\"attachment wp-att-4173\"><br \/>\n<img loading=\"lazy\" decoding=\"async\" class=\"wp-image-4173 aligncenter\" src=\"https:\/\/agora.xtec.cat\/iesgallecs\/wp-content\/uploads\/usu1971\/2023\/01\/Screenshot_2022-12-19-18-31-09-69_e307a3f9df9f380ebaf106e1dc980bb6.jpg\" alt=\"\" width=\"685\" height=\"389\" srcset=\"https:\/\/agora.xtec.cat\/iesgallecs\/wp-content\/uploads\/usu1971\/2023\/01\/Screenshot_2022-12-19-18-31-09-69_e307a3f9df9f380ebaf106e1dc980bb6.jpg 616w, https:\/\/agora.xtec.cat\/iesgallecs\/wp-content\/uploads\/usu1971\/2023\/01\/Screenshot_2022-12-19-18-31-09-69_e307a3f9df9f380ebaf106e1dc980bb6-300x170.jpg 300w\" sizes=\"auto, (max-width: 685px) 100vw, 685px\" \/><\/a><\/h6>\n<h6 class=\"gmail_default\" style=\"text-align: justify;\">Les sessions varen estar desenvolupades pel docent Xavier Rodriguez i Grau (musicoterapeuta i soci\u00f2leg) i compta amb l&#8217;acompanyament i\u00a0 coordinaci\u00f3\u00a0 dels corresponents equips docents .<\/h6>\n<p><a href=\"https:\/\/agora.xtec.cat\/iesgallecs\/portada\/la-musicoterapia-com-a-eina-creativa-en-cicles-formatius\/attachment\/img_20221219_220450_325-nou\/\" rel=\"attachment wp-att-4174\"><br \/>\n<img loading=\"lazy\" decoding=\"async\" class=\"wp-image-4174 aligncenter\" src=\"https:\/\/agora.xtec.cat\/iesgallecs\/wp-content\/uploads\/usu1971\/2023\/01\/IMG_20221219_220450_325-nou.jpg\" alt=\"\" width=\"675\" height=\"503\" srcset=\"https:\/\/agora.xtec.cat\/iesgallecs\/wp-content\/uploads\/usu1971\/2023\/01\/IMG_20221219_220450_325-nou.jpg 1080w, https:\/\/agora.xtec.cat\/iesgallecs\/wp-content\/uploads\/usu1971\/2023\/01\/IMG_20221219_220450_325-nou-300x224.jpg 300w, https:\/\/agora.xtec.cat\/iesgallecs\/wp-content\/uploads\/usu1971\/2023\/01\/IMG_20221219_220450_325-nou-1024x763.jpg 1024w, https:\/\/agora.xtec.cat\/iesgallecs\/wp-content\/uploads\/usu1971\/2023\/01\/IMG_20221219_220450_325-nou-768x572.jpg 768w, https:\/\/agora.xtec.cat\/iesgallecs\/wp-content\/uploads\/usu1971\/2023\/01\/IMG_20221219_220450_325-nou-200x150.jpg 200w\" sizes=\"auto, (max-width: 675px) 100vw, 675px\" \/><\/a><\/p>\n<h6 class=\"gmail_default\" style=\"text-align: center;\">L&#8217;activitat\u00a0 serv\u00ed\u00a0 com a balan\u00e7 emocional de l&#8217;any que clo\u00efa i per desitjar-nos\u00a0 tots\/es plegades&#8230;.<\/h6>\n<h3 class=\"gmail_default\" style=\"text-align: center;\"><b>FELI\u00c7 2023!!<\/b><\/h3>\n<h6 class=\"gmail_default\" style=\"text-align: justify;\"><b>PD: Us adjuntem la direcci\u00f3 d&#8217;instagram per a qualsevol dubte pregunta o inquietud al voltant de la musicoter\u00e0pia.<\/b><\/h6>\n<h6 class=\"gmail_default\" style=\"text-align: justify;\">Instagram &#8211; @xavierrot<\/h6>\n<p>&nbsp;<\/p>\n<h6 class=\"gmail_default\" style=\"text-align: justify;\"><\/h6>\n","protected":false},"excerpt":{"rendered":"<p>Durant els dies 14 -21 desembre l&#8217;alumnat dels cicles d&#8217;integraci\u00f3 social educaci\u00f3 infantil i Higiene bucodental (200 alumnes)\u00a0 varen desenvolupar sessions de musicoter\u00e0pia com a part de l&#8217;assignatura de FOL -dins l&#8217;\u00e0mbit de la prevenci\u00f3 dels riscos laborals sessions de musicoter\u00e0pia- i EIE &#8211; dins el NF1 i el desenvolupament de t\u00e8cniques de creativitat i [&hellip;]<\/p>\n","protected":false},"author":36,"featured_media":4173,"comment_status":"closed","ping_status":"closed","sticky":false,"template":"","format":"standard","meta":{"site-sidebar-layout":"default","site-content-layout":"","ast-site-content-layout":"","site-content-style":"default","site-sidebar-style":"default","ast-global-header-display":"","ast-banner-title-visibility":"","ast-main-header-display":"","ast-hfb-above-header-display":"","ast-hfb-below-header-display":"","ast-hfb-mobile-header-display":"","site-post-title":"","ast-breadcrumbs-content":"","ast-featured-img":"","footer-sml-layout":"","theme-transparent-header-meta":"","adv-header-id-meta":"","stick-header-meta":"","header-above-stick-meta":"","header-main-stick-meta":"","header-below-stick-meta":"","astra-migrate-meta-layouts":"default","ast-page-background-enabled":"default","ast-page-background-meta":{"desktop":{"background-color":"var(--ast-global-color-5)","background-image":"","background-repeat":"repeat","background-position":"center center","background-size":"auto","background-attachment":"scroll","background-type":"","background-media":"","overlay-type":"","overlay-color":"","overlay-opacity":"","overlay-gradient":""},"tablet":{"background-color":"","background-image":"","background-repeat":"repeat","background-position":"center center","background-size":"auto","background-attachment":"scroll","background-type":"","background-media":"","overlay-type":"","overlay-color":"","overlay-opacity":"","overlay-gradient":""},"mobile":{"background-color":"","background-image":"","background-repeat":"repeat","background-position":"center center","background-size":"auto","background-attachment":"scroll","background-type":"","background-media":"","overlay-type":"","overlay-color":"","overlay-opacity":"","overlay-gradient":""}},"ast-content-background-meta":{"desktop":{"background-color":"var(--ast-global-color-4)","background-image":"","background-repeat":"repeat","background-position":"center center","background-size":"auto","background-attachment":"scroll","background-type":"","background-media":"","overlay-type":"","overlay-color":"","overlay-opacity":"","overlay-gradient":""},"tablet":{"background-color":"var(--ast-global-color-4)","background-image":"","background-repeat":"repeat","background-position":"center center","background-size":"auto","background-attachment":"scroll","background-type":"","background-media":"","overlay-type":"","overlay-color":"","overlay-opacity":"","overlay-gradient":""},"mobile":{"background-color":"var(--ast-global-color-4)","background-image":"","background-repeat":"repeat","background-position":"center center","background-size":"auto","background-attachment":"scroll","background-type":"","background-media":"","overlay-type":"","overlay-color":"","overlay-opacity":"","overlay-gradient":""}},"footnotes":""},"categories":[29],"tags":[193,197],"class_list":["post-4172","post","type-post","status-publish","format-standard","has-post-thumbnail","hentry","category-portada","tag-cicles-formatius","tag-jornades-emprenedoria"],"post_mailing_queue_ids":[],"_links":{"self":[{"href":"https:\/\/agora.xtec.cat\/iesgallecs\/wp-json\/wp\/v2\/posts\/4172","targetHints":{"allow":["GET"]}}],"collection":[{"href":"https:\/\/agora.xtec.cat\/iesgallecs\/wp-json\/wp\/v2\/posts"}],"about":[{"href":"https:\/\/agora.xtec.cat\/iesgallecs\/wp-json\/wp\/v2\/types\/post"}],"author":[{"embeddable":true,"href":"https:\/\/agora.xtec.cat\/iesgallecs\/wp-json\/wp\/v2\/users\/36"}],"replies":[{"embeddable":true,"href":"https:\/\/agora.xtec.cat\/iesgallecs\/wp-json\/wp\/v2\/comments?post=4172"}],"version-history":[{"count":3,"href":"https:\/\/agora.xtec.cat\/iesgallecs\/wp-json\/wp\/v2\/posts\/4172\/revisions"}],"predecessor-version":[{"id":4179,"href":"https:\/\/agora.xtec.cat\/iesgallecs\/wp-json\/wp\/v2\/posts\/4172\/revisions\/4179"}],"wp:featuredmedia":[{"embeddable":true,"href":"https:\/\/agora.xtec.cat\/iesgallecs\/wp-json\/wp\/v2\/media\/4173"}],"wp:attachment":[{"href":"https:\/\/agora.xtec.cat\/iesgallecs\/wp-json\/wp\/v2\/media?parent=4172"}],"wp:term":[{"taxonomy":"category","embeddable":true,"href":"https:\/\/agora.xtec.cat\/iesgallecs\/wp-json\/wp\/v2\/categories?post=4172"},{"taxonomy":"post_tag","embeddable":true,"href":"https:\/\/agora.xtec.cat\/iesgallecs\/wp-json\/wp\/v2\/tags?post=4172"}],"curies":[{"name":"wp","href":"https:\/\/api.w.org\/{rel}","templated":true}]}}