{"id":4140,"date":"2022-12-16T11:42:32","date_gmt":"2022-12-16T10:42:32","guid":{"rendered":"https:\/\/agora.xtec.cat\/iesgallecs\/?p=4140"},"modified":"2022-12-16T11:43:00","modified_gmt":"2022-12-16T10:43:00","slug":"prevencio-i-actuacions-davant-un-incendi","status":"publish","type":"post","link":"https:\/\/agora.xtec.cat\/iesgallecs\/portada\/prevencio-i-actuacions-davant-un-incendi\/","title":{"rendered":"Prevenci\u00f3, coneixement i actuacions davant un incendi"},"content":{"rendered":"<p>El passat 12 i 13 de desembre, el Departament de FOL, dins la Unitat Formativa de Prevenci\u00f3 de Riscos Laborals va organitzar una xerrada,\u00a0 amb tot l&#8217;alumnat\u00a0de 1r dels diferents\u00a0cicles formatius,\u00a0 sobre la Naturalesa del Foc i\u00a0 com cal actuar enfront d&#8217;un incendi.<\/p>\n<p>El nostre ponent, Roger Llin\u00e0s, oficial\u00a0 Cap de\u00a0 Parc de Bombers de la Ciutat, ens va fer arribar la seva experi\u00e8ncia a trav\u00e9s de fotografies d&#8217;escenaris de diversos incendis, aix\u00ed com recomanacions a seguir, si algun cop, tenim la mala sort de viure una experi\u00e8ncia similar.<\/p>\n<p><a href=\"https:\/\/agora.xtec.cat\/iesgallecs\/portada\/prevencio-i-actuacions-davant-un-incendi\/attachment\/bombers\/\" rel=\"attachment wp-att-4141\"><img loading=\"lazy\" decoding=\"async\" class=\"aligncenter size-full wp-image-4141\" src=\"https:\/\/agora.xtec.cat\/iesgallecs\/wp-content\/uploads\/usu1971\/2022\/12\/BOMBERS-scaled.jpg\" alt=\"\" width=\"2560\" height=\"1552\" srcset=\"https:\/\/agora.xtec.cat\/iesgallecs\/wp-content\/uploads\/usu1971\/2022\/12\/BOMBERS-scaled.jpg 2560w, https:\/\/agora.xtec.cat\/iesgallecs\/wp-content\/uploads\/usu1971\/2022\/12\/BOMBERS-300x182.jpg 300w, https:\/\/agora.xtec.cat\/iesgallecs\/wp-content\/uploads\/usu1971\/2022\/12\/BOMBERS-1024x621.jpg 1024w, https:\/\/agora.xtec.cat\/iesgallecs\/wp-content\/uploads\/usu1971\/2022\/12\/BOMBERS-768x466.jpg 768w, https:\/\/agora.xtec.cat\/iesgallecs\/wp-content\/uploads\/usu1971\/2022\/12\/BOMBERS-1536x931.jpg 1536w, https:\/\/agora.xtec.cat\/iesgallecs\/wp-content\/uploads\/usu1971\/2022\/12\/BOMBERS-2048x1242.jpg 2048w\" sizes=\"auto, (max-width: 2560px) 100vw, 2560px\" \/><\/a><\/p>\n","protected":false},"excerpt":{"rendered":"<p>El passat 12 i 13 de desembre, el Departament de FOL, dins la Unitat Formativa de Prevenci\u00f3 de Riscos Laborals va organitzar una xerrada,\u00a0 amb tot l&#8217;alumnat\u00a0de 1r dels diferents\u00a0cicles formatius,\u00a0 sobre la Naturalesa del Foc i\u00a0 com cal actuar enfront d&#8217;un incendi. El nostre ponent, Roger Llin\u00e0s, oficial\u00a0 Cap de\u00a0 Parc de Bombers de [&hellip;]<\/p>\n","protected":false},"author":36,"featured_media":4141,"comment_status":"closed","ping_status":"closed","sticky":false,"template":"","format":"standard","meta":{"site-sidebar-layout":"default","site-content-layout":"","ast-site-content-layout":"","site-content-style":"default","site-sidebar-style":"default","ast-global-header-display":"","ast-banner-title-visibility":"","ast-main-header-display":"","ast-hfb-above-header-display":"","ast-hfb-below-header-display":"","ast-hfb-mobile-header-display":"","site-post-title":"","ast-breadcrumbs-content":"","ast-featured-img":"","footer-sml-layout":"","theme-transparent-header-meta":"","adv-header-id-meta":"","stick-header-meta":"","header-above-stick-meta":"","header-main-stick-meta":"","header-below-stick-meta":"","astra-migrate-meta-layouts":"default","ast-page-background-enabled":"default","ast-page-background-meta":{"desktop":{"background-color":"var(--ast-global-color-5)","background-image":"","background-repeat":"repeat","background-position":"center center","background-size":"auto","background-attachment":"scroll","background-type":"","background-media":"","overlay-type":"","overlay-color":"","overlay-opacity":"","overlay-gradient":""},"tablet":{"background-color":"","background-image":"","background-repeat":"repeat","background-position":"center center","background-size":"auto","background-attachment":"scroll","background-type":"","background-media":"","overlay-type":"","overlay-color":"","overlay-opacity":"","overlay-gradient":""},"mobile":{"background-color":"","background-image":"","background-repeat":"repeat","background-position":"center center","background-size":"auto","background-attachment":"scroll","background-type":"","background-media":"","overlay-type":"","overlay-color":"","overlay-opacity":"","overlay-gradient":""}},"ast-content-background-meta":{"desktop":{"background-color":"var(--ast-global-color-4)","background-image":"","background-repeat":"repeat","background-position":"center center","background-size":"auto","background-attachment":"scroll","background-type":"","background-media":"","overlay-type":"","overlay-color":"","overlay-opacity":"","overlay-gradient":""},"tablet":{"background-color":"var(--ast-global-color-4)","background-image":"","background-repeat":"repeat","background-position":"center center","background-size":"auto","background-attachment":"scroll","background-type":"","background-media":"","overlay-type":"","overlay-color":"","overlay-opacity":"","overlay-gradient":""},"mobile":{"background-color":"var(--ast-global-color-4)","background-image":"","background-repeat":"repeat","background-position":"center center","background-size":"auto","background-attachment":"scroll","background-type":"","background-media":"","overlay-type":"","overlay-color":"","overlay-opacity":"","overlay-gradient":""}},"footnotes":""},"categories":[29],"tags":[193,206,205],"class_list":["post-4140","post","type-post","status-publish","format-standard","has-post-thumbnail","hentry","category-portada","tag-cicles-formatius","tag-fol","tag-prevencio"],"post_mailing_queue_ids":[],"_links":{"self":[{"href":"https:\/\/agora.xtec.cat\/iesgallecs\/wp-json\/wp\/v2\/posts\/4140","targetHints":{"allow":["GET"]}}],"collection":[{"href":"https:\/\/agora.xtec.cat\/iesgallecs\/wp-json\/wp\/v2\/posts"}],"about":[{"href":"https:\/\/agora.xtec.cat\/iesgallecs\/wp-json\/wp\/v2\/types\/post"}],"author":[{"embeddable":true,"href":"https:\/\/agora.xtec.cat\/iesgallecs\/wp-json\/wp\/v2\/users\/36"}],"replies":[{"embeddable":true,"href":"https:\/\/agora.xtec.cat\/iesgallecs\/wp-json\/wp\/v2\/comments?post=4140"}],"version-history":[{"count":3,"href":"https:\/\/agora.xtec.cat\/iesgallecs\/wp-json\/wp\/v2\/posts\/4140\/revisions"}],"predecessor-version":[{"id":4145,"href":"https:\/\/agora.xtec.cat\/iesgallecs\/wp-json\/wp\/v2\/posts\/4140\/revisions\/4145"}],"wp:featuredmedia":[{"embeddable":true,"href":"https:\/\/agora.xtec.cat\/iesgallecs\/wp-json\/wp\/v2\/media\/4141"}],"wp:attachment":[{"href":"https:\/\/agora.xtec.cat\/iesgallecs\/wp-json\/wp\/v2\/media?parent=4140"}],"wp:term":[{"taxonomy":"category","embeddable":true,"href":"https:\/\/agora.xtec.cat\/iesgallecs\/wp-json\/wp\/v2\/categories?post=4140"},{"taxonomy":"post_tag","embeddable":true,"href":"https:\/\/agora.xtec.cat\/iesgallecs\/wp-json\/wp\/v2\/tags?post=4140"}],"curies":[{"name":"wp","href":"https:\/\/api.w.org\/{rel}","templated":true}]}}