{"id":4021,"date":"2022-11-23T11:56:42","date_gmt":"2022-11-23T10:56:42","guid":{"rendered":"https:\/\/agora.xtec.cat\/iesgallecs\/?p=4021"},"modified":"2022-11-23T11:57:01","modified_gmt":"2022-11-23T10:57:01","slug":"lins-gallecs-amb-el-dia-internacional-dels-drets-dels-infants","status":"publish","type":"post","link":"https:\/\/agora.xtec.cat\/iesgallecs\/general\/lins-gallecs-amb-el-dia-internacional-dels-drets-dels-infants\/","title":{"rendered":"L&#8217;Ins Gallecs amb el Dia Internacional dels Drets dels Infants"},"content":{"rendered":"<p>Quan es respectaran, per fi, tots els drets dels nostres infants del m\u00f3n?<\/p>\n<p>Des del CFGS\u00a0d\u2019Educaci\u00f3\u00a0Infantil de l&#8217;Institut Gallecs volem reivindicar el Dia Internacional dels Drets dels Infants que es celebra el 20 de novembre a tot el m\u00f3n. Nosaltres hem preparat una sessi\u00f3 de contacontes elaborats per\u00a0l\u2019alumnat\u00a0de primer\u00a0d\u2019educaci\u00f3\u00a0infantil.<\/p>\n<p>Hem parlat sobre el dret a una alimentaci\u00f3, habitatge i atenci\u00f3 m\u00e8dica, dret a una educaci\u00f3 gratu\u00efta, dret a divertir-se, a jugar, dret a la igualtat, sense distinci\u00f3 de ra\u00e7a, religi\u00f3 o nacionalitat, dret a un nom i a una nacionalitat,\u2026\u00a0i ens preguntem quan es respectaran aquests drets, dem\u00e0, dem\u00e0 passat,\u00a0d\u2019aqu\u00ed\u00a0vint anys? Els drets dels nens i nenes s\u00f3n cosa d&#8217;avui, perqu\u00e8 \u00e9s avui que s\u00f3n nens i nenes com ens diuen Alain Serres i Aur\u00e9lia Fronty en el conte Tinc dret a ser nen.<\/p>\n<div class=\"ast-oembed-container \" style=\"height: 100%;\"><iframe loading=\"lazy\" title=\"Els Drets dels Infants 20N\" width=\"500\" height=\"281\" src=\"https:\/\/www.youtube.com\/embed\/oeHhjv_Toss?feature=oembed\" frameborder=\"0\" allow=\"accelerometer; autoplay; clipboard-write; encrypted-media; gyroscope; picture-in-picture; web-share\" referrerpolicy=\"strict-origin-when-cross-origin\" allowfullscreen><\/iframe><\/div>\n","protected":false},"excerpt":{"rendered":"<p>Quan es respectaran, per fi, tots els drets dels nostres infants del m\u00f3n? Des del CFGS\u00a0d\u2019Educaci\u00f3\u00a0Infantil de l&#8217;Institut Gallecs volem reivindicar el Dia Internacional dels Drets dels Infants que es celebra el 20 de novembre a tot el m\u00f3n. Nosaltres hem preparat una sessi\u00f3 de contacontes elaborats per\u00a0l\u2019alumnat\u00a0de primer\u00a0d\u2019educaci\u00f3\u00a0infantil. Hem parlat sobre el dret a [&hellip;]<\/p>\n","protected":false},"author":36,"featured_media":4023,"comment_status":"closed","ping_status":"closed","sticky":false,"template":"","format":"standard","meta":{"site-sidebar-layout":"default","site-content-layout":"","ast-site-content-layout":"","site-content-style":"default","site-sidebar-style":"default","ast-global-header-display":"","ast-banner-title-visibility":"","ast-main-header-display":"","ast-hfb-above-header-display":"","ast-hfb-below-header-display":"","ast-hfb-mobile-header-display":"","site-post-title":"","ast-breadcrumbs-content":"","ast-featured-img":"","footer-sml-layout":"","theme-transparent-header-meta":"","adv-header-id-meta":"","stick-header-meta":"","header-above-stick-meta":"","header-main-stick-meta":"","header-below-stick-meta":"","astra-migrate-meta-layouts":"default","ast-page-background-enabled":"default","ast-page-background-meta":{"desktop":{"background-color":"var(--ast-global-color-5)","background-image":"","background-repeat":"repeat","background-position":"center center","background-size":"auto","background-attachment":"scroll","background-type":"","background-media":"","overlay-type":"","overlay-color":"","overlay-opacity":"","overlay-gradient":""},"tablet":{"background-color":"","background-image":"","background-repeat":"repeat","background-position":"center center","background-size":"auto","background-attachment":"scroll","background-type":"","background-media":"","overlay-type":"","overlay-color":"","overlay-opacity":"","overlay-gradient":""},"mobile":{"background-color":"","background-image":"","background-repeat":"repeat","background-position":"center center","background-size":"auto","background-attachment":"scroll","background-type":"","background-media":"","overlay-type":"","overlay-color":"","overlay-opacity":"","overlay-gradient":""}},"ast-content-background-meta":{"desktop":{"background-color":"var(--ast-global-color-4)","background-image":"","background-repeat":"repeat","background-position":"center center","background-size":"auto","background-attachment":"scroll","background-type":"","background-media":"","overlay-type":"","overlay-color":"","overlay-opacity":"","overlay-gradient":""},"tablet":{"background-color":"var(--ast-global-color-4)","background-image":"","background-repeat":"repeat","background-position":"center center","background-size":"auto","background-attachment":"scroll","background-type":"","background-media":"","overlay-type":"","overlay-color":"","overlay-opacity":"","overlay-gradient":""},"mobile":{"background-color":"var(--ast-global-color-4)","background-image":"","background-repeat":"repeat","background-position":"center center","background-size":"auto","background-attachment":"scroll","background-type":"","background-media":"","overlay-type":"","overlay-color":"","overlay-opacity":"","overlay-gradient":""}},"footnotes":""},"categories":[1,29],"tags":[193,199],"class_list":["post-4021","post","type-post","status-publish","format-standard","has-post-thumbnail","hentry","category-general","category-portada","tag-cicles-formatius","tag-educacio-infantil"],"post_mailing_queue_ids":[],"_links":{"self":[{"href":"https:\/\/agora.xtec.cat\/iesgallecs\/wp-json\/wp\/v2\/posts\/4021","targetHints":{"allow":["GET"]}}],"collection":[{"href":"https:\/\/agora.xtec.cat\/iesgallecs\/wp-json\/wp\/v2\/posts"}],"about":[{"href":"https:\/\/agora.xtec.cat\/iesgallecs\/wp-json\/wp\/v2\/types\/post"}],"author":[{"embeddable":true,"href":"https:\/\/agora.xtec.cat\/iesgallecs\/wp-json\/wp\/v2\/users\/36"}],"replies":[{"embeddable":true,"href":"https:\/\/agora.xtec.cat\/iesgallecs\/wp-json\/wp\/v2\/comments?post=4021"}],"version-history":[{"count":1,"href":"https:\/\/agora.xtec.cat\/iesgallecs\/wp-json\/wp\/v2\/posts\/4021\/revisions"}],"predecessor-version":[{"id":4022,"href":"https:\/\/agora.xtec.cat\/iesgallecs\/wp-json\/wp\/v2\/posts\/4021\/revisions\/4022"}],"wp:featuredmedia":[{"embeddable":true,"href":"https:\/\/agora.xtec.cat\/iesgallecs\/wp-json\/wp\/v2\/media\/4023"}],"wp:attachment":[{"href":"https:\/\/agora.xtec.cat\/iesgallecs\/wp-json\/wp\/v2\/media?parent=4021"}],"wp:term":[{"taxonomy":"category","embeddable":true,"href":"https:\/\/agora.xtec.cat\/iesgallecs\/wp-json\/wp\/v2\/categories?post=4021"},{"taxonomy":"post_tag","embeddable":true,"href":"https:\/\/agora.xtec.cat\/iesgallecs\/wp-json\/wp\/v2\/tags?post=4021"}],"curies":[{"name":"wp","href":"https:\/\/api.w.org\/{rel}","templated":true}]}}