{"id":4009,"date":"2022-11-22T13:28:45","date_gmt":"2022-11-22T12:28:45","guid":{"rendered":"https:\/\/agora.xtec.cat\/iesgallecs\/?p=4009"},"modified":"2022-11-22T13:29:24","modified_gmt":"2022-11-22T12:29:24","slug":"la-setmana-de-la-ciencia-acaba-als-peus-del-pedraforca","status":"publish","type":"post","link":"https:\/\/agora.xtec.cat\/iesgallecs\/portada\/la-setmana-de-la-ciencia-acaba-als-peus-del-pedraforca\/","title":{"rendered":"La setmana de la ci\u00e8ncia acaba als peus del Pedraforca"},"content":{"rendered":"<p><i>La Setmana de la Ci\u00e8ncia acaba amb la sortida de l&#8217;alumnat de ci\u00e8ncies de la terra a Saldes, als peus del Pedraforca. <\/i><\/p>\n<p><i>Una activitat de camp molt completa, com podeu veure, gr\u00e0cies al monitoratge i els recursos del centre d&#8217;interpretaci\u00f3<\/i>.<\/p>\n<p><a href=\"https:\/\/agora.xtec.cat\/iesgallecs\/portada\/la-setmana-de-la-ciencia-acaba-als-peus-del-pedraforca\/attachment\/001_geniallysintitulo-2\/\" rel=\"attachment wp-att-4017\"><img loading=\"lazy\" decoding=\"async\" class=\"aligncenter size-full wp-image-4017\" src=\"https:\/\/agora.xtec.cat\/iesgallecs\/wp-content\/uploads\/usu1971\/2022\/11\/001_Geniallysintitulo-1.jpg\" alt=\"\" width=\"2400\" height=\"1350\" srcset=\"https:\/\/agora.xtec.cat\/iesgallecs\/wp-content\/uploads\/usu1971\/2022\/11\/001_Geniallysintitulo-1.jpg 2400w, https:\/\/agora.xtec.cat\/iesgallecs\/wp-content\/uploads\/usu1971\/2022\/11\/001_Geniallysintitulo-1-300x169.jpg 300w, https:\/\/agora.xtec.cat\/iesgallecs\/wp-content\/uploads\/usu1971\/2022\/11\/001_Geniallysintitulo-1-1024x576.jpg 1024w, https:\/\/agora.xtec.cat\/iesgallecs\/wp-content\/uploads\/usu1971\/2022\/11\/001_Geniallysintitulo-1-768x432.jpg 768w, https:\/\/agora.xtec.cat\/iesgallecs\/wp-content\/uploads\/usu1971\/2022\/11\/001_Geniallysintitulo-1-1536x864.jpg 1536w, https:\/\/agora.xtec.cat\/iesgallecs\/wp-content\/uploads\/usu1971\/2022\/11\/001_Geniallysintitulo-1-2048x1152.jpg 2048w\" sizes=\"auto, (max-width: 2400px) 100vw, 2400px\" \/><\/a><\/p>\n<p><a href=\"https:\/\/agora.xtec.cat\/iesgallecs\/portada\/la-setmana-de-la-ciencia-acaba-als-peus-del-pedraforca\/attachment\/002_2-2\/\" rel=\"attachment wp-att-4016\"><img loading=\"lazy\" decoding=\"async\" class=\"aligncenter size-full wp-image-4016\" src=\"https:\/\/agora.xtec.cat\/iesgallecs\/wp-content\/uploads\/usu1971\/2022\/11\/002_2-1.jpg\" alt=\"\" width=\"2400\" height=\"1350\" srcset=\"https:\/\/agora.xtec.cat\/iesgallecs\/wp-content\/uploads\/usu1971\/2022\/11\/002_2-1.jpg 2400w, https:\/\/agora.xtec.cat\/iesgallecs\/wp-content\/uploads\/usu1971\/2022\/11\/002_2-1-300x169.jpg 300w, https:\/\/agora.xtec.cat\/iesgallecs\/wp-content\/uploads\/usu1971\/2022\/11\/002_2-1-1024x576.jpg 1024w, https:\/\/agora.xtec.cat\/iesgallecs\/wp-content\/uploads\/usu1971\/2022\/11\/002_2-1-768x432.jpg 768w, https:\/\/agora.xtec.cat\/iesgallecs\/wp-content\/uploads\/usu1971\/2022\/11\/002_2-1-1536x864.jpg 1536w, https:\/\/agora.xtec.cat\/iesgallecs\/wp-content\/uploads\/usu1971\/2022\/11\/002_2-1-2048x1152.jpg 2048w\" sizes=\"auto, (max-width: 2400px) 100vw, 2400px\" \/><\/a><\/p>\n<p>&nbsp;<\/p>\n<p>&nbsp;<\/p>\n","protected":false},"excerpt":{"rendered":"<p>La Setmana de la Ci\u00e8ncia acaba amb la sortida de l&#8217;alumnat de ci\u00e8ncies de la terra a Saldes, als peus del Pedraforca. Una activitat de camp molt completa, com podeu veure, gr\u00e0cies al monitoratge i els recursos del centre d&#8217;interpretaci\u00f3. &nbsp; &nbsp;<\/p>\n","protected":false},"author":36,"featured_media":4016,"comment_status":"closed","ping_status":"closed","sticky":false,"template":"","format":"standard","meta":{"site-sidebar-layout":"default","site-content-layout":"","ast-site-content-layout":"","site-content-style":"default","site-sidebar-style":"default","ast-global-header-display":"","ast-banner-title-visibility":"","ast-main-header-display":"","ast-hfb-above-header-display":"","ast-hfb-below-header-display":"","ast-hfb-mobile-header-display":"","site-post-title":"","ast-breadcrumbs-content":"","ast-featured-img":"","footer-sml-layout":"","theme-transparent-header-meta":"","adv-header-id-meta":"","stick-header-meta":"","header-above-stick-meta":"","header-main-stick-meta":"","header-below-stick-meta":"","astra-migrate-meta-layouts":"default","ast-page-background-enabled":"default","ast-page-background-meta":{"desktop":{"background-color":"var(--ast-global-color-5)","background-image":"","background-repeat":"repeat","background-position":"center center","background-size":"auto","background-attachment":"scroll","background-type":"","background-media":"","overlay-type":"","overlay-color":"","overlay-opacity":"","overlay-gradient":""},"tablet":{"background-color":"","background-image":"","background-repeat":"repeat","background-position":"center center","background-size":"auto","background-attachment":"scroll","background-type":"","background-media":"","overlay-type":"","overlay-color":"","overlay-opacity":"","overlay-gradient":""},"mobile":{"background-color":"","background-image":"","background-repeat":"repeat","background-position":"center center","background-size":"auto","background-attachment":"scroll","background-type":"","background-media":"","overlay-type":"","overlay-color":"","overlay-opacity":"","overlay-gradient":""}},"ast-content-background-meta":{"desktop":{"background-color":"var(--ast-global-color-4)","background-image":"","background-repeat":"repeat","background-position":"center center","background-size":"auto","background-attachment":"scroll","background-type":"","background-media":"","overlay-type":"","overlay-color":"","overlay-opacity":"","overlay-gradient":""},"tablet":{"background-color":"var(--ast-global-color-4)","background-image":"","background-repeat":"repeat","background-position":"center center","background-size":"auto","background-attachment":"scroll","background-type":"","background-media":"","overlay-type":"","overlay-color":"","overlay-opacity":"","overlay-gradient":""},"mobile":{"background-color":"var(--ast-global-color-4)","background-image":"","background-repeat":"repeat","background-position":"center center","background-size":"auto","background-attachment":"scroll","background-type":"","background-media":"","overlay-type":"","overlay-color":"","overlay-opacity":"","overlay-gradient":""}},"footnotes":""},"categories":[29],"tags":[200,142,163],"class_list":["post-4009","post","type-post","status-publish","format-standard","has-post-thumbnail","hentry","category-portada","tag-ciencies","tag-eso","tag-setmana-de-la-ciencia"],"post_mailing_queue_ids":[],"_links":{"self":[{"href":"https:\/\/agora.xtec.cat\/iesgallecs\/wp-json\/wp\/v2\/posts\/4009","targetHints":{"allow":["GET"]}}],"collection":[{"href":"https:\/\/agora.xtec.cat\/iesgallecs\/wp-json\/wp\/v2\/posts"}],"about":[{"href":"https:\/\/agora.xtec.cat\/iesgallecs\/wp-json\/wp\/v2\/types\/post"}],"author":[{"embeddable":true,"href":"https:\/\/agora.xtec.cat\/iesgallecs\/wp-json\/wp\/v2\/users\/36"}],"replies":[{"embeddable":true,"href":"https:\/\/agora.xtec.cat\/iesgallecs\/wp-json\/wp\/v2\/comments?post=4009"}],"version-history":[{"count":3,"href":"https:\/\/agora.xtec.cat\/iesgallecs\/wp-json\/wp\/v2\/posts\/4009\/revisions"}],"predecessor-version":[{"id":4020,"href":"https:\/\/agora.xtec.cat\/iesgallecs\/wp-json\/wp\/v2\/posts\/4009\/revisions\/4020"}],"wp:featuredmedia":[{"embeddable":true,"href":"https:\/\/agora.xtec.cat\/iesgallecs\/wp-json\/wp\/v2\/media\/4016"}],"wp:attachment":[{"href":"https:\/\/agora.xtec.cat\/iesgallecs\/wp-json\/wp\/v2\/media?parent=4009"}],"wp:term":[{"taxonomy":"category","embeddable":true,"href":"https:\/\/agora.xtec.cat\/iesgallecs\/wp-json\/wp\/v2\/categories?post=4009"},{"taxonomy":"post_tag","embeddable":true,"href":"https:\/\/agora.xtec.cat\/iesgallecs\/wp-json\/wp\/v2\/tags?post=4009"}],"curies":[{"name":"wp","href":"https:\/\/api.w.org\/{rel}","templated":true}]}}