{"id":3999,"date":"2022-11-17T17:20:20","date_gmt":"2022-11-17T16:20:20","guid":{"rendered":"https:\/\/agora.xtec.cat\/iesgallecs\/?p=3999"},"modified":"2022-11-17T17:20:21","modified_gmt":"2022-11-17T16:20:21","slug":"taller-de-contes-i-emprenedoria-al-cicle-deducacio-infantil","status":"publish","type":"post","link":"https:\/\/agora.xtec.cat\/iesgallecs\/general\/taller-de-contes-i-emprenedoria-al-cicle-deducacio-infantil\/","title":{"rendered":"Taller de contes i emprenedoria al Cicle d&#8217;Educaci\u00f3 Infantil"},"content":{"rendered":"<p class=\"MsoNormal\" style=\"margin-bottom: 0.0001pt; line-height: normal; background: white; text-align: justify;\"><span style=\"font-size: 12.0pt; font-family: 'Tahoma',sans-serif; mso-fareast-font-family: 'Times New Roman'; color: black; mso-ansi-language: ES; mso-fareast-language: ES;\">Avui dijous mat\u00ed l&#8217;alumnat d&#8217;educaci\u00f3 infantil ha realitzat el taller de contes i emprenedoria . En un primer terme se&#8217;ls ha explicat el desenvolupament del projecte i en seg\u00f3n terme l&#8217;alumnat ha pogut experimentar la pr\u00e0ctica i la viv\u00e8ncia.<\/span><\/p>\n<p>&nbsp;<\/p>\n<p><a href=\"https:\/\/agora.xtec.cat\/iesgallecs\/general\/taller-de-contes-i-emprenedoria-al-cicle-deducacio-infantil\/attachment\/whatsapp-image-2022-11-17-at-14-05-47\/\" rel=\"attachment wp-att-4002\"><img loading=\"lazy\" decoding=\"async\" class=\"aligncenter wp-image-4002\" src=\"https:\/\/agora.xtec.cat\/iesgallecs\/wp-content\/uploads\/usu1971\/2022\/11\/WhatsApp-Image-2022-11-17-at-14.05.47.jpeg\" alt=\"\" width=\"692\" height=\"311\" srcset=\"https:\/\/agora.xtec.cat\/iesgallecs\/wp-content\/uploads\/usu1971\/2022\/11\/WhatsApp-Image-2022-11-17-at-14.05.47.jpeg 2048w, https:\/\/agora.xtec.cat\/iesgallecs\/wp-content\/uploads\/usu1971\/2022\/11\/WhatsApp-Image-2022-11-17-at-14.05.47-300x135.jpeg 300w, https:\/\/agora.xtec.cat\/iesgallecs\/wp-content\/uploads\/usu1971\/2022\/11\/WhatsApp-Image-2022-11-17-at-14.05.47-1024x461.jpeg 1024w, https:\/\/agora.xtec.cat\/iesgallecs\/wp-content\/uploads\/usu1971\/2022\/11\/WhatsApp-Image-2022-11-17-at-14.05.47-768x345.jpeg 768w, https:\/\/agora.xtec.cat\/iesgallecs\/wp-content\/uploads\/usu1971\/2022\/11\/WhatsApp-Image-2022-11-17-at-14.05.47-1536x691.jpeg 1536w\" sizes=\"auto, (max-width: 692px) 100vw, 692px\" \/><\/a><\/p>\n<p>&nbsp;<\/p>\n<p class=\"MsoNormal\" style=\"margin-bottom: 0.0001pt; line-height: normal; background: white; text-align: justify;\"><span style=\"font-size: 12.0pt; font-family: 'Tahoma',sans-serif; mso-fareast-font-family: 'Times New Roman'; color: black; mso-ansi-language: ES; mso-fareast-language: ES;\">El passat dimarts l&#8217;alumnat d&#8217;integraci\u00f3 social de segon (mat\u00ed -tarda) varen poder gaudir d&#8217; una experi\u00e8ncia de creativitat prototipatge i coneixement d&#8217;emprenedoria femenina. En aquest sentit varen\u00a0 comptar amb una dona emprenedora, la Marta de Dolsa llibreta. <\/span><\/p>\n<p>&nbsp;<\/p>\n<p class=\"MsoNormal\" style=\"margin-bottom: 0.0001pt; line-height: normal; background: white; text-align: justify;\"><span style=\"font-size: 12.0pt; font-family: 'Tahoma',sans-serif; mso-fareast-font-family: 'Times New Roman'; color: black; mso-ansi-language: ES; mso-fareast-language: ES;\">A trav\u00e9s de l&#8217;enquadernaci\u00f3 d&#8217;una llibreta, l&#8217;alumnat experiment\u00e0 la t\u00e8cnica, com a forma de\u00a0 prototipatge\u00a0 i creativitat. I a la vegada possibles aplicacions sobre col\u00b7lectius desafavorits.<\/span><\/p>\n<p>&nbsp;<\/p>\n<p class=\"MsoNormal\" style=\"margin-bottom: 0.0001pt; line-height: normal; background: white; text-align: justify;\"><span style=\"font-size: 12.0pt; font-family: 'Tahoma',sans-serif; mso-fareast-font-family: 'Times New Roman'; color: black; mso-ansi-language: ES; mso-fareast-language: ES;\">Finalment,\u00a0 totes plegades, a trav\u00e9s d&#8217; aquest producte podrem realitzar un viatge interior a trav\u00e9s de la reflexi\u00f3 ;els viatges presents, o\u00a0 per fer escrit de llibres llegits&#8230;. Aquest i molts altres exemples\u00a0 se&#8217;ns brinda a partir d&#8217;aquest taller.\u00a0<\/span><\/p>\n<p>&nbsp;<\/p>\n<p><a href=\"https:\/\/agora.xtec.cat\/iesgallecs\/general\/taller-de-contes-i-emprenedoria-al-cicle-deducacio-infantil\/attachment\/whatsapp-image-2022-11-15-at-16-55-48\/\" rel=\"attachment wp-att-4000\"><img loading=\"lazy\" decoding=\"async\" class=\"wp-image-4000 alignleft\" src=\"https:\/\/agora.xtec.cat\/iesgallecs\/wp-content\/uploads\/usu1971\/2022\/11\/WhatsApp-Image-2022-11-15-at-16.55.48.jpeg\" alt=\"\" width=\"464\" height=\"619\" srcset=\"https:\/\/agora.xtec.cat\/iesgallecs\/wp-content\/uploads\/usu1971\/2022\/11\/WhatsApp-Image-2022-11-15-at-16.55.48.jpeg 1500w, https:\/\/agora.xtec.cat\/iesgallecs\/wp-content\/uploads\/usu1971\/2022\/11\/WhatsApp-Image-2022-11-15-at-16.55.48-225x300.jpeg 225w, https:\/\/agora.xtec.cat\/iesgallecs\/wp-content\/uploads\/usu1971\/2022\/11\/WhatsApp-Image-2022-11-15-at-16.55.48-768x1024.jpeg 768w, https:\/\/agora.xtec.cat\/iesgallecs\/wp-content\/uploads\/usu1971\/2022\/11\/WhatsApp-Image-2022-11-15-at-16.55.48-1152x1536.jpeg 1152w\" sizes=\"auto, (max-width: 464px) 100vw, 464px\" \/><\/a><\/p>\n<p><a href=\"https:\/\/agora.xtec.cat\/iesgallecs\/general\/taller-de-contes-i-emprenedoria-al-cicle-deducacio-infantil\/attachment\/whatsapp-image-2022-11-15-at-16-55-47-1\/\" rel=\"attachment wp-att-4001\"><img loading=\"lazy\" decoding=\"async\" class=\" wp-image-4001 alignright\" src=\"https:\/\/agora.xtec.cat\/iesgallecs\/wp-content\/uploads\/usu1971\/2022\/11\/WhatsApp-Image-2022-11-15-at-16.55.47-1.jpeg\" alt=\"\" width=\"467\" height=\"623\" srcset=\"https:\/\/agora.xtec.cat\/iesgallecs\/wp-content\/uploads\/usu1971\/2022\/11\/WhatsApp-Image-2022-11-15-at-16.55.47-1.jpeg 1500w, https:\/\/agora.xtec.cat\/iesgallecs\/wp-content\/uploads\/usu1971\/2022\/11\/WhatsApp-Image-2022-11-15-at-16.55.47-1-225x300.jpeg 225w, https:\/\/agora.xtec.cat\/iesgallecs\/wp-content\/uploads\/usu1971\/2022\/11\/WhatsApp-Image-2022-11-15-at-16.55.47-1-768x1024.jpeg 768w, https:\/\/agora.xtec.cat\/iesgallecs\/wp-content\/uploads\/usu1971\/2022\/11\/WhatsApp-Image-2022-11-15-at-16.55.47-1-1152x1536.jpeg 1152w\" sizes=\"auto, (max-width: 467px) 100vw, 467px\" \/><\/a><\/p>\n","protected":false},"excerpt":{"rendered":"<p>Avui dijous mat\u00ed l&#8217;alumnat d&#8217;educaci\u00f3 infantil ha realitzat el taller de contes i emprenedoria . En un primer terme se&#8217;ls ha explicat el desenvolupament del projecte i en seg\u00f3n terme l&#8217;alumnat ha pogut experimentar la pr\u00e0ctica i la viv\u00e8ncia. &nbsp; &nbsp; El passat dimarts l&#8217;alumnat d&#8217;integraci\u00f3 social de segon (mat\u00ed -tarda) varen poder gaudir d&#8217; [&hellip;]<\/p>\n","protected":false},"author":36,"featured_media":4002,"comment_status":"closed","ping_status":"closed","sticky":false,"template":"","format":"standard","meta":{"site-sidebar-layout":"default","site-content-layout":"","ast-site-content-layout":"","site-content-style":"default","site-sidebar-style":"default","ast-global-header-display":"","ast-banner-title-visibility":"","ast-main-header-display":"","ast-hfb-above-header-display":"","ast-hfb-below-header-display":"","ast-hfb-mobile-header-display":"","site-post-title":"","ast-breadcrumbs-content":"","ast-featured-img":"","footer-sml-layout":"","theme-transparent-header-meta":"","adv-header-id-meta":"","stick-header-meta":"","header-above-stick-meta":"","header-main-stick-meta":"","header-below-stick-meta":"","astra-migrate-meta-layouts":"default","ast-page-background-enabled":"default","ast-page-background-meta":{"desktop":{"background-color":"var(--ast-global-color-5)","background-image":"","background-repeat":"repeat","background-position":"center center","background-size":"auto","background-attachment":"scroll","background-type":"","background-media":"","overlay-type":"","overlay-color":"","overlay-opacity":"","overlay-gradient":""},"tablet":{"background-color":"","background-image":"","background-repeat":"repeat","background-position":"center center","background-size":"auto","background-attachment":"scroll","background-type":"","background-media":"","overlay-type":"","overlay-color":"","overlay-opacity":"","overlay-gradient":""},"mobile":{"background-color":"","background-image":"","background-repeat":"repeat","background-position":"center center","background-size":"auto","background-attachment":"scroll","background-type":"","background-media":"","overlay-type":"","overlay-color":"","overlay-opacity":"","overlay-gradient":""}},"ast-content-background-meta":{"desktop":{"background-color":"var(--ast-global-color-4)","background-image":"","background-repeat":"repeat","background-position":"center center","background-size":"auto","background-attachment":"scroll","background-type":"","background-media":"","overlay-type":"","overlay-color":"","overlay-opacity":"","overlay-gradient":""},"tablet":{"background-color":"var(--ast-global-color-4)","background-image":"","background-repeat":"repeat","background-position":"center center","background-size":"auto","background-attachment":"scroll","background-type":"","background-media":"","overlay-type":"","overlay-color":"","overlay-opacity":"","overlay-gradient":""},"mobile":{"background-color":"var(--ast-global-color-4)","background-image":"","background-repeat":"repeat","background-position":"center center","background-size":"auto","background-attachment":"scroll","background-type":"","background-media":"","overlay-type":"","overlay-color":"","overlay-opacity":"","overlay-gradient":""}},"footnotes":""},"categories":[1,29],"tags":[193,199,197],"class_list":["post-3999","post","type-post","status-publish","format-standard","has-post-thumbnail","hentry","category-general","category-portada","tag-cicles-formatius","tag-educacio-infantil","tag-jornades-emprenedoria"],"post_mailing_queue_ids":[],"_links":{"self":[{"href":"https:\/\/agora.xtec.cat\/iesgallecs\/wp-json\/wp\/v2\/posts\/3999","targetHints":{"allow":["GET"]}}],"collection":[{"href":"https:\/\/agora.xtec.cat\/iesgallecs\/wp-json\/wp\/v2\/posts"}],"about":[{"href":"https:\/\/agora.xtec.cat\/iesgallecs\/wp-json\/wp\/v2\/types\/post"}],"author":[{"embeddable":true,"href":"https:\/\/agora.xtec.cat\/iesgallecs\/wp-json\/wp\/v2\/users\/36"}],"replies":[{"embeddable":true,"href":"https:\/\/agora.xtec.cat\/iesgallecs\/wp-json\/wp\/v2\/comments?post=3999"}],"version-history":[{"count":3,"href":"https:\/\/agora.xtec.cat\/iesgallecs\/wp-json\/wp\/v2\/posts\/3999\/revisions"}],"predecessor-version":[{"id":4008,"href":"https:\/\/agora.xtec.cat\/iesgallecs\/wp-json\/wp\/v2\/posts\/3999\/revisions\/4008"}],"wp:featuredmedia":[{"embeddable":true,"href":"https:\/\/agora.xtec.cat\/iesgallecs\/wp-json\/wp\/v2\/media\/4002"}],"wp:attachment":[{"href":"https:\/\/agora.xtec.cat\/iesgallecs\/wp-json\/wp\/v2\/media?parent=3999"}],"wp:term":[{"taxonomy":"category","embeddable":true,"href":"https:\/\/agora.xtec.cat\/iesgallecs\/wp-json\/wp\/v2\/categories?post=3999"},{"taxonomy":"post_tag","embeddable":true,"href":"https:\/\/agora.xtec.cat\/iesgallecs\/wp-json\/wp\/v2\/tags?post=3999"}],"curies":[{"name":"wp","href":"https:\/\/api.w.org\/{rel}","templated":true}]}}