{"id":3992,"date":"2022-11-28T13:51:46","date_gmt":"2022-11-28T12:51:46","guid":{"rendered":"https:\/\/agora.xtec.cat\/iesgallecs\/?p=3992"},"modified":"2022-11-29T10:10:45","modified_gmt":"2022-11-29T09:10:45","slug":"la-setmana-de-la-ciencia-a-lins-gallecs","status":"publish","type":"post","link":"https:\/\/agora.xtec.cat\/iesgallecs\/portada\/la-setmana-de-la-ciencia-a-lins-gallecs\/","title":{"rendered":"La Setmana de la Ci\u00e8ncia a l&#8217;INS Gallecs"},"content":{"rendered":"<p>Arrenca la Setmana de la Ci\u00e8ncia a l&#8217;Institut Gallecs. Enguany ens acompanyaran professors i investigadors universitaris que ens parlaran sobre els riscos nuclears i els riscos geol\u00f2gics.<\/p>\n<p>Tamb\u00e9 acollirem les confer\u00e8ncies de la Marat\u00f3, i farem sab\u00f3 amb la nostra c\u00e8lebre recepte amb oli reutilitzat.<\/p>\n<p>La setmana es tancar\u00e0 amb la sortida de tot l&#8217;alumnat de ci\u00e8ncies de la terra a Saldes, per fer una activitat de camp en un entorn immillorable.<\/p>\n<p>Us deixem un resum de tot en aqu\u00ed.<a href=\"https:\/\/agora.xtec.cat\/iesgallecs\/portada\/la-setmana-de-la-ciencia-a-lins-gallecs\/attachment\/setmana-de-la-ciencia-2022\/\" rel=\"attachment wp-att-4034\">SETMANA DE LA CIE\u0300NCIA 2022<\/a><\/p>\n<p><a href=\"https:\/\/agora.xtec.cat\/iesgallecs\/portada\/la-setmana-de-la-ciencia-a-lins-gallecs\/attachment\/el-departament-de-ciencies-de-linstitut-gallecs\/\" rel=\"attachment wp-att-3993\"><br \/>\n<img loading=\"lazy\" decoding=\"async\" class=\"aligncenter wp-image-3993\" src=\"https:\/\/agora.xtec.cat\/iesgallecs\/wp-content\/uploads\/usu1971\/2022\/11\/EL-DEPARTAMENT-DE-CIE\u0300NCIES-DE-LINSTITUT-GALLECS.jpg\" alt=\"\" width=\"1028\" height=\"1455\" \/><\/a><\/p>\n","protected":false},"excerpt":{"rendered":"<p>Arrenca la Setmana de la Ci\u00e8ncia a l&#8217;Institut Gallecs. Enguany ens acompanyaran professors i investigadors universitaris que ens parlaran sobre els riscos nuclears i els riscos geol\u00f2gics. Tamb\u00e9 acollirem les confer\u00e8ncies de la Marat\u00f3, i farem sab\u00f3 amb la nostra c\u00e8lebre recepte amb oli reutilitzat. La setmana es tancar\u00e0 amb la sortida de tot l&#8217;alumnat [&hellip;]<\/p>\n","protected":false},"author":36,"featured_media":3998,"comment_status":"closed","ping_status":"closed","sticky":false,"template":"","format":"standard","meta":{"site-sidebar-layout":"default","site-content-layout":"","ast-site-content-layout":"","site-content-style":"default","site-sidebar-style":"default","ast-global-header-display":"","ast-banner-title-visibility":"","ast-main-header-display":"","ast-hfb-above-header-display":"","ast-hfb-below-header-display":"","ast-hfb-mobile-header-display":"","site-post-title":"","ast-breadcrumbs-content":"","ast-featured-img":"","footer-sml-layout":"","theme-transparent-header-meta":"","adv-header-id-meta":"","stick-header-meta":"","header-above-stick-meta":"","header-main-stick-meta":"","header-below-stick-meta":"","astra-migrate-meta-layouts":"default","ast-page-background-enabled":"default","ast-page-background-meta":{"desktop":{"background-color":"var(--ast-global-color-5)","background-image":"","background-repeat":"repeat","background-position":"center center","background-size":"auto","background-attachment":"scroll","background-type":"","background-media":"","overlay-type":"","overlay-color":"","overlay-opacity":"","overlay-gradient":""},"tablet":{"background-color":"","background-image":"","background-repeat":"repeat","background-position":"center center","background-size":"auto","background-attachment":"scroll","background-type":"","background-media":"","overlay-type":"","overlay-color":"","overlay-opacity":"","overlay-gradient":""},"mobile":{"background-color":"","background-image":"","background-repeat":"repeat","background-position":"center center","background-size":"auto","background-attachment":"scroll","background-type":"","background-media":"","overlay-type":"","overlay-color":"","overlay-opacity":"","overlay-gradient":""}},"ast-content-background-meta":{"desktop":{"background-color":"var(--ast-global-color-4)","background-image":"","background-repeat":"repeat","background-position":"center center","background-size":"auto","background-attachment":"scroll","background-type":"","background-media":"","overlay-type":"","overlay-color":"","overlay-opacity":"","overlay-gradient":""},"tablet":{"background-color":"var(--ast-global-color-4)","background-image":"","background-repeat":"repeat","background-position":"center center","background-size":"auto","background-attachment":"scroll","background-type":"","background-media":"","overlay-type":"","overlay-color":"","overlay-opacity":"","overlay-gradient":""},"mobile":{"background-color":"var(--ast-global-color-4)","background-image":"","background-repeat":"repeat","background-position":"center center","background-size":"auto","background-attachment":"scroll","background-type":"","background-media":"","overlay-type":"","overlay-color":"","overlay-opacity":"","overlay-gradient":""}},"footnotes":""},"categories":[29],"tags":[],"class_list":["post-3992","post","type-post","status-publish","format-standard","has-post-thumbnail","hentry","category-portada"],"post_mailing_queue_ids":[],"_links":{"self":[{"href":"https:\/\/agora.xtec.cat\/iesgallecs\/wp-json\/wp\/v2\/posts\/3992","targetHints":{"allow":["GET"]}}],"collection":[{"href":"https:\/\/agora.xtec.cat\/iesgallecs\/wp-json\/wp\/v2\/posts"}],"about":[{"href":"https:\/\/agora.xtec.cat\/iesgallecs\/wp-json\/wp\/v2\/types\/post"}],"author":[{"embeddable":true,"href":"https:\/\/agora.xtec.cat\/iesgallecs\/wp-json\/wp\/v2\/users\/36"}],"replies":[{"embeddable":true,"href":"https:\/\/agora.xtec.cat\/iesgallecs\/wp-json\/wp\/v2\/comments?post=3992"}],"version-history":[{"count":3,"href":"https:\/\/agora.xtec.cat\/iesgallecs\/wp-json\/wp\/v2\/posts\/3992\/revisions"}],"predecessor-version":[{"id":4035,"href":"https:\/\/agora.xtec.cat\/iesgallecs\/wp-json\/wp\/v2\/posts\/3992\/revisions\/4035"}],"wp:featuredmedia":[{"embeddable":true,"href":"https:\/\/agora.xtec.cat\/iesgallecs\/wp-json\/wp\/v2\/media\/3998"}],"wp:attachment":[{"href":"https:\/\/agora.xtec.cat\/iesgallecs\/wp-json\/wp\/v2\/media?parent=3992"}],"wp:term":[{"taxonomy":"category","embeddable":true,"href":"https:\/\/agora.xtec.cat\/iesgallecs\/wp-json\/wp\/v2\/categories?post=3992"},{"taxonomy":"post_tag","embeddable":true,"href":"https:\/\/agora.xtec.cat\/iesgallecs\/wp-json\/wp\/v2\/tags?post=3992"}],"curies":[{"name":"wp","href":"https:\/\/api.w.org\/{rel}","templated":true}]}}