{"id":3884,"date":"2022-10-12T20:20:11","date_gmt":"2022-10-12T18:20:11","guid":{"rendered":"https:\/\/agora.xtec.cat\/iesgallecs\/?p=3884"},"modified":"2022-10-24T14:05:40","modified_gmt":"2022-10-24T12:05:40","slug":"lins-gallecs-participa-en-el-projecte-cete","status":"publish","type":"post","link":"https:\/\/agora.xtec.cat\/iesgallecs\/portada\/lins-gallecs-participa-en-el-projecte-cete\/","title":{"rendered":"L\u2019INS Gallecs participa en el Projecte Europeu CETE+ a Ravensburg"},"content":{"rendered":"<p>El curs passat el Servei Comunitari de l&#8217;INS Gallecs va ser\u00a0 va ser guardonat amb un projecte Erasmus+ juntament amb 6 instituts m\u00e9s de tota Catalunya. Aquesta acreditiaci\u00f3\u00a0Eramus\u00a0\u00e9s un un reconeixement a tota la tasca feta durant els darrers 7 anys i un premi a tot l\u2019esfor\u00e7 i dedicaci\u00f3 de professorat, alumnat i entitats que col.laboren amb nosaltres i que fan possible l&#8217;\u00e8xit del nostre programa d&#8217;aprenentatge servei.<\/p>\n<p>El passat 3 d&#8217;octubre tres professores vam tenir l&#8217;oportunitat de viatjar\u00a0 per fer aquest per\u00edode d&#8217;observaci\u00f3 de bones pr\u00e0ctiques a la ciutat alemana de Ravensburg acompanyades per una representant de l&#8217;Ajuntament de Mollet del Vall\u00e8s.\u00a0<a href=\"https:\/\/agora.xtec.cat\/iesgallecs\/general\/lins-gallecs-participa-en-el-projecte-cete\/attachment\/img-20221005-wa0006\/\" rel=\"attachment wp-att-3885\"><img loading=\"lazy\" decoding=\"async\" class=\"wp-image-3885 aligncenter\" src=\"https:\/\/agora.xtec.cat\/iesgallecs\/wp-content\/uploads\/usu1971\/2022\/10\/IMG-20221005-WA0006.jpg\" alt=\"\" width=\"535\" height=\"401\" srcset=\"https:\/\/agora.xtec.cat\/iesgallecs\/wp-content\/uploads\/usu1971\/2022\/10\/IMG-20221005-WA0006.jpg 1024w, https:\/\/agora.xtec.cat\/iesgallecs\/wp-content\/uploads\/usu1971\/2022\/10\/IMG-20221005-WA0006-300x225.jpg 300w, https:\/\/agora.xtec.cat\/iesgallecs\/wp-content\/uploads\/usu1971\/2022\/10\/IMG-20221005-WA0006-768x576.jpg 768w, https:\/\/agora.xtec.cat\/iesgallecs\/wp-content\/uploads\/usu1971\/2022\/10\/IMG-20221005-WA0006-200x150.jpg 200w\" sizes=\"auto, (max-width: 535px) 100vw, 535px\" \/><\/a><\/p>\n<p>L&#8217;Ajuntament de Ravensburg i Institut Soziale Berufe de Ravensburg ens van fer d&#8217;amfitrions i durant tota la setmana ens van mostrar diferents projectes de voluntariat associats al jovent de la ciutat com per exemple els realitzats per la Fundaci\u00f3 Stiftung Liebenau que treballa per la inclusi\u00f3 social, l&#8217;Associaci\u00f3 esportiva de Ravensburg que agrupa les associacions esportives de Ravensburg i compta amb centenars de voluntaris esportius, l&#8217;Associaci\u00f3 ecologista BUND, l&#8217;oficina de voluntariat de Ravensburg i la Fundaci\u00f3\u00a0 Demokratie leben per fomentar la democr\u00e0cia a les ciutats.<\/p>\n<p>Esperem ben aviat poder aplicar totes aquestes bones pr\u00e0ctiques a l&#8217;INS Gallecs i a la nostra ciutat.<\/p>\n<p><a href=\"https:\/\/agora.xtec.cat\/iesgallecs\/general\/lins-gallecs-participa-en-el-projecte-cete\/attachment\/img-20221006-wa0004\/\" rel=\"attachment wp-att-3886\"><img loading=\"lazy\" decoding=\"async\" class=\"aligncenter size-full wp-image-3886\" src=\"https:\/\/agora.xtec.cat\/iesgallecs\/wp-content\/uploads\/usu1971\/2022\/10\/IMG-20221006-WA0004-e1665598698764.jpg\" alt=\"\" width=\"1285\" height=\"711\" srcset=\"https:\/\/agora.xtec.cat\/iesgallecs\/wp-content\/uploads\/usu1971\/2022\/10\/IMG-20221006-WA0004-e1665598698764.jpg 1285w, https:\/\/agora.xtec.cat\/iesgallecs\/wp-content\/uploads\/usu1971\/2022\/10\/IMG-20221006-WA0004-e1665598698764-300x166.jpg 300w, https:\/\/agora.xtec.cat\/iesgallecs\/wp-content\/uploads\/usu1971\/2022\/10\/IMG-20221006-WA0004-e1665598698764-1024x567.jpg 1024w, https:\/\/agora.xtec.cat\/iesgallecs\/wp-content\/uploads\/usu1971\/2022\/10\/IMG-20221006-WA0004-e1665598698764-768x425.jpg 768w\" sizes=\"auto, (max-width: 1285px) 100vw, 1285px\" \/><\/a><\/p>\n<p>&nbsp;<\/p>\n","protected":false},"excerpt":{"rendered":"<p>El curs passat el Servei Comunitari de l&#8217;INS Gallecs va ser\u00a0 va ser guardonat amb un projecte Erasmus+ juntament amb 6 instituts m\u00e9s de tota Catalunya. Aquesta acreditiaci\u00f3\u00a0Eramus\u00a0\u00e9s un un reconeixement a tota la tasca feta durant els darrers 7 anys i un premi a tot l\u2019esfor\u00e7 i dedicaci\u00f3 de professorat, alumnat i entitats que [&hellip;]<\/p>\n","protected":false},"author":36,"featured_media":3886,"comment_status":"closed","ping_status":"closed","sticky":false,"template":"","format":"standard","meta":{"site-sidebar-layout":"default","site-content-layout":"","ast-site-content-layout":"","site-content-style":"default","site-sidebar-style":"default","ast-global-header-display":"","ast-banner-title-visibility":"","ast-main-header-display":"","ast-hfb-above-header-display":"","ast-hfb-below-header-display":"","ast-hfb-mobile-header-display":"","site-post-title":"","ast-breadcrumbs-content":"","ast-featured-img":"","footer-sml-layout":"","theme-transparent-header-meta":"","adv-header-id-meta":"","stick-header-meta":"","header-above-stick-meta":"","header-main-stick-meta":"","header-below-stick-meta":"","astra-migrate-meta-layouts":"default","ast-page-background-enabled":"default","ast-page-background-meta":{"desktop":{"background-color":"var(--ast-global-color-5)","background-image":"","background-repeat":"repeat","background-position":"center center","background-size":"auto","background-attachment":"scroll","background-type":"","background-media":"","overlay-type":"","overlay-color":"","overlay-opacity":"","overlay-gradient":""},"tablet":{"background-color":"","background-image":"","background-repeat":"repeat","background-position":"center center","background-size":"auto","background-attachment":"scroll","background-type":"","background-media":"","overlay-type":"","overlay-color":"","overlay-opacity":"","overlay-gradient":""},"mobile":{"background-color":"","background-image":"","background-repeat":"repeat","background-position":"center center","background-size":"auto","background-attachment":"scroll","background-type":"","background-media":"","overlay-type":"","overlay-color":"","overlay-opacity":"","overlay-gradient":""}},"ast-content-background-meta":{"desktop":{"background-color":"var(--ast-global-color-4)","background-image":"","background-repeat":"repeat","background-position":"center center","background-size":"auto","background-attachment":"scroll","background-type":"","background-media":"","overlay-type":"","overlay-color":"","overlay-opacity":"","overlay-gradient":""},"tablet":{"background-color":"var(--ast-global-color-4)","background-image":"","background-repeat":"repeat","background-position":"center center","background-size":"auto","background-attachment":"scroll","background-type":"","background-media":"","overlay-type":"","overlay-color":"","overlay-opacity":"","overlay-gradient":""},"mobile":{"background-color":"var(--ast-global-color-4)","background-image":"","background-repeat":"repeat","background-position":"center center","background-size":"auto","background-attachment":"scroll","background-type":"","background-media":"","overlay-type":"","overlay-color":"","overlay-opacity":"","overlay-gradient":""}},"footnotes":""},"categories":[29],"tags":[],"class_list":["post-3884","post","type-post","status-publish","format-standard","has-post-thumbnail","hentry","category-portada"],"post_mailing_queue_ids":[],"_links":{"self":[{"href":"https:\/\/agora.xtec.cat\/iesgallecs\/wp-json\/wp\/v2\/posts\/3884","targetHints":{"allow":["GET"]}}],"collection":[{"href":"https:\/\/agora.xtec.cat\/iesgallecs\/wp-json\/wp\/v2\/posts"}],"about":[{"href":"https:\/\/agora.xtec.cat\/iesgallecs\/wp-json\/wp\/v2\/types\/post"}],"author":[{"embeddable":true,"href":"https:\/\/agora.xtec.cat\/iesgallecs\/wp-json\/wp\/v2\/users\/36"}],"replies":[{"embeddable":true,"href":"https:\/\/agora.xtec.cat\/iesgallecs\/wp-json\/wp\/v2\/comments?post=3884"}],"version-history":[{"count":3,"href":"https:\/\/agora.xtec.cat\/iesgallecs\/wp-json\/wp\/v2\/posts\/3884\/revisions"}],"predecessor-version":[{"id":3936,"href":"https:\/\/agora.xtec.cat\/iesgallecs\/wp-json\/wp\/v2\/posts\/3884\/revisions\/3936"}],"wp:featuredmedia":[{"embeddable":true,"href":"https:\/\/agora.xtec.cat\/iesgallecs\/wp-json\/wp\/v2\/media\/3886"}],"wp:attachment":[{"href":"https:\/\/agora.xtec.cat\/iesgallecs\/wp-json\/wp\/v2\/media?parent=3884"}],"wp:term":[{"taxonomy":"category","embeddable":true,"href":"https:\/\/agora.xtec.cat\/iesgallecs\/wp-json\/wp\/v2\/categories?post=3884"},{"taxonomy":"post_tag","embeddable":true,"href":"https:\/\/agora.xtec.cat\/iesgallecs\/wp-json\/wp\/v2\/tags?post=3884"}],"curies":[{"name":"wp","href":"https:\/\/api.w.org\/{rel}","templated":true}]}}