{"id":3872,"date":"2022-09-29T21:47:48","date_gmt":"2022-09-29T19:47:48","guid":{"rendered":"https:\/\/agora.xtec.cat\/iesgallecs\/?p=3872"},"modified":"2022-10-06T12:07:29","modified_gmt":"2022-10-06T10:07:29","slug":"lhospital-sant-joan-de-deu-a-linstitut","status":"publish","type":"post","link":"https:\/\/agora.xtec.cat\/iesgallecs\/portada\/lhospital-sant-joan-de-deu-a-linstitut\/","title":{"rendered":"L&#8217;Hospital Sant Joan de D\u00e9u, als Matins de la Recerca"},"content":{"rendered":"<p><i>La Cap de Comunicaci\u00f3 de l&#8217;Hospital Sant Joan de D\u00e9u, la doctora Ana Maria Merino, ha protagonitzat una de les confer\u00e8ncies dels Matins de la Recerca que ha acollit l&#8217;Institut Gallecs per quart curs consecutiu. Enguany, les sessions han estat dirigides a tot l&#8217;alumnat de primer de batxillerat en el marc de la nova assignatura de Reptes Cient\u00edfics. La tem\u00e0tica ha estat d&#8217;all\u00f2 m\u00e9s adient: &#8220;kit de superviv\u00e8ncia a internet. Criteris en la selecci\u00f3 d&#8217;informaci\u00f3 en mat\u00e8ria de salut&#8221;. Agra\u00efm a la doctora la seva predisposici\u00f3 i entusiasme!<\/i><\/p>\n<p><a href=\"https:\/\/agora.xtec.cat\/iesgallecs\/wp-content\/uploads\/usu1971\/2022\/09\/HOSPI-scaled.jpg\"><img loading=\"lazy\" decoding=\"async\" class=\"aligncenter size-large wp-image-3873\" src=\"https:\/\/agora.xtec.cat\/iesgallecs\/wp-content\/uploads\/usu1971\/2022\/09\/HOSPI-1024x677.jpg\" alt=\"\" width=\"1024\" height=\"677\" \/><\/a><\/p>\n<p><a href=\"https:\/\/agora.xtec.cat\/iesgallecs\/wp-content\/uploads\/usu1971\/2022\/09\/MATINS-DE-LA-RECERCA-2022.png\"><img loading=\"lazy\" decoding=\"async\" class=\"aligncenter size-full wp-image-3874\" src=\"https:\/\/agora.xtec.cat\/iesgallecs\/wp-content\/uploads\/usu1971\/2022\/09\/MATINS-DE-LA-RECERCA-2022.png\" alt=\"\" width=\"556\" height=\"786\" srcset=\"https:\/\/agora.xtec.cat\/iesgallecs\/wp-content\/uploads\/usu1971\/2022\/09\/MATINS-DE-LA-RECERCA-2022.png 556w, https:\/\/agora.xtec.cat\/iesgallecs\/wp-content\/uploads\/usu1971\/2022\/09\/MATINS-DE-LA-RECERCA-2022-212x300.png 212w\" sizes=\"auto, (max-width: 556px) 100vw, 556px\" \/><\/a><\/p>\n","protected":false},"excerpt":{"rendered":"<p>La Cap de Comunicaci\u00f3 de l&#8217;Hospital Sant Joan de D\u00e9u, la doctora Ana Maria Merino, ha protagonitzat una de les confer\u00e8ncies dels Matins de la Recerca que ha acollit l&#8217;Institut Gallecs per quart curs consecutiu. Enguany, les sessions han estat dirigides a tot l&#8217;alumnat de primer de batxillerat en el marc de la nova assignatura [&hellip;]<\/p>\n","protected":false},"author":36,"featured_media":3873,"comment_status":"closed","ping_status":"closed","sticky":false,"template":"","format":"standard","meta":{"site-sidebar-layout":"default","site-content-layout":"","ast-site-content-layout":"","site-content-style":"default","site-sidebar-style":"default","ast-global-header-display":"","ast-banner-title-visibility":"","ast-main-header-display":"","ast-hfb-above-header-display":"","ast-hfb-below-header-display":"","ast-hfb-mobile-header-display":"","site-post-title":"","ast-breadcrumbs-content":"","ast-featured-img":"","footer-sml-layout":"","theme-transparent-header-meta":"","adv-header-id-meta":"","stick-header-meta":"","header-above-stick-meta":"","header-main-stick-meta":"","header-below-stick-meta":"","astra-migrate-meta-layouts":"default","ast-page-background-enabled":"default","ast-page-background-meta":{"desktop":{"background-color":"var(--ast-global-color-5)","background-image":"","background-repeat":"repeat","background-position":"center center","background-size":"auto","background-attachment":"scroll","background-type":"","background-media":"","overlay-type":"","overlay-color":"","overlay-opacity":"","overlay-gradient":""},"tablet":{"background-color":"","background-image":"","background-repeat":"repeat","background-position":"center center","background-size":"auto","background-attachment":"scroll","background-type":"","background-media":"","overlay-type":"","overlay-color":"","overlay-opacity":"","overlay-gradient":""},"mobile":{"background-color":"","background-image":"","background-repeat":"repeat","background-position":"center center","background-size":"auto","background-attachment":"scroll","background-type":"","background-media":"","overlay-type":"","overlay-color":"","overlay-opacity":"","overlay-gradient":""}},"ast-content-background-meta":{"desktop":{"background-color":"var(--ast-global-color-4)","background-image":"","background-repeat":"repeat","background-position":"center center","background-size":"auto","background-attachment":"scroll","background-type":"","background-media":"","overlay-type":"","overlay-color":"","overlay-opacity":"","overlay-gradient":""},"tablet":{"background-color":"var(--ast-global-color-4)","background-image":"","background-repeat":"repeat","background-position":"center center","background-size":"auto","background-attachment":"scroll","background-type":"","background-media":"","overlay-type":"","overlay-color":"","overlay-opacity":"","overlay-gradient":""},"mobile":{"background-color":"var(--ast-global-color-4)","background-image":"","background-repeat":"repeat","background-position":"center center","background-size":"auto","background-attachment":"scroll","background-type":"","background-media":"","overlay-type":"","overlay-color":"","overlay-opacity":"","overlay-gradient":""}},"footnotes":""},"categories":[29],"tags":[],"class_list":["post-3872","post","type-post","status-publish","format-standard","has-post-thumbnail","hentry","category-portada"],"post_mailing_queue_ids":[],"_links":{"self":[{"href":"https:\/\/agora.xtec.cat\/iesgallecs\/wp-json\/wp\/v2\/posts\/3872","targetHints":{"allow":["GET"]}}],"collection":[{"href":"https:\/\/agora.xtec.cat\/iesgallecs\/wp-json\/wp\/v2\/posts"}],"about":[{"href":"https:\/\/agora.xtec.cat\/iesgallecs\/wp-json\/wp\/v2\/types\/post"}],"author":[{"embeddable":true,"href":"https:\/\/agora.xtec.cat\/iesgallecs\/wp-json\/wp\/v2\/users\/36"}],"replies":[{"embeddable":true,"href":"https:\/\/agora.xtec.cat\/iesgallecs\/wp-json\/wp\/v2\/comments?post=3872"}],"version-history":[{"count":3,"href":"https:\/\/agora.xtec.cat\/iesgallecs\/wp-json\/wp\/v2\/posts\/3872\/revisions"}],"predecessor-version":[{"id":3879,"href":"https:\/\/agora.xtec.cat\/iesgallecs\/wp-json\/wp\/v2\/posts\/3872\/revisions\/3879"}],"wp:featuredmedia":[{"embeddable":true,"href":"https:\/\/agora.xtec.cat\/iesgallecs\/wp-json\/wp\/v2\/media\/3873"}],"wp:attachment":[{"href":"https:\/\/agora.xtec.cat\/iesgallecs\/wp-json\/wp\/v2\/media?parent=3872"}],"wp:term":[{"taxonomy":"category","embeddable":true,"href":"https:\/\/agora.xtec.cat\/iesgallecs\/wp-json\/wp\/v2\/categories?post=3872"},{"taxonomy":"post_tag","embeddable":true,"href":"https:\/\/agora.xtec.cat\/iesgallecs\/wp-json\/wp\/v2\/tags?post=3872"}],"curies":[{"name":"wp","href":"https:\/\/api.w.org\/{rel}","templated":true}]}}