{"id":3820,"date":"2022-07-15T12:29:45","date_gmt":"2022-07-15T10:29:45","guid":{"rendered":"https:\/\/agora.xtec.cat\/iesgallecs\/?p=3820"},"modified":"2022-09-22T12:36:30","modified_gmt":"2022-09-22T10:36:30","slug":"acte-public-llistes-despera-cicles-formatius","status":"publish","type":"post","link":"https:\/\/agora.xtec.cat\/iesgallecs\/portada\/acte-public-llistes-despera-cicles-formatius\/","title":{"rendered":"Acte p\u00fablic &#8211; Llistes d&#8217;espera Cicles Formatius"},"content":{"rendered":"<div style=\"text-align: justify;\">Gesti\u00f3 de LLISTA D&#8217;ESPERA del proc\u00e9s de PREINSCRIPCI\u00d3\u00a0 als Cicles Formatius de GRAU MITJ\u00c0 i de GRAU SUPERIOR.\u00a0 Curs 2022-2023.<\/div>\n<div style=\"text-align: justify;\"><\/div>\n<div style=\"text-align: justify;\">\u00a0 \u00a0 &#8211; Dia\u00a0<b>25\/07\/2022<\/b>\u00a0a les\u00a0<b>10.00h<\/b>\u00a0&#8211; Cicles Formatius de\u00a0<b>Grau Mitj\u00e0<\/b><\/div>\n<div style=\"text-align: justify;\">\u00a0 \u00a0 &#8211; Dia<b>\u00a025\/07\/2022<\/b>\u00a0a les\u00a0<b>12.00h<\/b>\u00a0&#8211; Cicles Formatius de\u00a0<b>Grau Superior<\/b><\/div>\n<div style=\"text-align: justify;\"><\/div>\n<div style=\"text-align: justify;\">Solament poden assistir aquelles persones que estant\u00a0en llista\u00a0d&#8217;espera<\/div>\n<div style=\"text-align: justify;\"><\/div>\n<div style=\"text-align: justify;\"><a href=\"https:\/\/agora.xtec.cat\/iesgallecs\/wp-content\/uploads\/usu1971\/2022\/07\/LLISTA-DESPERA-A-CICLES-FORMATIUS-DE-GRAU-MITJA.-RESTA-DALUMNAT.pdf\" target=\"_blank\" rel=\"noopener\">LLISTA D&#8217;ESPERA A CICLES FORMATIUS DE GRAU MITJ\u00c0. RESTA D&#8217;ALUMNAT<\/a><\/div>\n<div style=\"text-align: justify;\"><\/div>\n<div style=\"text-align: justify;\"><a href=\"https:\/\/agora.xtec.cat\/iesgallecs\/wp-content\/uploads\/usu1971\/2022\/07\/LLISTA-DESPERA-DE-CICLES-FORMATIUS-DE-GRAU-SUPERIOR.pdf\" target=\"_blank\" rel=\"noopener\">LLISTA D&#8217;ESPERA DE CICLES FORMATIUS DE GRAU SUPERIOR<\/a><\/div>\n<div style=\"text-align: justify;\"><\/div>\n<div style=\"text-align: justify;\"><\/div>\n<div style=\"text-align: justify;\"><span style=\"color: #ff0000;\"><b>Les persones que constin en la llista d&#8217;espera\u00a0podran anar personalment a l&#8217;acte o designar representant degudament autoritzat per tal que actu\u00ef en el seu nom i representaci\u00f3.<\/b><\/span><\/div>\n<div><\/div>\n<div style=\"text-align: justify;\"><span style=\"color: #ff0000;\"><b>La no assist\u00e8ncia a l&#8217;acte representa la p\u00e8rdua del dret d&#8217;obtenci\u00f3 d&#8217;una pla\u00e7a.<\/b><\/span><\/div>\n","protected":false},"excerpt":{"rendered":"<p>Gesti\u00f3 de LLISTA D&#8217;ESPERA del proc\u00e9s de PREINSCRIPCI\u00d3\u00a0 als Cicles Formatius de GRAU MITJ\u00c0 i de GRAU SUPERIOR.\u00a0 Curs 2022-2023. \u00a0 \u00a0 &#8211; Dia\u00a025\/07\/2022\u00a0a les\u00a010.00h\u00a0&#8211; Cicles Formatius de\u00a0Grau Mitj\u00e0 \u00a0 \u00a0 &#8211; Dia\u00a025\/07\/2022\u00a0a les\u00a012.00h\u00a0&#8211; Cicles Formatius de\u00a0Grau Superior Solament poden assistir aquelles persones que estant\u00a0en llista\u00a0d&#8217;espera LLISTA D&#8217;ESPERA A CICLES FORMATIUS DE GRAU MITJ\u00c0. RESTA [&hellip;]<\/p>\n","protected":false},"author":36,"featured_media":2990,"comment_status":"closed","ping_status":"closed","sticky":false,"template":"","format":"standard","meta":{"site-sidebar-layout":"default","site-content-layout":"","ast-site-content-layout":"","site-content-style":"default","site-sidebar-style":"default","ast-global-header-display":"","ast-banner-title-visibility":"","ast-main-header-display":"","ast-hfb-above-header-display":"","ast-hfb-below-header-display":"","ast-hfb-mobile-header-display":"","site-post-title":"","ast-breadcrumbs-content":"","ast-featured-img":"","footer-sml-layout":"","theme-transparent-header-meta":"","adv-header-id-meta":"","stick-header-meta":"","header-above-stick-meta":"","header-main-stick-meta":"","header-below-stick-meta":"","astra-migrate-meta-layouts":"default","ast-page-background-enabled":"default","ast-page-background-meta":{"desktop":{"background-color":"var(--ast-global-color-5)","background-image":"","background-repeat":"repeat","background-position":"center center","background-size":"auto","background-attachment":"scroll","background-type":"","background-media":"","overlay-type":"","overlay-color":"","overlay-opacity":"","overlay-gradient":""},"tablet":{"background-color":"","background-image":"","background-repeat":"repeat","background-position":"center center","background-size":"auto","background-attachment":"scroll","background-type":"","background-media":"","overlay-type":"","overlay-color":"","overlay-opacity":"","overlay-gradient":""},"mobile":{"background-color":"","background-image":"","background-repeat":"repeat","background-position":"center center","background-size":"auto","background-attachment":"scroll","background-type":"","background-media":"","overlay-type":"","overlay-color":"","overlay-opacity":"","overlay-gradient":""}},"ast-content-background-meta":{"desktop":{"background-color":"var(--ast-global-color-4)","background-image":"","background-repeat":"repeat","background-position":"center center","background-size":"auto","background-attachment":"scroll","background-type":"","background-media":"","overlay-type":"","overlay-color":"","overlay-opacity":"","overlay-gradient":""},"tablet":{"background-color":"var(--ast-global-color-4)","background-image":"","background-repeat":"repeat","background-position":"center center","background-size":"auto","background-attachment":"scroll","background-type":"","background-media":"","overlay-type":"","overlay-color":"","overlay-opacity":"","overlay-gradient":""},"mobile":{"background-color":"var(--ast-global-color-4)","background-image":"","background-repeat":"repeat","background-position":"center center","background-size":"auto","background-attachment":"scroll","background-type":"","background-media":"","overlay-type":"","overlay-color":"","overlay-opacity":"","overlay-gradient":""}},"footnotes":""},"categories":[29],"tags":[],"class_list":["post-3820","post","type-post","status-publish","format-standard","has-post-thumbnail","hentry","category-portada"],"post_mailing_queue_ids":[],"_links":{"self":[{"href":"https:\/\/agora.xtec.cat\/iesgallecs\/wp-json\/wp\/v2\/posts\/3820","targetHints":{"allow":["GET"]}}],"collection":[{"href":"https:\/\/agora.xtec.cat\/iesgallecs\/wp-json\/wp\/v2\/posts"}],"about":[{"href":"https:\/\/agora.xtec.cat\/iesgallecs\/wp-json\/wp\/v2\/types\/post"}],"author":[{"embeddable":true,"href":"https:\/\/agora.xtec.cat\/iesgallecs\/wp-json\/wp\/v2\/users\/36"}],"replies":[{"embeddable":true,"href":"https:\/\/agora.xtec.cat\/iesgallecs\/wp-json\/wp\/v2\/comments?post=3820"}],"version-history":[{"count":3,"href":"https:\/\/agora.xtec.cat\/iesgallecs\/wp-json\/wp\/v2\/posts\/3820\/revisions"}],"predecessor-version":[{"id":3861,"href":"https:\/\/agora.xtec.cat\/iesgallecs\/wp-json\/wp\/v2\/posts\/3820\/revisions\/3861"}],"wp:featuredmedia":[{"embeddable":true,"href":"https:\/\/agora.xtec.cat\/iesgallecs\/wp-json\/wp\/v2\/media\/2990"}],"wp:attachment":[{"href":"https:\/\/agora.xtec.cat\/iesgallecs\/wp-json\/wp\/v2\/media?parent=3820"}],"wp:term":[{"taxonomy":"category","embeddable":true,"href":"https:\/\/agora.xtec.cat\/iesgallecs\/wp-json\/wp\/v2\/categories?post=3820"},{"taxonomy":"post_tag","embeddable":true,"href":"https:\/\/agora.xtec.cat\/iesgallecs\/wp-json\/wp\/v2\/tags?post=3820"}],"curies":[{"name":"wp","href":"https:\/\/api.w.org\/{rel}","templated":true}]}}