{"id":3667,"date":"2022-05-22T11:07:35","date_gmt":"2022-05-22T09:07:35","guid":{"rendered":"https:\/\/agora.xtec.cat\/iesgallecs\/?p=3667"},"modified":"2022-05-23T17:17:53","modified_gmt":"2022-05-23T15:17:53","slug":"17e-premi-cami-ral-per-un-tdr-sobre-mollet","status":"publish","type":"post","link":"https:\/\/agora.xtec.cat\/iesgallecs\/portada\/17e-premi-cami-ral-per-un-tdr-sobre-mollet\/","title":{"rendered":"17\u00e8 Premi Cam\u00ed Ral per un TdR sobre Mollet"},"content":{"rendered":"<p>Gen\u00eds Hern\u00e1ndez, de 2n de batxillerat, va rebre el 17\u00e8 Premi Cam\u00ed Ral del Centre d\u2019Estudis de Granollers pel seu treball de recerca sobre l\u2019impacte de la guerra civil a Mollet del Vall\u00e8s. El t\u00edtol del seu treball \u00e9s \u201c<em>Mem\u00f2ria hist\u00f2rica, v\u00edctimes i represaliats a Mollet del Vall\u00e8s (1936-1975)<\/em>\u201d la professora d\u2019hist\u00f2ria Magda Rodr\u00edguez va ser la seva tutora en aquest treball.<\/p>\n<p>El Gen\u00eds ens ha dit que: &#8220;rebre el premi Cam\u00ed Ral de treballs de recerca em fa molta il\u00b7lusi\u00f3 no nom\u00e9s pel fet del reconeixement, sin\u00f3 tamb\u00e9 per veure que el meu treball t\u00e9 futur m\u00e9s enll\u00e0 de l&#8217;\u00e0mbit acad\u00e8mic. Durant molts anys a tots els ciutadans d&#8217;aquest pa\u00eds se li van negar tots els seus drets fonamentals. Amb el meu treball volia reivindicar aquests drets, fer just\u00edcia i atorgar el reconeixement a totes aquelles persones que van ser oblidades.&#8221;<\/p>\n<p><a href=\"https:\/\/agora.xtec.cat\/iesgallecs\/wp-content\/uploads\/usu1971\/2022\/05\/WhatsApp-Image-2022-05-17-at-10.23.10-1.jpeg\"><img loading=\"lazy\" decoding=\"async\" class=\"alignnone size-full wp-image-3669\" src=\"https:\/\/agora.xtec.cat\/iesgallecs\/wp-content\/uploads\/usu1971\/2022\/05\/WhatsApp-Image-2022-05-17-at-10.23.10-1.jpeg\" alt=\"\" width=\"1024\" height=\"604\" srcset=\"https:\/\/agora.xtec.cat\/iesgallecs\/wp-content\/uploads\/usu1971\/2022\/05\/WhatsApp-Image-2022-05-17-at-10.23.10-1.jpeg 1024w, https:\/\/agora.xtec.cat\/iesgallecs\/wp-content\/uploads\/usu1971\/2022\/05\/WhatsApp-Image-2022-05-17-at-10.23.10-1-300x177.jpeg 300w, https:\/\/agora.xtec.cat\/iesgallecs\/wp-content\/uploads\/usu1971\/2022\/05\/WhatsApp-Image-2022-05-17-at-10.23.10-1-768x453.jpeg 768w\" sizes=\"auto, (max-width: 1024px) 100vw, 1024px\" \/><\/a><\/p>\n<p><a href=\"https:\/\/agora.xtec.cat\/iesgallecs\/wp-content\/uploads\/usu1971\/2022\/05\/WhatsApp-Image-2022-05-17-at-10.23.10-3.jpeg\"><img loading=\"lazy\" decoding=\"async\" class=\"alignnone size-full wp-image-3670\" src=\"https:\/\/agora.xtec.cat\/iesgallecs\/wp-content\/uploads\/usu1971\/2022\/05\/WhatsApp-Image-2022-05-17-at-10.23.10-3.jpeg\" alt=\"\" width=\"768\" height=\"1024\" srcset=\"https:\/\/agora.xtec.cat\/iesgallecs\/wp-content\/uploads\/usu1971\/2022\/05\/WhatsApp-Image-2022-05-17-at-10.23.10-3.jpeg 768w, https:\/\/agora.xtec.cat\/iesgallecs\/wp-content\/uploads\/usu1971\/2022\/05\/WhatsApp-Image-2022-05-17-at-10.23.10-3-225x300.jpeg 225w\" sizes=\"auto, (max-width: 768px) 100vw, 768px\" \/><\/a><\/p>\n","protected":false},"excerpt":{"rendered":"<p>Gen\u00eds Hern\u00e1ndez, de 2n de batxillerat, va rebre el 17\u00e8 Premi Cam\u00ed Ral del Centre d\u2019Estudis de Granollers pel seu treball de recerca sobre l\u2019impacte de la guerra civil a Mollet del Vall\u00e8s. El t\u00edtol del seu treball \u00e9s \u201cMem\u00f2ria hist\u00f2rica, v\u00edctimes i represaliats a Mollet del Vall\u00e8s (1936-1975)\u201d la professora d\u2019hist\u00f2ria Magda Rodr\u00edguez va [&hellip;]<\/p>\n","protected":false},"author":36,"featured_media":3672,"comment_status":"closed","ping_status":"closed","sticky":false,"template":"","format":"standard","meta":{"site-sidebar-layout":"default","site-content-layout":"","ast-site-content-layout":"","site-content-style":"default","site-sidebar-style":"default","ast-global-header-display":"","ast-banner-title-visibility":"","ast-main-header-display":"","ast-hfb-above-header-display":"","ast-hfb-below-header-display":"","ast-hfb-mobile-header-display":"","site-post-title":"","ast-breadcrumbs-content":"","ast-featured-img":"","footer-sml-layout":"","theme-transparent-header-meta":"","adv-header-id-meta":"","stick-header-meta":"","header-above-stick-meta":"","header-main-stick-meta":"","header-below-stick-meta":"","astra-migrate-meta-layouts":"default","ast-page-background-enabled":"default","ast-page-background-meta":{"desktop":{"background-color":"var(--ast-global-color-5)","background-image":"","background-repeat":"repeat","background-position":"center center","background-size":"auto","background-attachment":"scroll","background-type":"","background-media":"","overlay-type":"","overlay-color":"","overlay-opacity":"","overlay-gradient":""},"tablet":{"background-color":"","background-image":"","background-repeat":"repeat","background-position":"center center","background-size":"auto","background-attachment":"scroll","background-type":"","background-media":"","overlay-type":"","overlay-color":"","overlay-opacity":"","overlay-gradient":""},"mobile":{"background-color":"","background-image":"","background-repeat":"repeat","background-position":"center center","background-size":"auto","background-attachment":"scroll","background-type":"","background-media":"","overlay-type":"","overlay-color":"","overlay-opacity":"","overlay-gradient":""}},"ast-content-background-meta":{"desktop":{"background-color":"var(--ast-global-color-4)","background-image":"","background-repeat":"repeat","background-position":"center center","background-size":"auto","background-attachment":"scroll","background-type":"","background-media":"","overlay-type":"","overlay-color":"","overlay-opacity":"","overlay-gradient":""},"tablet":{"background-color":"var(--ast-global-color-4)","background-image":"","background-repeat":"repeat","background-position":"center center","background-size":"auto","background-attachment":"scroll","background-type":"","background-media":"","overlay-type":"","overlay-color":"","overlay-opacity":"","overlay-gradient":""},"mobile":{"background-color":"var(--ast-global-color-4)","background-image":"","background-repeat":"repeat","background-position":"center center","background-size":"auto","background-attachment":"scroll","background-type":"","background-media":"","overlay-type":"","overlay-color":"","overlay-opacity":"","overlay-gradient":""}},"footnotes":""},"categories":[29],"tags":[],"class_list":["post-3667","post","type-post","status-publish","format-standard","has-post-thumbnail","hentry","category-portada"],"post_mailing_queue_ids":[],"_links":{"self":[{"href":"https:\/\/agora.xtec.cat\/iesgallecs\/wp-json\/wp\/v2\/posts\/3667","targetHints":{"allow":["GET"]}}],"collection":[{"href":"https:\/\/agora.xtec.cat\/iesgallecs\/wp-json\/wp\/v2\/posts"}],"about":[{"href":"https:\/\/agora.xtec.cat\/iesgallecs\/wp-json\/wp\/v2\/types\/post"}],"author":[{"embeddable":true,"href":"https:\/\/agora.xtec.cat\/iesgallecs\/wp-json\/wp\/v2\/users\/36"}],"replies":[{"embeddable":true,"href":"https:\/\/agora.xtec.cat\/iesgallecs\/wp-json\/wp\/v2\/comments?post=3667"}],"version-history":[{"count":2,"href":"https:\/\/agora.xtec.cat\/iesgallecs\/wp-json\/wp\/v2\/posts\/3667\/revisions"}],"predecessor-version":[{"id":3678,"href":"https:\/\/agora.xtec.cat\/iesgallecs\/wp-json\/wp\/v2\/posts\/3667\/revisions\/3678"}],"wp:featuredmedia":[{"embeddable":true,"href":"https:\/\/agora.xtec.cat\/iesgallecs\/wp-json\/wp\/v2\/media\/3672"}],"wp:attachment":[{"href":"https:\/\/agora.xtec.cat\/iesgallecs\/wp-json\/wp\/v2\/media?parent=3667"}],"wp:term":[{"taxonomy":"category","embeddable":true,"href":"https:\/\/agora.xtec.cat\/iesgallecs\/wp-json\/wp\/v2\/categories?post=3667"},{"taxonomy":"post_tag","embeddable":true,"href":"https:\/\/agora.xtec.cat\/iesgallecs\/wp-json\/wp\/v2\/tags?post=3667"}],"curies":[{"name":"wp","href":"https:\/\/api.w.org\/{rel}","templated":true}]}}