{"id":3614,"date":"2022-04-08T21:50:05","date_gmt":"2022-04-08T19:50:05","guid":{"rendered":"https:\/\/agora.xtec.cat\/iesgallecs\/?p=3614"},"modified":"2022-04-08T21:50:16","modified_gmt":"2022-04-08T19:50:16","slug":"modificacions-en-el-pla-dactuacio","status":"publish","type":"post","link":"https:\/\/agora.xtec.cat\/iesgallecs\/portada\/modificacions-en-el-pla-dactuacio\/","title":{"rendered":"MODIFICACIONS EN EL PLA D&#8217;ACTUACI\u00d3"},"content":{"rendered":"<p style=\"font-weight: 400;\">Benvolgudes fam\u00edlies i alumnat,<\/p>\n<p style=\"font-weight: 400;\">Us informem de les modificacions previstes en el Pla d\u2019Actuaci\u00f3 per al curs 2021-2022 per a l\u2019INS GALLECS en el marc de la pand\u00e8mia per covid-19 que\u00a0<strong>seran vigents a partir del dimarts 19 d\u2019abril<\/strong>.<\/p>\n<p style=\"font-weight: 400;\"><strong>Tot l\u2019alumnat de mat\u00ed i de tarda accedir\u00e0 al centre i en sortir\u00e0 per la porta de dalt<\/strong>\u00a0(Pg. Cesc Bas,5)\u00a0<strong>ja no es realitzar\u00e0 el protocol d\u2019entrades i sortides esglaonades<\/strong>. Tornem a la normalitat en l\u2019horari del grup classe.<\/p>\n<p style=\"font-weight: 400;\">Pel mat\u00ed l\u2019hora d\u2019entrada ser\u00e0 a les 8:00h per a tots els grups i la sortida a les 14:30 per als grups que en el seu horari aquesta sigui la seva hora de sortida.<\/p>\n<p style=\"font-weight: 400;\">Per la tarda l\u2019hora d\u2019entrada ser\u00e0 a l\u2019hora en punt per a tots els grups (15:00h, 16:00h o 17:00 segons consti en l\u2019horari del grup) i la sortida a les 21:30 de dilluns a dijous i a les 20:30 els divendres per als grups que en el seu horari aquesta sigui la seva hora de sortida.<\/p>\n<p style=\"font-weight: 400;\">L\u2019hora de l\u2019esbarjo:<\/p>\n<ol>\n<li style=\"font-weight: 400;\">a) pel mat\u00ed ser\u00e0 d\u201911:00h a 11:30h per a tothom. L\u2019alumnat de 1r i 2n d\u2019ESO mantindran els espais assignats. L\u2019alumnat de 3r i 4t d\u2019ESO compartiran els dos espais assignats fins ara.<\/li>\n<li style=\"font-weight: 400;\">b) per la tarda ser\u00e0 de 18:00h a 18:30h per a tothom.<\/li>\n<\/ol>\n<p style=\"font-weight: 400;\">\u00c9s imprescindible el rigor en la puntualitat de tot l\u2019alumnat per tal de facilitar la gesti\u00f3 d\u2019entrades i sortides del centre.<\/p>\n<p style=\"font-weight: 400;\">Gr\u00e0cies per la vostra col\u00b7laboraci\u00f3.<\/p>\n<p style=\"font-weight: 400;\">Aprofitem per desitjar-vos una Bona Pasqua.<\/p>\n<p style=\"font-weight: 400;\">Direcci\u00f3<\/p>\n","protected":false},"excerpt":{"rendered":"<p>Benvolgudes fam\u00edlies i alumnat, Us informem de les modificacions previstes en el Pla d\u2019Actuaci\u00f3 per al curs 2021-2022 per a l\u2019INS GALLECS en el marc de la pand\u00e8mia per covid-19 que\u00a0seran vigents a partir del dimarts 19 d\u2019abril. Tot l\u2019alumnat de mat\u00ed i de tarda accedir\u00e0 al centre i en sortir\u00e0 per la porta de [&hellip;]<\/p>\n","protected":false},"author":36,"featured_media":3615,"comment_status":"closed","ping_status":"closed","sticky":false,"template":"","format":"standard","meta":{"site-sidebar-layout":"default","site-content-layout":"","ast-site-content-layout":"","site-content-style":"default","site-sidebar-style":"default","ast-global-header-display":"","ast-banner-title-visibility":"","ast-main-header-display":"","ast-hfb-above-header-display":"","ast-hfb-below-header-display":"","ast-hfb-mobile-header-display":"","site-post-title":"","ast-breadcrumbs-content":"","ast-featured-img":"","footer-sml-layout":"","theme-transparent-header-meta":"","adv-header-id-meta":"","stick-header-meta":"","header-above-stick-meta":"","header-main-stick-meta":"","header-below-stick-meta":"","astra-migrate-meta-layouts":"default","ast-page-background-enabled":"default","ast-page-background-meta":{"desktop":{"background-color":"var(--ast-global-color-5)","background-image":"","background-repeat":"repeat","background-position":"center center","background-size":"auto","background-attachment":"scroll","background-type":"","background-media":"","overlay-type":"","overlay-color":"","overlay-opacity":"","overlay-gradient":""},"tablet":{"background-color":"","background-image":"","background-repeat":"repeat","background-position":"center center","background-size":"auto","background-attachment":"scroll","background-type":"","background-media":"","overlay-type":"","overlay-color":"","overlay-opacity":"","overlay-gradient":""},"mobile":{"background-color":"","background-image":"","background-repeat":"repeat","background-position":"center center","background-size":"auto","background-attachment":"scroll","background-type":"","background-media":"","overlay-type":"","overlay-color":"","overlay-opacity":"","overlay-gradient":""}},"ast-content-background-meta":{"desktop":{"background-color":"var(--ast-global-color-4)","background-image":"","background-repeat":"repeat","background-position":"center center","background-size":"auto","background-attachment":"scroll","background-type":"","background-media":"","overlay-type":"","overlay-color":"","overlay-opacity":"","overlay-gradient":""},"tablet":{"background-color":"var(--ast-global-color-4)","background-image":"","background-repeat":"repeat","background-position":"center center","background-size":"auto","background-attachment":"scroll","background-type":"","background-media":"","overlay-type":"","overlay-color":"","overlay-opacity":"","overlay-gradient":""},"mobile":{"background-color":"var(--ast-global-color-4)","background-image":"","background-repeat":"repeat","background-position":"center center","background-size":"auto","background-attachment":"scroll","background-type":"","background-media":"","overlay-type":"","overlay-color":"","overlay-opacity":"","overlay-gradient":""}},"footnotes":""},"categories":[29],"tags":[],"class_list":["post-3614","post","type-post","status-publish","format-standard","has-post-thumbnail","hentry","category-portada"],"post_mailing_queue_ids":[],"_links":{"self":[{"href":"https:\/\/agora.xtec.cat\/iesgallecs\/wp-json\/wp\/v2\/posts\/3614","targetHints":{"allow":["GET"]}}],"collection":[{"href":"https:\/\/agora.xtec.cat\/iesgallecs\/wp-json\/wp\/v2\/posts"}],"about":[{"href":"https:\/\/agora.xtec.cat\/iesgallecs\/wp-json\/wp\/v2\/types\/post"}],"author":[{"embeddable":true,"href":"https:\/\/agora.xtec.cat\/iesgallecs\/wp-json\/wp\/v2\/users\/36"}],"replies":[{"embeddable":true,"href":"https:\/\/agora.xtec.cat\/iesgallecs\/wp-json\/wp\/v2\/comments?post=3614"}],"version-history":[{"count":1,"href":"https:\/\/agora.xtec.cat\/iesgallecs\/wp-json\/wp\/v2\/posts\/3614\/revisions"}],"predecessor-version":[{"id":3616,"href":"https:\/\/agora.xtec.cat\/iesgallecs\/wp-json\/wp\/v2\/posts\/3614\/revisions\/3616"}],"wp:featuredmedia":[{"embeddable":true,"href":"https:\/\/agora.xtec.cat\/iesgallecs\/wp-json\/wp\/v2\/media\/3615"}],"wp:attachment":[{"href":"https:\/\/agora.xtec.cat\/iesgallecs\/wp-json\/wp\/v2\/media?parent=3614"}],"wp:term":[{"taxonomy":"category","embeddable":true,"href":"https:\/\/agora.xtec.cat\/iesgallecs\/wp-json\/wp\/v2\/categories?post=3614"},{"taxonomy":"post_tag","embeddable":true,"href":"https:\/\/agora.xtec.cat\/iesgallecs\/wp-json\/wp\/v2\/tags?post=3614"}],"curies":[{"name":"wp","href":"https:\/\/api.w.org\/{rel}","templated":true}]}}