{"id":3579,"date":"2022-03-30T09:16:30","date_gmt":"2022-03-30T07:16:30","guid":{"rendered":"https:\/\/agora.xtec.cat\/iesgallecs\/?p=3579"},"modified":"2022-03-30T09:17:12","modified_gmt":"2022-03-30T07:17:12","slug":"taller-de-transferencies-i-mobilitzacions","status":"publish","type":"post","link":"https:\/\/agora.xtec.cat\/iesgallecs\/portada\/taller-de-transferencies-i-mobilitzacions\/","title":{"rendered":"Taller de transfer\u00e8ncies i mobilitzacions"},"content":{"rendered":"<p>L&#8217;altre dia ens va acompanyar la Marta Vidal, fisioterapeuta de la Resid\u00e8ncia Immaculada per fer-nos una sessi\u00f3 pr\u00e0ctica sobre transfer\u00e8ncies i mobilitzacions per a l&#8217;alumnat d&#8217;Integraci\u00f3 Social. Aquestes col\u00b7laboracions entre l&#8217;institut i les empreses fan possible que l&#8217;aprenentatge del nostre alumnat sigui real, actual i pr\u00e0ctic. Gr\u00e0cies a la Marta Vidal per les teves aportacions a l&#8217;atenci\u00f3 de la gent gran i a la Rosa Prat, per acompanyar-nos sempre en totes les idees que us plantegem. Quina ser\u00e0 la seg\u00fcent?<\/p>\n<p><a href=\"https:\/\/agora.xtec.cat\/iesgallecs\/wp-content\/uploads\/usu1971\/2022\/03\/Collage-Fotos-taller-transferencies-i-mobilitzacions1.jpg\"><img loading=\"lazy\" decoding=\"async\" class=\"alignnone size-full wp-image-3581\" src=\"https:\/\/agora.xtec.cat\/iesgallecs\/wp-content\/uploads\/usu1971\/2022\/03\/Collage-Fotos-taller-transferencies-i-mobilitzacions1.jpg\" alt=\"\" width=\"831\" height=\"480\" srcset=\"https:\/\/agora.xtec.cat\/iesgallecs\/wp-content\/uploads\/usu1971\/2022\/03\/Collage-Fotos-taller-transferencies-i-mobilitzacions1.jpg 831w, https:\/\/agora.xtec.cat\/iesgallecs\/wp-content\/uploads\/usu1971\/2022\/03\/Collage-Fotos-taller-transferencies-i-mobilitzacions1-300x173.jpg 300w, https:\/\/agora.xtec.cat\/iesgallecs\/wp-content\/uploads\/usu1971\/2022\/03\/Collage-Fotos-taller-transferencies-i-mobilitzacions1-768x444.jpg 768w\" sizes=\"auto, (max-width: 831px) 100vw, 831px\" \/><\/a><a href=\"https:\/\/agora.xtec.cat\/iesgallecs\/wp-content\/uploads\/usu1971\/2022\/03\/Collage-Fotos-taller-transferencies-i-mobilitzacions3.jpg\"><img loading=\"lazy\" decoding=\"async\" class=\"size-full wp-image-3582 alignleft\" src=\"https:\/\/agora.xtec.cat\/iesgallecs\/wp-content\/uploads\/usu1971\/2022\/03\/Collage-Fotos-taller-transferencies-i-mobilitzacions3.jpg\" alt=\"\" width=\"467\" height=\"362\" srcset=\"https:\/\/agora.xtec.cat\/iesgallecs\/wp-content\/uploads\/usu1971\/2022\/03\/Collage-Fotos-taller-transferencies-i-mobilitzacions3.jpg 467w, https:\/\/agora.xtec.cat\/iesgallecs\/wp-content\/uploads\/usu1971\/2022\/03\/Collage-Fotos-taller-transferencies-i-mobilitzacions3-300x233.jpg 300w\" sizes=\"auto, (max-width: 467px) 100vw, 467px\" \/><\/a><\/p>\n","protected":false},"excerpt":{"rendered":"<p>L&#8217;altre dia ens va acompanyar la Marta Vidal, fisioterapeuta de la Resid\u00e8ncia Immaculada per fer-nos una sessi\u00f3 pr\u00e0ctica sobre transfer\u00e8ncies i mobilitzacions per a l&#8217;alumnat d&#8217;Integraci\u00f3 Social. Aquestes col\u00b7laboracions entre l&#8217;institut i les empreses fan possible que l&#8217;aprenentatge del nostre alumnat sigui real, actual i pr\u00e0ctic. Gr\u00e0cies a la Marta Vidal per les teves aportacions [&hellip;]<\/p>\n","protected":false},"author":36,"featured_media":3580,"comment_status":"closed","ping_status":"closed","sticky":false,"template":"","format":"standard","meta":{"site-sidebar-layout":"default","site-content-layout":"","ast-site-content-layout":"","site-content-style":"default","site-sidebar-style":"default","ast-global-header-display":"","ast-banner-title-visibility":"","ast-main-header-display":"","ast-hfb-above-header-display":"","ast-hfb-below-header-display":"","ast-hfb-mobile-header-display":"","site-post-title":"","ast-breadcrumbs-content":"","ast-featured-img":"","footer-sml-layout":"","theme-transparent-header-meta":"","adv-header-id-meta":"","stick-header-meta":"","header-above-stick-meta":"","header-main-stick-meta":"","header-below-stick-meta":"","astra-migrate-meta-layouts":"default","ast-page-background-enabled":"default","ast-page-background-meta":{"desktop":{"background-color":"var(--ast-global-color-5)","background-image":"","background-repeat":"repeat","background-position":"center center","background-size":"auto","background-attachment":"scroll","background-type":"","background-media":"","overlay-type":"","overlay-color":"","overlay-opacity":"","overlay-gradient":""},"tablet":{"background-color":"","background-image":"","background-repeat":"repeat","background-position":"center center","background-size":"auto","background-attachment":"scroll","background-type":"","background-media":"","overlay-type":"","overlay-color":"","overlay-opacity":"","overlay-gradient":""},"mobile":{"background-color":"","background-image":"","background-repeat":"repeat","background-position":"center center","background-size":"auto","background-attachment":"scroll","background-type":"","background-media":"","overlay-type":"","overlay-color":"","overlay-opacity":"","overlay-gradient":""}},"ast-content-background-meta":{"desktop":{"background-color":"var(--ast-global-color-4)","background-image":"","background-repeat":"repeat","background-position":"center center","background-size":"auto","background-attachment":"scroll","background-type":"","background-media":"","overlay-type":"","overlay-color":"","overlay-opacity":"","overlay-gradient":""},"tablet":{"background-color":"var(--ast-global-color-4)","background-image":"","background-repeat":"repeat","background-position":"center center","background-size":"auto","background-attachment":"scroll","background-type":"","background-media":"","overlay-type":"","overlay-color":"","overlay-opacity":"","overlay-gradient":""},"mobile":{"background-color":"var(--ast-global-color-4)","background-image":"","background-repeat":"repeat","background-position":"center center","background-size":"auto","background-attachment":"scroll","background-type":"","background-media":"","overlay-type":"","overlay-color":"","overlay-opacity":"","overlay-gradient":""}},"footnotes":""},"categories":[29],"tags":[],"class_list":["post-3579","post","type-post","status-publish","format-standard","has-post-thumbnail","hentry","category-portada"],"post_mailing_queue_ids":[],"_links":{"self":[{"href":"https:\/\/agora.xtec.cat\/iesgallecs\/wp-json\/wp\/v2\/posts\/3579","targetHints":{"allow":["GET"]}}],"collection":[{"href":"https:\/\/agora.xtec.cat\/iesgallecs\/wp-json\/wp\/v2\/posts"}],"about":[{"href":"https:\/\/agora.xtec.cat\/iesgallecs\/wp-json\/wp\/v2\/types\/post"}],"author":[{"embeddable":true,"href":"https:\/\/agora.xtec.cat\/iesgallecs\/wp-json\/wp\/v2\/users\/36"}],"replies":[{"embeddable":true,"href":"https:\/\/agora.xtec.cat\/iesgallecs\/wp-json\/wp\/v2\/comments?post=3579"}],"version-history":[{"count":2,"href":"https:\/\/agora.xtec.cat\/iesgallecs\/wp-json\/wp\/v2\/posts\/3579\/revisions"}],"predecessor-version":[{"id":3584,"href":"https:\/\/agora.xtec.cat\/iesgallecs\/wp-json\/wp\/v2\/posts\/3579\/revisions\/3584"}],"wp:featuredmedia":[{"embeddable":true,"href":"https:\/\/agora.xtec.cat\/iesgallecs\/wp-json\/wp\/v2\/media\/3580"}],"wp:attachment":[{"href":"https:\/\/agora.xtec.cat\/iesgallecs\/wp-json\/wp\/v2\/media?parent=3579"}],"wp:term":[{"taxonomy":"category","embeddable":true,"href":"https:\/\/agora.xtec.cat\/iesgallecs\/wp-json\/wp\/v2\/categories?post=3579"},{"taxonomy":"post_tag","embeddable":true,"href":"https:\/\/agora.xtec.cat\/iesgallecs\/wp-json\/wp\/v2\/tags?post=3579"}],"curies":[{"name":"wp","href":"https:\/\/api.w.org\/{rel}","templated":true}]}}