{"id":3447,"date":"2022-02-17T20:22:18","date_gmt":"2022-02-17T19:22:18","guid":{"rendered":"https:\/\/agora.xtec.cat\/iesgallecs\/?p=3447"},"modified":"2022-02-24T18:55:15","modified_gmt":"2022-02-24T17:55:15","slug":"web-portes-obertes-virtuals","status":"publish","type":"post","link":"https:\/\/agora.xtec.cat\/iesgallecs\/portada\/web-portes-obertes-virtuals\/","title":{"rendered":"Web Portes Obertes virtuals"},"content":{"rendered":"<p>En el seg\u00fcent enlla\u00e7 podreu accedir a la web de les Portes Obertes virtuals: <a href=\"https:\/\/sites.google.com\/xtec.cat\/insgallecs\" target=\"_blank\" rel=\"noopener\">https:\/\/sites.google.com\/xtec.cat\/insgallecs<\/a><\/p>\n<p>Al llarg d&#8217;aquests dies anirem afegint nous v\u00eddeos sobre els projectes que desenvolupem al centre.<\/p>\n<p>Ja podeu descarregar el <a href=\"https:\/\/agora.xtec.cat\/iesgallecs\/wp-content\/uploads\/usu1971\/2022\/02\/PORTES-OBERTES-ESO-2022.pdf\" target=\"_blank\" rel=\"noopener\">dossier informatiu sobre l&#8217;ESO\u00a0<\/a><\/p>\n<p class=\"CDt4Ke zfr3Q\" dir=\"ltr\"><span class=\" jgG6ef\">Preinscripci\u00f3 ESO del <\/span><span class=\" jgG6ef\"><strong>9 al 21 de mar\u00e7 <\/strong><\/span><span class=\" jgG6ef\">de 2022.<\/span><\/p>\n<p class=\"CDt4Ke zfr3Q\" dir=\"ltr\"><span class=\" jgG6ef\">Consultar la web del Departament d&#8217;Educaci\u00f3: <\/span><span class=\" aw5Odc\"><a class=\"XqQF9c\" href=\"https:\/\/www.google.com\/url?q=https%3A%2F%2Fpreinscripcio.gencat.cat%2Fca%2Festudis%2Feso%2Finici%2F&amp;sa=D&amp;sntz=1&amp;usg=AFQjCNGHCAyxSpFyCX7xjIdHeZNMtUX5ig\" target=\"_blank\" rel=\"noopener\">https:\/\/preinscripcio.gencat.cat\/ca\/estudis\/eso\/inici\/<\/a><\/span><\/p>\n<div class=\"ast-oembed-container \" style=\"height: 100%;\"><iframe loading=\"lazy\" title=\"Portes obertes 2022 ESO: Benvinguda directora\" width=\"500\" height=\"281\" src=\"https:\/\/www.youtube.com\/embed\/ktPB0_Xk_iM?feature=oembed\" frameborder=\"0\" allow=\"accelerometer; autoplay; clipboard-write; encrypted-media; gyroscope; picture-in-picture; web-share\" referrerpolicy=\"strict-origin-when-cross-origin\" allowfullscreen><\/iframe><\/div>\n","protected":false},"excerpt":{"rendered":"<p>En el seg\u00fcent enlla\u00e7 podreu accedir a la web de les Portes Obertes virtuals: https:\/\/sites.google.com\/xtec.cat\/insgallecs Al llarg d&#8217;aquests dies anirem afegint nous v\u00eddeos sobre els projectes que desenvolupem al centre. Ja podeu descarregar el dossier informatiu sobre l&#8217;ESO\u00a0 Preinscripci\u00f3 ESO del 9 al 21 de mar\u00e7 de 2022. Consultar la web del Departament d&#8217;Educaci\u00f3: https:\/\/preinscripcio.gencat.cat\/ca\/estudis\/eso\/inici\/<\/p>\n","protected":false},"author":36,"featured_media":3456,"comment_status":"closed","ping_status":"closed","sticky":false,"template":"","format":"standard","meta":{"site-sidebar-layout":"default","site-content-layout":"","ast-site-content-layout":"","site-content-style":"default","site-sidebar-style":"default","ast-global-header-display":"","ast-banner-title-visibility":"","ast-main-header-display":"","ast-hfb-above-header-display":"","ast-hfb-below-header-display":"","ast-hfb-mobile-header-display":"","site-post-title":"","ast-breadcrumbs-content":"","ast-featured-img":"","footer-sml-layout":"","theme-transparent-header-meta":"","adv-header-id-meta":"","stick-header-meta":"","header-above-stick-meta":"","header-main-stick-meta":"","header-below-stick-meta":"","astra-migrate-meta-layouts":"default","ast-page-background-enabled":"default","ast-page-background-meta":{"desktop":{"background-color":"var(--ast-global-color-5)","background-image":"","background-repeat":"repeat","background-position":"center center","background-size":"auto","background-attachment":"scroll","background-type":"","background-media":"","overlay-type":"","overlay-color":"","overlay-opacity":"","overlay-gradient":""},"tablet":{"background-color":"","background-image":"","background-repeat":"repeat","background-position":"center center","background-size":"auto","background-attachment":"scroll","background-type":"","background-media":"","overlay-type":"","overlay-color":"","overlay-opacity":"","overlay-gradient":""},"mobile":{"background-color":"","background-image":"","background-repeat":"repeat","background-position":"center center","background-size":"auto","background-attachment":"scroll","background-type":"","background-media":"","overlay-type":"","overlay-color":"","overlay-opacity":"","overlay-gradient":""}},"ast-content-background-meta":{"desktop":{"background-color":"var(--ast-global-color-4)","background-image":"","background-repeat":"repeat","background-position":"center center","background-size":"auto","background-attachment":"scroll","background-type":"","background-media":"","overlay-type":"","overlay-color":"","overlay-opacity":"","overlay-gradient":""},"tablet":{"background-color":"var(--ast-global-color-4)","background-image":"","background-repeat":"repeat","background-position":"center center","background-size":"auto","background-attachment":"scroll","background-type":"","background-media":"","overlay-type":"","overlay-color":"","overlay-opacity":"","overlay-gradient":""},"mobile":{"background-color":"var(--ast-global-color-4)","background-image":"","background-repeat":"repeat","background-position":"center center","background-size":"auto","background-attachment":"scroll","background-type":"","background-media":"","overlay-type":"","overlay-color":"","overlay-opacity":"","overlay-gradient":""}},"footnotes":""},"categories":[29],"tags":[],"class_list":["post-3447","post","type-post","status-publish","format-standard","has-post-thumbnail","hentry","category-portada"],"post_mailing_queue_ids":[],"_links":{"self":[{"href":"https:\/\/agora.xtec.cat\/iesgallecs\/wp-json\/wp\/v2\/posts\/3447","targetHints":{"allow":["GET"]}}],"collection":[{"href":"https:\/\/agora.xtec.cat\/iesgallecs\/wp-json\/wp\/v2\/posts"}],"about":[{"href":"https:\/\/agora.xtec.cat\/iesgallecs\/wp-json\/wp\/v2\/types\/post"}],"author":[{"embeddable":true,"href":"https:\/\/agora.xtec.cat\/iesgallecs\/wp-json\/wp\/v2\/users\/36"}],"replies":[{"embeddable":true,"href":"https:\/\/agora.xtec.cat\/iesgallecs\/wp-json\/wp\/v2\/comments?post=3447"}],"version-history":[{"count":1,"href":"https:\/\/agora.xtec.cat\/iesgallecs\/wp-json\/wp\/v2\/posts\/3447\/revisions"}],"predecessor-version":[{"id":3449,"href":"https:\/\/agora.xtec.cat\/iesgallecs\/wp-json\/wp\/v2\/posts\/3447\/revisions\/3449"}],"wp:featuredmedia":[{"embeddable":true,"href":"https:\/\/agora.xtec.cat\/iesgallecs\/wp-json\/wp\/v2\/media\/3456"}],"wp:attachment":[{"href":"https:\/\/agora.xtec.cat\/iesgallecs\/wp-json\/wp\/v2\/media?parent=3447"}],"wp:term":[{"taxonomy":"category","embeddable":true,"href":"https:\/\/agora.xtec.cat\/iesgallecs\/wp-json\/wp\/v2\/categories?post=3447"},{"taxonomy":"post_tag","embeddable":true,"href":"https:\/\/agora.xtec.cat\/iesgallecs\/wp-json\/wp\/v2\/tags?post=3447"}],"curies":[{"name":"wp","href":"https:\/\/api.w.org\/{rel}","templated":true}]}}