{"id":3387,"date":"2022-02-01T18:35:40","date_gmt":"2022-02-01T17:35:40","guid":{"rendered":"https:\/\/agora.xtec.cat\/iesgallecs\/?p=3387"},"modified":"2022-02-01T18:38:41","modified_gmt":"2022-02-01T17:38:41","slug":"sortida-al-parlament-de-catalunya","status":"publish","type":"post","link":"https:\/\/agora.xtec.cat\/iesgallecs\/portada\/sortida-al-parlament-de-catalunya\/","title":{"rendered":"Sortida al Parlament de Catalunya"},"content":{"rendered":"<p>El dimarts dia 1 de febrer l&#8217;alumnat de 2n del CFGM de Gesti\u00f3 Administrativa hem anat al Parlament de Catalunya. Aquesta sortida est\u00e0 emmarcada dins de la UF3 del M\u00f2dul Professional d&#8217;Empresa i Administraci\u00f3, on hem estat estudiant com funciona l&#8217;administraci\u00f3 P\u00fablica de l&#8217;Estat (\u00e9s a dir, els ajuntaments, la Generalitat i el Govern d\u2019Espanya)<\/p>\n<p>Una vegada dins del Parlament ens han fet una visita guiada on d&#8217;una banda ens han explicat el qu\u00e8 hem estat treballant a classe (divisi\u00f3 de poders: executiu, legislatiu i judicial, com funciona el Parlament i quines caracter\u00edstiques t\u00e9) i de l&#8217;altra el marc hist\u00f2ric de l&#8217;edifici i els usos que ha tingut al llarg del temps (que estan molt relacionats amb la hist\u00f2ria de Catalunya).<\/p>\n<p>Aquest any hem tingut la sort que ens hem pogut fotografiar des del faristol on parlen el diputats i diputades i des de l\u2019escala noble del Parlament.<\/p>\n<p><a href=\"https:\/\/agora.xtec.cat\/iesgallecs\/wp-content\/uploads\/usu1971\/2022\/02\/IMG-20220201-WA0005.jpg\"><img loading=\"lazy\" decoding=\"async\" class=\"alignnone size-medium wp-image-3389\" src=\"https:\/\/agora.xtec.cat\/iesgallecs\/wp-content\/uploads\/usu1971\/2022\/02\/IMG-20220201-WA0005-225x300.jpg\" alt=\"\" width=\"225\" height=\"300\" srcset=\"https:\/\/agora.xtec.cat\/iesgallecs\/wp-content\/uploads\/usu1971\/2022\/02\/IMG-20220201-WA0005-225x300.jpg 225w, https:\/\/agora.xtec.cat\/iesgallecs\/wp-content\/uploads\/usu1971\/2022\/02\/IMG-20220201-WA0005-768x1024.jpg 768w, https:\/\/agora.xtec.cat\/iesgallecs\/wp-content\/uploads\/usu1971\/2022\/02\/IMG-20220201-WA0005-1152x1536.jpg 1152w, https:\/\/agora.xtec.cat\/iesgallecs\/wp-content\/uploads\/usu1971\/2022\/02\/IMG-20220201-WA0005.jpg 1536w\" sizes=\"auto, (max-width: 225px) 100vw, 225px\" \/><\/a><a href=\"https:\/\/agora.xtec.cat\/iesgallecs\/wp-content\/uploads\/usu1971\/2022\/02\/IMG_20220201_102324-scaled.jpg\"><img loading=\"lazy\" decoding=\"async\" class=\"alignnone size-medium wp-image-3390\" src=\"https:\/\/agora.xtec.cat\/iesgallecs\/wp-content\/uploads\/usu1971\/2022\/02\/IMG_20220201_102324-300x244.jpg\" alt=\"\" width=\"300\" height=\"244\" srcset=\"https:\/\/agora.xtec.cat\/iesgallecs\/wp-content\/uploads\/usu1971\/2022\/02\/IMG_20220201_102324-300x244.jpg 300w, https:\/\/agora.xtec.cat\/iesgallecs\/wp-content\/uploads\/usu1971\/2022\/02\/IMG_20220201_102324-1024x834.jpg 1024w, https:\/\/agora.xtec.cat\/iesgallecs\/wp-content\/uploads\/usu1971\/2022\/02\/IMG_20220201_102324-768x625.jpg 768w, https:\/\/agora.xtec.cat\/iesgallecs\/wp-content\/uploads\/usu1971\/2022\/02\/IMG_20220201_102324-1536x1250.jpg 1536w, https:\/\/agora.xtec.cat\/iesgallecs\/wp-content\/uploads\/usu1971\/2022\/02\/IMG_20220201_102324-2048x1667.jpg 2048w\" sizes=\"auto, (max-width: 300px) 100vw, 300px\" \/><\/a><a href=\"https:\/\/agora.xtec.cat\/iesgallecs\/wp-content\/uploads\/usu1971\/2022\/02\/IMG_20220201_101528-scaled.jpg\"><img loading=\"lazy\" decoding=\"async\" class=\"alignnone size-medium wp-image-3391\" src=\"https:\/\/agora.xtec.cat\/iesgallecs\/wp-content\/uploads\/usu1971\/2022\/02\/IMG_20220201_101528-300x250.jpg\" alt=\"\" width=\"300\" height=\"250\" srcset=\"https:\/\/agora.xtec.cat\/iesgallecs\/wp-content\/uploads\/usu1971\/2022\/02\/IMG_20220201_101528-300x250.jpg 300w, https:\/\/agora.xtec.cat\/iesgallecs\/wp-content\/uploads\/usu1971\/2022\/02\/IMG_20220201_101528-1024x852.jpg 1024w, https:\/\/agora.xtec.cat\/iesgallecs\/wp-content\/uploads\/usu1971\/2022\/02\/IMG_20220201_101528-768x639.jpg 768w, https:\/\/agora.xtec.cat\/iesgallecs\/wp-content\/uploads\/usu1971\/2022\/02\/IMG_20220201_101528-1536x1278.jpg 1536w, https:\/\/agora.xtec.cat\/iesgallecs\/wp-content\/uploads\/usu1971\/2022\/02\/IMG_20220201_101528-2048x1704.jpg 2048w\" sizes=\"auto, (max-width: 300px) 100vw, 300px\" \/><\/a><\/p>\n","protected":false},"excerpt":{"rendered":"<p>El dimarts dia 1 de febrer l&#8217;alumnat de 2n del CFGM de Gesti\u00f3 Administrativa hem anat al Parlament de Catalunya. Aquesta sortida est\u00e0 emmarcada dins de la UF3 del M\u00f2dul Professional d&#8217;Empresa i Administraci\u00f3, on hem estat estudiant com funciona l&#8217;administraci\u00f3 P\u00fablica de l&#8217;Estat (\u00e9s a dir, els ajuntaments, la Generalitat i el Govern d\u2019Espanya) [&hellip;]<\/p>\n","protected":false},"author":36,"featured_media":3388,"comment_status":"closed","ping_status":"closed","sticky":false,"template":"","format":"standard","meta":{"site-sidebar-layout":"default","site-content-layout":"","ast-site-content-layout":"","site-content-style":"default","site-sidebar-style":"default","ast-global-header-display":"","ast-banner-title-visibility":"","ast-main-header-display":"","ast-hfb-above-header-display":"","ast-hfb-below-header-display":"","ast-hfb-mobile-header-display":"","site-post-title":"","ast-breadcrumbs-content":"","ast-featured-img":"","footer-sml-layout":"","theme-transparent-header-meta":"","adv-header-id-meta":"","stick-header-meta":"","header-above-stick-meta":"","header-main-stick-meta":"","header-below-stick-meta":"","astra-migrate-meta-layouts":"default","ast-page-background-enabled":"default","ast-page-background-meta":{"desktop":{"background-color":"var(--ast-global-color-5)","background-image":"","background-repeat":"repeat","background-position":"center center","background-size":"auto","background-attachment":"scroll","background-type":"","background-media":"","overlay-type":"","overlay-color":"","overlay-opacity":"","overlay-gradient":""},"tablet":{"background-color":"","background-image":"","background-repeat":"repeat","background-position":"center center","background-size":"auto","background-attachment":"scroll","background-type":"","background-media":"","overlay-type":"","overlay-color":"","overlay-opacity":"","overlay-gradient":""},"mobile":{"background-color":"","background-image":"","background-repeat":"repeat","background-position":"center center","background-size":"auto","background-attachment":"scroll","background-type":"","background-media":"","overlay-type":"","overlay-color":"","overlay-opacity":"","overlay-gradient":""}},"ast-content-background-meta":{"desktop":{"background-color":"var(--ast-global-color-4)","background-image":"","background-repeat":"repeat","background-position":"center center","background-size":"auto","background-attachment":"scroll","background-type":"","background-media":"","overlay-type":"","overlay-color":"","overlay-opacity":"","overlay-gradient":""},"tablet":{"background-color":"var(--ast-global-color-4)","background-image":"","background-repeat":"repeat","background-position":"center center","background-size":"auto","background-attachment":"scroll","background-type":"","background-media":"","overlay-type":"","overlay-color":"","overlay-opacity":"","overlay-gradient":""},"mobile":{"background-color":"var(--ast-global-color-4)","background-image":"","background-repeat":"repeat","background-position":"center center","background-size":"auto","background-attachment":"scroll","background-type":"","background-media":"","overlay-type":"","overlay-color":"","overlay-opacity":"","overlay-gradient":""}},"footnotes":""},"categories":[29],"tags":[],"class_list":["post-3387","post","type-post","status-publish","format-standard","has-post-thumbnail","hentry","category-portada"],"post_mailing_queue_ids":[],"_links":{"self":[{"href":"https:\/\/agora.xtec.cat\/iesgallecs\/wp-json\/wp\/v2\/posts\/3387","targetHints":{"allow":["GET"]}}],"collection":[{"href":"https:\/\/agora.xtec.cat\/iesgallecs\/wp-json\/wp\/v2\/posts"}],"about":[{"href":"https:\/\/agora.xtec.cat\/iesgallecs\/wp-json\/wp\/v2\/types\/post"}],"author":[{"embeddable":true,"href":"https:\/\/agora.xtec.cat\/iesgallecs\/wp-json\/wp\/v2\/users\/36"}],"replies":[{"embeddable":true,"href":"https:\/\/agora.xtec.cat\/iesgallecs\/wp-json\/wp\/v2\/comments?post=3387"}],"version-history":[{"count":2,"href":"https:\/\/agora.xtec.cat\/iesgallecs\/wp-json\/wp\/v2\/posts\/3387\/revisions"}],"predecessor-version":[{"id":3393,"href":"https:\/\/agora.xtec.cat\/iesgallecs\/wp-json\/wp\/v2\/posts\/3387\/revisions\/3393"}],"wp:featuredmedia":[{"embeddable":true,"href":"https:\/\/agora.xtec.cat\/iesgallecs\/wp-json\/wp\/v2\/media\/3388"}],"wp:attachment":[{"href":"https:\/\/agora.xtec.cat\/iesgallecs\/wp-json\/wp\/v2\/media?parent=3387"}],"wp:term":[{"taxonomy":"category","embeddable":true,"href":"https:\/\/agora.xtec.cat\/iesgallecs\/wp-json\/wp\/v2\/categories?post=3387"},{"taxonomy":"post_tag","embeddable":true,"href":"https:\/\/agora.xtec.cat\/iesgallecs\/wp-json\/wp\/v2\/tags?post=3387"}],"curies":[{"name":"wp","href":"https:\/\/api.w.org\/{rel}","templated":true}]}}