{"id":3381,"date":"2022-01-31T13:40:47","date_gmt":"2022-01-31T12:40:47","guid":{"rendered":"https:\/\/agora.xtec.cat\/iesgallecs\/?p=3381"},"modified":"2022-01-31T13:40:52","modified_gmt":"2022-01-31T12:40:52","slug":"alumnes-seleccionades-per-a-programes-dexcellencia-educativa","status":"publish","type":"post","link":"https:\/\/agora.xtec.cat\/iesgallecs\/portada\/alumnes-seleccionades-per-a-programes-dexcellencia-educativa\/","title":{"rendered":"Alumnes seleccionades per a programes d\u2019excel\u00b7l\u00e8ncia educativa"},"content":{"rendered":"<p>Les alumnes de 1r de batxillerat cient\u00edfic J\u00falia Marco Celaya i Carla Vega Serrano han estat seleccionades per als programes <a href=\"https:\/\/www.fundaciocatalunya-lapedrera.com\/ca\/bojos-ciencia\" target=\"_blank\" rel=\"noopener\">Bojos per la Ci\u00e8ncia<\/a> (modalitat de f\u00edsica) i <a href=\"https:\/\/www.fundaciocatalunya-lapedrera.com\/ca\/campus-natura\" target=\"_blank\" rel=\"noopener\">Campus Natura<\/a> respectivament, que organitza la Fundaci\u00f3 Catalunya La Pedrera.<\/p>\n<p>Tot i que aquests programes tenen una elevada demanda i el nivell de l\u2019alumnat que aspira a les places \u00e9s molt alt, les nostres alumnes han superat exitosament el proc\u00e9s de selecci\u00f3, i ja \u00e9s el tercer curs consecutiu que l\u2019Institut Gallecs tindr\u00e0 alumnes participant en programes d\u2019excel\u00b7l\u00e8ncia educativa en ci\u00e8ncies. J\u00falia i Carla: esperem que gaudiu molt d&#8217;aquesta experi\u00e8ncia!<\/p>\n<p><a href=\"https:\/\/agora.xtec.cat\/iesgallecs\/wp-content\/uploads\/usu1971\/2022\/01\/bojos_ciencia-1.png\"><img loading=\"lazy\" decoding=\"async\" class=\"alignnone size-full wp-image-3384\" src=\"https:\/\/agora.xtec.cat\/iesgallecs\/wp-content\/uploads\/usu1971\/2022\/01\/bojos_ciencia-1.png\" alt=\"\" width=\"352\" height=\"180\" srcset=\"https:\/\/agora.xtec.cat\/iesgallecs\/wp-content\/uploads\/usu1971\/2022\/01\/bojos_ciencia-1.png 352w, https:\/\/agora.xtec.cat\/iesgallecs\/wp-content\/uploads\/usu1971\/2022\/01\/bojos_ciencia-1-300x153.png 300w\" sizes=\"auto, (max-width: 352px) 100vw, 352px\" \/><\/a><\/p>\n","protected":false},"excerpt":{"rendered":"<p>Les alumnes de 1r de batxillerat cient\u00edfic J\u00falia Marco Celaya i Carla Vega Serrano han estat seleccionades per als programes Bojos per la Ci\u00e8ncia (modalitat de f\u00edsica) i Campus Natura respectivament, que organitza la Fundaci\u00f3 Catalunya La Pedrera. Tot i que aquests programes tenen una elevada demanda i el nivell de l\u2019alumnat que aspira a [&hellip;]<\/p>\n","protected":false},"author":36,"featured_media":3382,"comment_status":"closed","ping_status":"closed","sticky":false,"template":"","format":"standard","meta":{"site-sidebar-layout":"default","site-content-layout":"","ast-site-content-layout":"","site-content-style":"default","site-sidebar-style":"default","ast-global-header-display":"","ast-banner-title-visibility":"","ast-main-header-display":"","ast-hfb-above-header-display":"","ast-hfb-below-header-display":"","ast-hfb-mobile-header-display":"","site-post-title":"","ast-breadcrumbs-content":"","ast-featured-img":"","footer-sml-layout":"","theme-transparent-header-meta":"","adv-header-id-meta":"","stick-header-meta":"","header-above-stick-meta":"","header-main-stick-meta":"","header-below-stick-meta":"","astra-migrate-meta-layouts":"default","ast-page-background-enabled":"default","ast-page-background-meta":{"desktop":{"background-color":"var(--ast-global-color-5)","background-image":"","background-repeat":"repeat","background-position":"center center","background-size":"auto","background-attachment":"scroll","background-type":"","background-media":"","overlay-type":"","overlay-color":"","overlay-opacity":"","overlay-gradient":""},"tablet":{"background-color":"","background-image":"","background-repeat":"repeat","background-position":"center center","background-size":"auto","background-attachment":"scroll","background-type":"","background-media":"","overlay-type":"","overlay-color":"","overlay-opacity":"","overlay-gradient":""},"mobile":{"background-color":"","background-image":"","background-repeat":"repeat","background-position":"center center","background-size":"auto","background-attachment":"scroll","background-type":"","background-media":"","overlay-type":"","overlay-color":"","overlay-opacity":"","overlay-gradient":""}},"ast-content-background-meta":{"desktop":{"background-color":"var(--ast-global-color-4)","background-image":"","background-repeat":"repeat","background-position":"center center","background-size":"auto","background-attachment":"scroll","background-type":"","background-media":"","overlay-type":"","overlay-color":"","overlay-opacity":"","overlay-gradient":""},"tablet":{"background-color":"var(--ast-global-color-4)","background-image":"","background-repeat":"repeat","background-position":"center center","background-size":"auto","background-attachment":"scroll","background-type":"","background-media":"","overlay-type":"","overlay-color":"","overlay-opacity":"","overlay-gradient":""},"mobile":{"background-color":"var(--ast-global-color-4)","background-image":"","background-repeat":"repeat","background-position":"center center","background-size":"auto","background-attachment":"scroll","background-type":"","background-media":"","overlay-type":"","overlay-color":"","overlay-opacity":"","overlay-gradient":""}},"footnotes":""},"categories":[29],"tags":[],"class_list":["post-3381","post","type-post","status-publish","format-standard","has-post-thumbnail","hentry","category-portada"],"post_mailing_queue_ids":[],"_links":{"self":[{"href":"https:\/\/agora.xtec.cat\/iesgallecs\/wp-json\/wp\/v2\/posts\/3381","targetHints":{"allow":["GET"]}}],"collection":[{"href":"https:\/\/agora.xtec.cat\/iesgallecs\/wp-json\/wp\/v2\/posts"}],"about":[{"href":"https:\/\/agora.xtec.cat\/iesgallecs\/wp-json\/wp\/v2\/types\/post"}],"author":[{"embeddable":true,"href":"https:\/\/agora.xtec.cat\/iesgallecs\/wp-json\/wp\/v2\/users\/36"}],"replies":[{"embeddable":true,"href":"https:\/\/agora.xtec.cat\/iesgallecs\/wp-json\/wp\/v2\/comments?post=3381"}],"version-history":[{"count":1,"href":"https:\/\/agora.xtec.cat\/iesgallecs\/wp-json\/wp\/v2\/posts\/3381\/revisions"}],"predecessor-version":[{"id":3385,"href":"https:\/\/agora.xtec.cat\/iesgallecs\/wp-json\/wp\/v2\/posts\/3381\/revisions\/3385"}],"wp:featuredmedia":[{"embeddable":true,"href":"https:\/\/agora.xtec.cat\/iesgallecs\/wp-json\/wp\/v2\/media\/3382"}],"wp:attachment":[{"href":"https:\/\/agora.xtec.cat\/iesgallecs\/wp-json\/wp\/v2\/media?parent=3381"}],"wp:term":[{"taxonomy":"category","embeddable":true,"href":"https:\/\/agora.xtec.cat\/iesgallecs\/wp-json\/wp\/v2\/categories?post=3381"},{"taxonomy":"post_tag","embeddable":true,"href":"https:\/\/agora.xtec.cat\/iesgallecs\/wp-json\/wp\/v2\/tags?post=3381"}],"curies":[{"name":"wp","href":"https:\/\/api.w.org\/{rel}","templated":true}]}}