{"id":3268,"date":"2023-11-06T15:00:07","date_gmt":"2023-11-06T14:00:07","guid":{"rendered":"https:\/\/agora.xtec.cat\/iesgallecs\/?p=3268"},"modified":"2023-11-07T14:21:50","modified_gmt":"2023-11-07T13:21:50","slug":"eleccions-al-consell-escolar-2023","status":"publish","type":"post","link":"https:\/\/agora.xtec.cat\/iesgallecs\/general\/eleccions-al-consell-escolar-2023\/","title":{"rendered":"Eleccions al Consell Escolar 2023"},"content":{"rendered":"<p>El Consell Escolar del centre \u00e9s l\u2019\u00f2rgan col\u00b7legiat de participaci\u00f3 de la nostra Comunitat Educativa (professorat, alumnat, fam\u00edlies i PAS) en el govern del centre.<\/p>\n<p>Ara toca la renovaci\u00f3 i incorporaci\u00f3 de les persones representants electes de cada sector; teniu tota la informaci\u00f3 al seg\u00fcent <a href=\"https:\/\/educacio.gencat.cat\/ca\/arees-actuacio\/centres-serveis-educatius\/centres\/consells-escolars-centres\/\" target=\"_blank\" rel=\"noopener\">enlla\u00e7<\/a>.<\/p>\n<p>Convocat\u00f2ria Eleccions al Consell Escolar 2023 (<a href=\"https:\/\/agora.xtec.cat\/iesgallecs\/wp-content\/uploads\/usu1971\/2021\/11\/Convocatoria-eleccions-Consell-Escolar-2023.pdf\">pdf<\/a>)<\/p>\n<table style=\"width: 67.4567%; height: 83px;\">\n<tbody>\n<tr style=\"height: 55px;\">\n<td style=\"height: 55px;\" width=\"115\">Professors<\/td>\n<td style=\"height: 55px;\" width=\"115\">Pares, mares i tutors legals de l\u2019alumnat<\/td>\n<td style=\"height: 55px;\" width=\"115\">Alumnat (secund\u00e0ria)<\/td>\n<td style=\"height: 55px;\" width=\"115\">Personal d\u2019administraci\u00f3 i Serveis (PAS)<\/td>\n<td style=\"height: 55px;\" width=\"115\">Personal atenci\u00f3 educativa<\/td>\n<\/tr>\n<tr style=\"height: 28px;\">\n<td style=\"height: 28px;\" width=\"115\">4<\/td>\n<td style=\"height: 28px;\" width=\"115\">2<\/td>\n<td style=\"height: 28px;\" width=\"115\">2<\/td>\n<td style=\"height: 28px;\" width=\"115\">1<\/td>\n<td style=\"height: 28px;\" width=\"115\">0<\/td>\n<\/tr>\n<\/tbody>\n<\/table>\n<p>Calendari d\u2019actuacions:<\/p>\n<ul>\n<li><strong>Del 2 al 6 de novembre de 2023<\/strong>\u00a0&#8211; Exposici\u00f3 del cens electoral al Taulell d\u00b4anuncis (Professorat, Alumnat i Fam\u00edlies).<\/li>\n<li><strong>6 de novembre de 2023 a les 13:30 hores<\/strong> &#8211; Sorteig per designar els membres vocals de les meses electorals del sectors d\u2019alumnes i de pares i mares d\u2019alumnes,<\/li>\n<li><strong>Del 7 al 9 de novembre de 2023 <\/strong>&#8211; Reclamacions a inscripcions dels censos mitjan\u00e7ant escrit dirigit a la directora del centre.<\/li>\n<li><strong>13 de novembre de 2023<\/strong> &#8211; \u00daltim dia per a la publicaci\u00f3 dels censos electorals definitius dels diferents sectors.<\/li>\n<li><strong>14 de novembre de 2023-<\/strong> \u00daltim dia per a la presentaci\u00f3 de les candidatures dels diferents sectors.<\/li>\n<li><strong>15 de novembre de 2023<\/strong> &#8211; Publicaci\u00f3 de les candidatures dels diferents sectors al tauler d&#8217;anuncis del centre.<\/li>\n<li><strong>22 de novembre de 2023<\/strong>\u00a0&#8211; Meses electorals dels representants de Pares, mares i tutors legals de l\u2019alumnat.\u00a0Mat\u00ed de 9 a 11h i tarda de 17 a 19h.<\/li>\n<li><strong>22 de novembre de 2023<\/strong>\u00a0&#8211; Meses electorals dels representants del professorat.<\/li>\n<li><strong>23 de novembre de 2023<\/strong>\u00a0&#8211; Meses electorals alumnat. Mat\u00ed a partir de les 9h i tarda a partir de les 16h.<\/li>\n<\/ul>\n<div class=\"ast-oembed-container \" style=\"height: 100%;\"><iframe loading=\"lazy\" title=\"Eleccions al consell escolar 2023 - Institut Gallecs\" width=\"500\" height=\"281\" src=\"https:\/\/www.youtube.com\/embed\/Z467xAFdXw4?feature=oembed\" frameborder=\"0\" allow=\"accelerometer; autoplay; clipboard-write; encrypted-media; gyroscope; picture-in-picture; web-share\" referrerpolicy=\"strict-origin-when-cross-origin\" allowfullscreen><\/iframe><\/div>\n<p>&nbsp;<\/p>\n","protected":false},"excerpt":{"rendered":"<p>El Consell Escolar del centre \u00e9s l\u2019\u00f2rgan col\u00b7legiat de participaci\u00f3 de la nostra Comunitat Educativa (professorat, alumnat, fam\u00edlies i PAS) en el govern del centre. Ara toca la renovaci\u00f3 i incorporaci\u00f3 de les persones representants electes de cada sector; teniu tota la informaci\u00f3 al seg\u00fcent enlla\u00e7. Convocat\u00f2ria Eleccions al Consell Escolar 2023 (pdf) Professors Pares, [&hellip;]<\/p>\n","protected":false},"author":36,"featured_media":5322,"comment_status":"closed","ping_status":"closed","sticky":false,"template":"","format":"standard","meta":{"site-sidebar-layout":"default","site-content-layout":"","ast-site-content-layout":"","site-content-style":"default","site-sidebar-style":"default","ast-global-header-display":"","ast-banner-title-visibility":"","ast-main-header-display":"","ast-hfb-above-header-display":"","ast-hfb-below-header-display":"","ast-hfb-mobile-header-display":"","site-post-title":"","ast-breadcrumbs-content":"","ast-featured-img":"","footer-sml-layout":"","theme-transparent-header-meta":"","adv-header-id-meta":"","stick-header-meta":"","header-above-stick-meta":"","header-main-stick-meta":"","header-below-stick-meta":"","astra-migrate-meta-layouts":"default","ast-page-background-enabled":"default","ast-page-background-meta":{"desktop":{"background-color":"var(--ast-global-color-5)","background-image":"","background-repeat":"repeat","background-position":"center center","background-size":"auto","background-attachment":"scroll","background-type":"","background-media":"","overlay-type":"","overlay-color":"","overlay-opacity":"","overlay-gradient":""},"tablet":{"background-color":"","background-image":"","background-repeat":"repeat","background-position":"center center","background-size":"auto","background-attachment":"scroll","background-type":"","background-media":"","overlay-type":"","overlay-color":"","overlay-opacity":"","overlay-gradient":""},"mobile":{"background-color":"","background-image":"","background-repeat":"repeat","background-position":"center center","background-size":"auto","background-attachment":"scroll","background-type":"","background-media":"","overlay-type":"","overlay-color":"","overlay-opacity":"","overlay-gradient":""}},"ast-content-background-meta":{"desktop":{"background-color":"var(--ast-global-color-4)","background-image":"","background-repeat":"repeat","background-position":"center center","background-size":"auto","background-attachment":"scroll","background-type":"","background-media":"","overlay-type":"","overlay-color":"","overlay-opacity":"","overlay-gradient":""},"tablet":{"background-color":"var(--ast-global-color-4)","background-image":"","background-repeat":"repeat","background-position":"center center","background-size":"auto","background-attachment":"scroll","background-type":"","background-media":"","overlay-type":"","overlay-color":"","overlay-opacity":"","overlay-gradient":""},"mobile":{"background-color":"var(--ast-global-color-4)","background-image":"","background-repeat":"repeat","background-position":"center center","background-size":"auto","background-attachment":"scroll","background-type":"","background-media":"","overlay-type":"","overlay-color":"","overlay-opacity":"","overlay-gradient":""}},"footnotes":""},"categories":[1,29],"tags":[],"class_list":["post-3268","post","type-post","status-publish","format-standard","has-post-thumbnail","hentry","category-general","category-portada"],"post_mailing_queue_ids":[],"_links":{"self":[{"href":"https:\/\/agora.xtec.cat\/iesgallecs\/wp-json\/wp\/v2\/posts\/3268","targetHints":{"allow":["GET"]}}],"collection":[{"href":"https:\/\/agora.xtec.cat\/iesgallecs\/wp-json\/wp\/v2\/posts"}],"about":[{"href":"https:\/\/agora.xtec.cat\/iesgallecs\/wp-json\/wp\/v2\/types\/post"}],"author":[{"embeddable":true,"href":"https:\/\/agora.xtec.cat\/iesgallecs\/wp-json\/wp\/v2\/users\/36"}],"replies":[{"embeddable":true,"href":"https:\/\/agora.xtec.cat\/iesgallecs\/wp-json\/wp\/v2\/comments?post=3268"}],"version-history":[{"count":6,"href":"https:\/\/agora.xtec.cat\/iesgallecs\/wp-json\/wp\/v2\/posts\/3268\/revisions"}],"predecessor-version":[{"id":5326,"href":"https:\/\/agora.xtec.cat\/iesgallecs\/wp-json\/wp\/v2\/posts\/3268\/revisions\/5326"}],"wp:featuredmedia":[{"embeddable":true,"href":"https:\/\/agora.xtec.cat\/iesgallecs\/wp-json\/wp\/v2\/media\/5322"}],"wp:attachment":[{"href":"https:\/\/agora.xtec.cat\/iesgallecs\/wp-json\/wp\/v2\/media?parent=3268"}],"wp:term":[{"taxonomy":"category","embeddable":true,"href":"https:\/\/agora.xtec.cat\/iesgallecs\/wp-json\/wp\/v2\/categories?post=3268"},{"taxonomy":"post_tag","embeddable":true,"href":"https:\/\/agora.xtec.cat\/iesgallecs\/wp-json\/wp\/v2\/tags?post=3268"}],"curies":[{"name":"wp","href":"https:\/\/api.w.org\/{rel}","templated":true}]}}