{"id":3257,"date":"2021-10-27T17:32:54","date_gmt":"2021-10-27T15:32:54","guid":{"rendered":"https:\/\/agora.xtec.cat\/iesgallecs\/?p=3257"},"modified":"2021-10-27T17:32:54","modified_gmt":"2021-10-27T15:32:54","slug":"comunicat-sobre-la-vaga-de-professorat-28-doctubre","status":"publish","type":"post","link":"https:\/\/agora.xtec.cat\/iesgallecs\/portada\/comunicat-sobre-la-vaga-de-professorat-28-doctubre\/","title":{"rendered":"Comunicat sobre la vaga de professorat 28 d&#8217;octubre"},"content":{"rendered":"<p lang=\"es-ES\" align=\"justify\">Avui hem adre\u00e7at un correu a les fam\u00edlies de tot l&#8217;alumnat sobre la jornada de vaga de dem\u00e0.<\/p>\n<p class=\"western\" lang=\"es-ES\" align=\"justify\"><span style=\"text-decoration: underline;\"><span style=\"font-family: Tahoma, serif;\"><span lang=\"ca-ES\">Correu electr\u00f2nic a les fam\u00edlies:<\/span><\/span><\/span><\/p>\n<p class=\"western\" lang=\"es-ES\" align=\"justify\"><span style=\"font-family: Tahoma, serif;\"><span lang=\"ca-ES\">Benvolgudes fam\u00edlies i alumnat,<\/span><\/span><\/p>\n<p class=\"western\" lang=\"es-ES\" align=\"justify\"><span style=\"font-family: Tahoma, serif;\"><span lang=\"ca-ES\">Dem\u00e0 <\/span><\/span><span style=\"font-family: Tahoma, serif;\"><span lang=\"ca-ES\"><b>28 d\u2019octubre<\/b><\/span><\/span><span style=\"font-family: Tahoma, serif;\"><span lang=\"ca-ES\"> hi ha convocada una <\/span><\/span><span style=\"font-family: Tahoma, serif;\"><span lang=\"ca-ES\"><b>vaga<\/b><\/span><\/span><span style=\"font-family: Tahoma, serif;\"><span lang=\"ca-ES\"> del professorat inter\u00ed.<\/span><\/span><\/p>\n<p align=\"justify\"><span style=\"color: #000000;\"><span style=\"font-family: Tahoma, serif;\">Una bona part del professorat del Centre ha manifestat la voluntat d\u2019acollir-se al dret de vaga, per tant l\u2019atenci\u00f3 educativa a l\u2019alumnat en aquesta jornada quedar\u00e0 afectada.<\/span><\/span><\/p>\n<p align=\"justify\"><span style=\"color: #000000;\"><span style=\"font-family: Tahoma, serif;\">L\u2019Institut Gallecs romandr\u00e0 obert amb Serveis M\u00ednims.<\/span><\/span><\/p>\n<p align=\"justify\"><span style=\"color: #000000;\"><span style=\"font-family: Tahoma, serif;\">Us agra\u00efm la vostra col\u00b7laboraci\u00f3.<\/span><\/span><\/p>\n<p align=\"justify\"><span style=\"color: #000000;\"><span style=\"font-family: Tahoma, serif;\">Direcci\u00f3<\/span><\/span><\/p>\n<p align=\"justify\"><span style=\"color: #000000;\"><span style=\"font-family: Tahoma, serif;\">Mollet del Vall\u00e8s, 27 d\u2019octubre de 2021.<\/span><\/span><\/p>\n","protected":false},"excerpt":{"rendered":"<p>Avui hem adre\u00e7at un correu a les fam\u00edlies de tot l&#8217;alumnat sobre la jornada de vaga de dem\u00e0. Correu electr\u00f2nic a les fam\u00edlies: Benvolgudes fam\u00edlies i alumnat, Dem\u00e0 28 d\u2019octubre hi ha convocada una vaga del professorat inter\u00ed. Una bona part del professorat del Centre ha manifestat la voluntat d\u2019acollir-se al dret de vaga, per [&hellip;]<\/p>\n","protected":false},"author":36,"featured_media":3258,"comment_status":"closed","ping_status":"closed","sticky":false,"template":"","format":"standard","meta":{"site-sidebar-layout":"default","site-content-layout":"","ast-site-content-layout":"","site-content-style":"default","site-sidebar-style":"default","ast-global-header-display":"","ast-banner-title-visibility":"","ast-main-header-display":"","ast-hfb-above-header-display":"","ast-hfb-below-header-display":"","ast-hfb-mobile-header-display":"","site-post-title":"","ast-breadcrumbs-content":"","ast-featured-img":"","footer-sml-layout":"","theme-transparent-header-meta":"","adv-header-id-meta":"","stick-header-meta":"","header-above-stick-meta":"","header-main-stick-meta":"","header-below-stick-meta":"","astra-migrate-meta-layouts":"default","ast-page-background-enabled":"default","ast-page-background-meta":{"desktop":{"background-color":"var(--ast-global-color-5)","background-image":"","background-repeat":"repeat","background-position":"center center","background-size":"auto","background-attachment":"scroll","background-type":"","background-media":"","overlay-type":"","overlay-color":"","overlay-opacity":"","overlay-gradient":""},"tablet":{"background-color":"","background-image":"","background-repeat":"repeat","background-position":"center center","background-size":"auto","background-attachment":"scroll","background-type":"","background-media":"","overlay-type":"","overlay-color":"","overlay-opacity":"","overlay-gradient":""},"mobile":{"background-color":"","background-image":"","background-repeat":"repeat","background-position":"center center","background-size":"auto","background-attachment":"scroll","background-type":"","background-media":"","overlay-type":"","overlay-color":"","overlay-opacity":"","overlay-gradient":""}},"ast-content-background-meta":{"desktop":{"background-color":"var(--ast-global-color-4)","background-image":"","background-repeat":"repeat","background-position":"center center","background-size":"auto","background-attachment":"scroll","background-type":"","background-media":"","overlay-type":"","overlay-color":"","overlay-opacity":"","overlay-gradient":""},"tablet":{"background-color":"var(--ast-global-color-4)","background-image":"","background-repeat":"repeat","background-position":"center center","background-size":"auto","background-attachment":"scroll","background-type":"","background-media":"","overlay-type":"","overlay-color":"","overlay-opacity":"","overlay-gradient":""},"mobile":{"background-color":"var(--ast-global-color-4)","background-image":"","background-repeat":"repeat","background-position":"center center","background-size":"auto","background-attachment":"scroll","background-type":"","background-media":"","overlay-type":"","overlay-color":"","overlay-opacity":"","overlay-gradient":""}},"footnotes":""},"categories":[29],"tags":[],"class_list":["post-3257","post","type-post","status-publish","format-standard","has-post-thumbnail","hentry","category-portada"],"post_mailing_queue_ids":[],"_links":{"self":[{"href":"https:\/\/agora.xtec.cat\/iesgallecs\/wp-json\/wp\/v2\/posts\/3257","targetHints":{"allow":["GET"]}}],"collection":[{"href":"https:\/\/agora.xtec.cat\/iesgallecs\/wp-json\/wp\/v2\/posts"}],"about":[{"href":"https:\/\/agora.xtec.cat\/iesgallecs\/wp-json\/wp\/v2\/types\/post"}],"author":[{"embeddable":true,"href":"https:\/\/agora.xtec.cat\/iesgallecs\/wp-json\/wp\/v2\/users\/36"}],"replies":[{"embeddable":true,"href":"https:\/\/agora.xtec.cat\/iesgallecs\/wp-json\/wp\/v2\/comments?post=3257"}],"version-history":[{"count":1,"href":"https:\/\/agora.xtec.cat\/iesgallecs\/wp-json\/wp\/v2\/posts\/3257\/revisions"}],"predecessor-version":[{"id":3259,"href":"https:\/\/agora.xtec.cat\/iesgallecs\/wp-json\/wp\/v2\/posts\/3257\/revisions\/3259"}],"wp:featuredmedia":[{"embeddable":true,"href":"https:\/\/agora.xtec.cat\/iesgallecs\/wp-json\/wp\/v2\/media\/3258"}],"wp:attachment":[{"href":"https:\/\/agora.xtec.cat\/iesgallecs\/wp-json\/wp\/v2\/media?parent=3257"}],"wp:term":[{"taxonomy":"category","embeddable":true,"href":"https:\/\/agora.xtec.cat\/iesgallecs\/wp-json\/wp\/v2\/categories?post=3257"},{"taxonomy":"post_tag","embeddable":true,"href":"https:\/\/agora.xtec.cat\/iesgallecs\/wp-json\/wp\/v2\/tags?post=3257"}],"curies":[{"name":"wp","href":"https:\/\/api.w.org\/{rel}","templated":true}]}}