{"id":3178,"date":"2021-09-09T10:05:26","date_gmt":"2021-09-09T08:05:26","guid":{"rendered":"https:\/\/agora.xtec.cat\/iesgallecs\/?p=3178"},"modified":"2021-09-09T10:16:02","modified_gmt":"2021-09-09T08:16:02","slug":"atencio-error-en-el-proces-dassignacio-de-la-2a-fase-dadmissio-fp","status":"publish","type":"post","link":"https:\/\/agora.xtec.cat\/iesgallecs\/general\/atencio-error-en-el-proces-dassignacio-de-la-2a-fase-dadmissio-fp\/","title":{"rendered":"Atenci\u00f3: Error en el proc\u00e9s d&#8217;assignaci\u00f3 de la 2a fase d&#8217;admissi\u00f3 FP"},"content":{"rendered":"<p>El departament d\u2019Educaci\u00f3 ens avisa que degut a un error inform\u00e0tic la publicaci\u00f3 de llistes d&#8217;assignaci\u00f3 de Cicles de la 2a fase, del passat <strong>7 de setembre, era incorrecte<\/strong>. La incid\u00e8ncia ja s\u2019ha resolt.<\/p>\n<p>Podeu consultar les llistes definitives aqu\u00ed: <a href=\"https:\/\/preinscripcio.gencat.cat\/ca\/estudis\/fp-grau-superior\/preinscriute\/segona-fase-admissio\/\">https:\/\/preinscripcio.gencat.cat\/ca\/estudis\/fp-grau-superior\/preinscriute\/segona-fase-admissio\/<\/a><\/p>\n<p>Acc\u00e9s a la consulta de l\u2019alumnat adm\u00e8s: <a href=\"https:\/\/aplicacions.gestioeducativa.gencat.cat\/pls\/apex\/f?p=2011025:LOGIN:213244430595906\">https:\/\/aplicacions.gestioeducativa.gencat.cat\/pls\/apex\/f?p=2011025:LOGIN:213244430595906<\/a>:::::<\/p>\n<p>Us adjuntem el correu explicatiu del departament d\u2019Educaci\u00f3:<\/p>\n<p><em>Benvolguda, benvolgut,<\/em><\/p>\n<p><em>Us comuniquem que s\u2019ha produ\u00eft un error inform\u00e0tic en la publicaci\u00f3 de la llista d\u2019assignacions de la segona fase d\u2019admissi\u00f3 a cicles superiors de formaci\u00f3 professional, que es va publicar ahir dia 7 de setembre. Concretament, l\u2019assignaci\u00f3 de les places realitzada no \u00e9s correcta, ja que no s\u2019han aplicat les prioritats establertes per a aquest proc\u00e9s.<\/em><\/p>\n<p><em>Les llistes d\u2019admesos generades ahir s\u00f3n err\u00f2nies. Si les heu publicades al tauler o al web, \u00e9s important que les retireu el m\u00e9s aviat possible.<\/em><\/p>\n<p><em>Aix\u00ed mateix, us informem que ja NO s\u00f3n visibles les assignacions de cicles superiors de grau superior a RALC i SAGA i que estem tornant a llan\u00e7ar el proc\u00e9s d\u2019assignaci\u00f3 de manera que, es podr\u00e0 publicar el llistat d\u2019assignacions no m\u00e9s tard de dem\u00e0 dia 9 de setembre al mat\u00ed. Com sempre, tan aviat estigui disponible el llistat corregit, avisarem amb una not\u00edcia a GEDAC i tamb\u00e9 al Portal de Centres.<\/em><\/p>\n<p><em>D\u2019altra banda i, respecte al Proc\u00e9s extraordinari d\u2019admissi\u00f3 a cicles superiors d\u2019FP, si s\u2019han ofert en aquest proc\u00e9s places no cobertes per l\u2019assignaci\u00f3 de la segona fase d\u2019admissi\u00f3, cal que reviseu les vacants informades al web, tenint en compte les noves llistes d\u2019assignaci\u00f3 de dem\u00e0.<\/em><\/p>\n<p><em>Aprofitem per informar-vos que s\u2019ha ampliat el termini de presentaci\u00f3 de sol\u00b7licituds de grau superior de formaci\u00f3 professional d\u2019aquest proc\u00e9s extraordinari fins al dia 14 de setembre. I la data m\u00e0xima de publicaci\u00f3 de la llista d\u2019admesos \u00e9s el dia 21 de setembre de 2021.<\/em><\/p>\n<p><em>Disculpeu les mol\u00e8sties que aquest error us hagi pogut ocasionar i moltes gr\u00e0cies per la vostra col\u00b7laboraci\u00f3.<\/em><\/p>\n","protected":false},"excerpt":{"rendered":"<p>El departament d\u2019Educaci\u00f3 ens avisa que degut a un error inform\u00e0tic la publicaci\u00f3 de llistes d&#8217;assignaci\u00f3 de Cicles de la 2a fase, del passat 7 de setembre, era incorrecte. La incid\u00e8ncia ja s\u2019ha resolt. Podeu consultar les llistes definitives aqu\u00ed: https:\/\/preinscripcio.gencat.cat\/ca\/estudis\/fp-grau-superior\/preinscriute\/segona-fase-admissio\/ Acc\u00e9s a la consulta de l\u2019alumnat adm\u00e8s: https:\/\/aplicacions.gestioeducativa.gencat.cat\/pls\/apex\/f?p=2011025:LOGIN:213244430595906::::: Us adjuntem el correu explicatiu del [&hellip;]<\/p>\n","protected":false},"author":36,"featured_media":3180,"comment_status":"closed","ping_status":"closed","sticky":false,"template":"","format":"standard","meta":{"site-sidebar-layout":"default","site-content-layout":"","ast-site-content-layout":"","site-content-style":"default","site-sidebar-style":"default","ast-global-header-display":"","ast-banner-title-visibility":"","ast-main-header-display":"","ast-hfb-above-header-display":"","ast-hfb-below-header-display":"","ast-hfb-mobile-header-display":"","site-post-title":"","ast-breadcrumbs-content":"","ast-featured-img":"","footer-sml-layout":"","theme-transparent-header-meta":"","adv-header-id-meta":"","stick-header-meta":"","header-above-stick-meta":"","header-main-stick-meta":"","header-below-stick-meta":"","astra-migrate-meta-layouts":"default","ast-page-background-enabled":"default","ast-page-background-meta":{"desktop":{"background-color":"var(--ast-global-color-5)","background-image":"","background-repeat":"repeat","background-position":"center center","background-size":"auto","background-attachment":"scroll","background-type":"","background-media":"","overlay-type":"","overlay-color":"","overlay-opacity":"","overlay-gradient":""},"tablet":{"background-color":"","background-image":"","background-repeat":"repeat","background-position":"center center","background-size":"auto","background-attachment":"scroll","background-type":"","background-media":"","overlay-type":"","overlay-color":"","overlay-opacity":"","overlay-gradient":""},"mobile":{"background-color":"","background-image":"","background-repeat":"repeat","background-position":"center center","background-size":"auto","background-attachment":"scroll","background-type":"","background-media":"","overlay-type":"","overlay-color":"","overlay-opacity":"","overlay-gradient":""}},"ast-content-background-meta":{"desktop":{"background-color":"var(--ast-global-color-4)","background-image":"","background-repeat":"repeat","background-position":"center center","background-size":"auto","background-attachment":"scroll","background-type":"","background-media":"","overlay-type":"","overlay-color":"","overlay-opacity":"","overlay-gradient":""},"tablet":{"background-color":"var(--ast-global-color-4)","background-image":"","background-repeat":"repeat","background-position":"center center","background-size":"auto","background-attachment":"scroll","background-type":"","background-media":"","overlay-type":"","overlay-color":"","overlay-opacity":"","overlay-gradient":""},"mobile":{"background-color":"var(--ast-global-color-4)","background-image":"","background-repeat":"repeat","background-position":"center center","background-size":"auto","background-attachment":"scroll","background-type":"","background-media":"","overlay-type":"","overlay-color":"","overlay-opacity":"","overlay-gradient":""}},"footnotes":""},"categories":[1,29],"tags":[],"class_list":["post-3178","post","type-post","status-publish","format-standard","has-post-thumbnail","hentry","category-general","category-portada"],"post_mailing_queue_ids":[],"_links":{"self":[{"href":"https:\/\/agora.xtec.cat\/iesgallecs\/wp-json\/wp\/v2\/posts\/3178","targetHints":{"allow":["GET"]}}],"collection":[{"href":"https:\/\/agora.xtec.cat\/iesgallecs\/wp-json\/wp\/v2\/posts"}],"about":[{"href":"https:\/\/agora.xtec.cat\/iesgallecs\/wp-json\/wp\/v2\/types\/post"}],"author":[{"embeddable":true,"href":"https:\/\/agora.xtec.cat\/iesgallecs\/wp-json\/wp\/v2\/users\/36"}],"replies":[{"embeddable":true,"href":"https:\/\/agora.xtec.cat\/iesgallecs\/wp-json\/wp\/v2\/comments?post=3178"}],"version-history":[{"count":1,"href":"https:\/\/agora.xtec.cat\/iesgallecs\/wp-json\/wp\/v2\/posts\/3178\/revisions"}],"predecessor-version":[{"id":3179,"href":"https:\/\/agora.xtec.cat\/iesgallecs\/wp-json\/wp\/v2\/posts\/3178\/revisions\/3179"}],"wp:featuredmedia":[{"embeddable":true,"href":"https:\/\/agora.xtec.cat\/iesgallecs\/wp-json\/wp\/v2\/media\/3180"}],"wp:attachment":[{"href":"https:\/\/agora.xtec.cat\/iesgallecs\/wp-json\/wp\/v2\/media?parent=3178"}],"wp:term":[{"taxonomy":"category","embeddable":true,"href":"https:\/\/agora.xtec.cat\/iesgallecs\/wp-json\/wp\/v2\/categories?post=3178"},{"taxonomy":"post_tag","embeddable":true,"href":"https:\/\/agora.xtec.cat\/iesgallecs\/wp-json\/wp\/v2\/tags?post=3178"}],"curies":[{"name":"wp","href":"https:\/\/api.w.org\/{rel}","templated":true}]}}