{"id":3156,"date":"2021-09-08T08:47:01","date_gmt":"2021-09-08T06:47:01","guid":{"rendered":"https:\/\/agora.xtec.cat\/iesgallecs\/?p=3156"},"modified":"2021-09-09T11:28:45","modified_gmt":"2021-09-09T09:28:45","slug":"proces-preinscripcio-extraordinaria-cicles","status":"publish","type":"post","link":"https:\/\/agora.xtec.cat\/iesgallecs\/portada\/proces-preinscripcio-extraordinaria-cicles\/","title":{"rendered":"Proc\u00e9s preinscripci\u00f3 extraordin\u00e0ria Cicles"},"content":{"rendered":"<p>Del <strong>8 al 10 de setembre<\/strong> iniciem una 3a fase de preinscripci\u00f3 a Cicles amb les seg\u00fcents places disponibles:<\/p>\n<ul>\n<li><strong>30 places al Cicle Formatiu de Grau Mitj\u00e0 de Farm\u00e0cia i Parafarm\u00e0cia.<\/strong><\/li>\n<li><strong>4 places al Cicle Formatiu de Grau Superior d\u2019Administraci\u00f3 i Finances.<\/strong><\/li>\n<\/ul>\n<p>Per tal de formalitzar la preinscripci\u00f3 heu de portar a la <strong>secretaria del centre entre el 8 i el 10 de setembre, de 9 a 13h<\/strong> el seg\u00fcent:<\/p>\n<ul>\n<li>DNI<\/li>\n<li>Certificat de notes oficials que donen acc\u00e9s als estudis.<\/li>\n<li>Si heu fet una preinscripci\u00f3 a un Cicle al que no heu pogut entrar, portar el resguard de la preinscripci\u00f3.<\/li>\n<li>Pdf de la sol\u00b7licitud amb la vostra informaci\u00f3 emplenada. Descarregueu el <a href=\"https:\/\/agora.xtec.cat\/iesgallecs\/wp-content\/uploads\/usu1971\/2021\/09\/sollicitud-preinscripcio-proces-extraordinari.pdf\" target=\"_blank\" rel=\"noopener\">document aqu\u00ed<\/a>:<\/li>\n<\/ul>\n<p><a href=\"https:\/\/agora.xtec.cat\/iesgallecs\/wp-content\/uploads\/usu1971\/2021\/09\/sollicitud-preinscripcio-proces-extraordinari.pdf\" target=\"_blank\" rel=\"noopener\"><img loading=\"lazy\" decoding=\"async\" class=\"alignnone wp-image-2827\" src=\"https:\/\/agora.xtec.cat\/iesgallecs\/wp-content\/uploads\/usu1971\/2021\/04\/pdf-file.png\" alt=\"\" width=\"76\" height=\"76\" srcset=\"https:\/\/agora.xtec.cat\/iesgallecs\/wp-content\/uploads\/usu1971\/2021\/04\/pdf-file.png 512w, https:\/\/agora.xtec.cat\/iesgallecs\/wp-content\/uploads\/usu1971\/2021\/04\/pdf-file-150x150.png 150w, https:\/\/agora.xtec.cat\/iesgallecs\/wp-content\/uploads\/usu1971\/2021\/04\/pdf-file-300x300.png 300w\" sizes=\"auto, (max-width: 76px) 100vw, 76px\" \/><\/a><\/p>\n<p>Trobareu tota la informaci\u00f3 a la web del departament d&#8217;Educaci\u00f3<\/p>\n<p><a href=\"https:\/\/preinscripcio.gencat.cat\/ca\/inici\/\">https:\/\/preinscripcio.gencat.cat\/ca\/inici\/<\/a><\/p>\n","protected":false},"excerpt":{"rendered":"<p>Del 8 al 10 de setembre iniciem una 3a fase de preinscripci\u00f3 a Cicles amb les seg\u00fcents places disponibles: 30 places al Cicle Formatiu de Grau Mitj\u00e0 de Farm\u00e0cia i Parafarm\u00e0cia. 4 places al Cicle Formatiu de Grau Superior d\u2019Administraci\u00f3 i Finances. Per tal de formalitzar la preinscripci\u00f3 heu de portar a la secretaria del [&hellip;]<\/p>\n","protected":false},"author":36,"featured_media":3158,"comment_status":"closed","ping_status":"closed","sticky":false,"template":"","format":"standard","meta":{"site-sidebar-layout":"default","site-content-layout":"","ast-site-content-layout":"","site-content-style":"default","site-sidebar-style":"default","ast-global-header-display":"","ast-banner-title-visibility":"","ast-main-header-display":"","ast-hfb-above-header-display":"","ast-hfb-below-header-display":"","ast-hfb-mobile-header-display":"","site-post-title":"","ast-breadcrumbs-content":"","ast-featured-img":"","footer-sml-layout":"","theme-transparent-header-meta":"","adv-header-id-meta":"","stick-header-meta":"","header-above-stick-meta":"","header-main-stick-meta":"","header-below-stick-meta":"","astra-migrate-meta-layouts":"default","ast-page-background-enabled":"default","ast-page-background-meta":{"desktop":{"background-color":"var(--ast-global-color-5)","background-image":"","background-repeat":"repeat","background-position":"center center","background-size":"auto","background-attachment":"scroll","background-type":"","background-media":"","overlay-type":"","overlay-color":"","overlay-opacity":"","overlay-gradient":""},"tablet":{"background-color":"","background-image":"","background-repeat":"repeat","background-position":"center center","background-size":"auto","background-attachment":"scroll","background-type":"","background-media":"","overlay-type":"","overlay-color":"","overlay-opacity":"","overlay-gradient":""},"mobile":{"background-color":"","background-image":"","background-repeat":"repeat","background-position":"center center","background-size":"auto","background-attachment":"scroll","background-type":"","background-media":"","overlay-type":"","overlay-color":"","overlay-opacity":"","overlay-gradient":""}},"ast-content-background-meta":{"desktop":{"background-color":"var(--ast-global-color-4)","background-image":"","background-repeat":"repeat","background-position":"center center","background-size":"auto","background-attachment":"scroll","background-type":"","background-media":"","overlay-type":"","overlay-color":"","overlay-opacity":"","overlay-gradient":""},"tablet":{"background-color":"var(--ast-global-color-4)","background-image":"","background-repeat":"repeat","background-position":"center center","background-size":"auto","background-attachment":"scroll","background-type":"","background-media":"","overlay-type":"","overlay-color":"","overlay-opacity":"","overlay-gradient":""},"mobile":{"background-color":"var(--ast-global-color-4)","background-image":"","background-repeat":"repeat","background-position":"center center","background-size":"auto","background-attachment":"scroll","background-type":"","background-media":"","overlay-type":"","overlay-color":"","overlay-opacity":"","overlay-gradient":""}},"footnotes":""},"categories":[29],"tags":[],"class_list":["post-3156","post","type-post","status-publish","format-standard","has-post-thumbnail","hentry","category-portada"],"post_mailing_queue_ids":[],"_links":{"self":[{"href":"https:\/\/agora.xtec.cat\/iesgallecs\/wp-json\/wp\/v2\/posts\/3156","targetHints":{"allow":["GET"]}}],"collection":[{"href":"https:\/\/agora.xtec.cat\/iesgallecs\/wp-json\/wp\/v2\/posts"}],"about":[{"href":"https:\/\/agora.xtec.cat\/iesgallecs\/wp-json\/wp\/v2\/types\/post"}],"author":[{"embeddable":true,"href":"https:\/\/agora.xtec.cat\/iesgallecs\/wp-json\/wp\/v2\/users\/36"}],"replies":[{"embeddable":true,"href":"https:\/\/agora.xtec.cat\/iesgallecs\/wp-json\/wp\/v2\/comments?post=3156"}],"version-history":[{"count":3,"href":"https:\/\/agora.xtec.cat\/iesgallecs\/wp-json\/wp\/v2\/posts\/3156\/revisions"}],"predecessor-version":[{"id":3181,"href":"https:\/\/agora.xtec.cat\/iesgallecs\/wp-json\/wp\/v2\/posts\/3156\/revisions\/3181"}],"wp:featuredmedia":[{"embeddable":true,"href":"https:\/\/agora.xtec.cat\/iesgallecs\/wp-json\/wp\/v2\/media\/3158"}],"wp:attachment":[{"href":"https:\/\/agora.xtec.cat\/iesgallecs\/wp-json\/wp\/v2\/media?parent=3156"}],"wp:term":[{"taxonomy":"category","embeddable":true,"href":"https:\/\/agora.xtec.cat\/iesgallecs\/wp-json\/wp\/v2\/categories?post=3156"},{"taxonomy":"post_tag","embeddable":true,"href":"https:\/\/agora.xtec.cat\/iesgallecs\/wp-json\/wp\/v2\/tags?post=3156"}],"curies":[{"name":"wp","href":"https:\/\/api.w.org\/{rel}","templated":true}]}}