{"id":2511,"date":"2021-02-05T18:58:10","date_gmt":"2021-02-05T17:58:10","guid":{"rendered":"https:\/\/agora.xtec.cat\/iesgallecs\/?p=2511"},"modified":"2021-02-08T19:51:04","modified_gmt":"2021-02-08T18:51:04","slug":"concurs-de-fotografia-carnestoltes-2021","status":"publish","type":"post","link":"https:\/\/agora.xtec.cat\/iesgallecs\/general\/concurs-de-fotografia-carnestoltes-2021\/","title":{"rendered":"Concurs de fotografia Carnestoltes 2021"},"content":{"rendered":"<p>Ja ens estem preparant per aquest Carnestoltes 2021, perqu\u00e8 tot i les restriccions, enguany tamb\u00e9 tindrem concurs!!<\/p>\n<p>El grup estable que es vulgui presentar al concurs haur\u00e0 de triar i dissenyar la seva disfressa i el dia 12 de febrer realitzar una fotografia de grup&#8230; sorpreneu-nos!<\/p>\n<p>Entre el dia 12 i el dia 17 de febrer, els tutors\/es s\u2019encarregaran de lliurar a La Comissi\u00f3 de Festes la fotografia digitalitzada.<\/p>\n<p>Totes les fotografies rebudes seran exposades en el vest\u00edbul del nostre institut i posteriorment es publicar\u00e0 la fotografia guanyadora.<\/p>\n<p>El concurs tindr\u00e0 2 grups guanyadors, 1 al mat\u00ed i 1 a la tarda. Es valorar\u00e0:<\/p>\n<ul>\n<li>El n\u00famero de participants per classe.<\/li>\n<li>La disfressa: originalitat, treball i efecte.<\/li>\n<li>Fotografia art\u00edstica.<\/li>\n<\/ul>\n<p>Els guanyadors i les guanyadores del premi de mat\u00ed i del premi de la tarda gaudiran d&#8217;un <strong>premi<\/strong> individual: <strong>1 consumici\u00f3 a la cantina de l\u2019institut per emportar: beguda i s\u00f2lid<\/strong>. Com cada any els premis aniran a c\u00e0rrec de <strong>L\u2019AMPA de l\u2019Institut<\/strong>.<\/p>\n<p>&nbsp;<\/p>\n<p><a href=\"https:\/\/agora.xtec.cat\/iesgallecs\/wp-content\/uploads\/usu1971\/2021\/02\/Concurs-de-fotografia2.jpg\"><img loading=\"lazy\" decoding=\"async\" class=\"alignnone size-full wp-image-2513\" src=\"https:\/\/agora.xtec.cat\/iesgallecs\/wp-content\/uploads\/usu1971\/2021\/02\/Concurs-de-fotografia2.jpg\" alt=\"\" width=\"486\" height=\"342\" srcset=\"https:\/\/agora.xtec.cat\/iesgallecs\/wp-content\/uploads\/usu1971\/2021\/02\/Concurs-de-fotografia2.jpg 486w, https:\/\/agora.xtec.cat\/iesgallecs\/wp-content\/uploads\/usu1971\/2021\/02\/Concurs-de-fotografia2-300x211.jpg 300w\" sizes=\"auto, (max-width: 486px) 100vw, 486px\" \/><\/a><\/p>\n","protected":false},"excerpt":{"rendered":"<p>Ja ens estem preparant per aquest Carnestoltes 2021, perqu\u00e8 tot i les restriccions, enguany tamb\u00e9 tindrem concurs!! El grup estable que es vulgui presentar al concurs haur\u00e0 de triar i dissenyar la seva disfressa i el dia 12 de febrer realitzar una fotografia de grup&#8230; sorpreneu-nos! Entre el dia 12 i el dia 17 de [&hellip;]<\/p>\n","protected":false},"author":36,"featured_media":2513,"comment_status":"closed","ping_status":"closed","sticky":false,"template":"","format":"standard","meta":{"site-sidebar-layout":"default","site-content-layout":"","ast-site-content-layout":"","site-content-style":"default","site-sidebar-style":"default","ast-global-header-display":"","ast-banner-title-visibility":"","ast-main-header-display":"","ast-hfb-above-header-display":"","ast-hfb-below-header-display":"","ast-hfb-mobile-header-display":"","site-post-title":"","ast-breadcrumbs-content":"","ast-featured-img":"","footer-sml-layout":"","theme-transparent-header-meta":"","adv-header-id-meta":"","stick-header-meta":"","header-above-stick-meta":"","header-main-stick-meta":"","header-below-stick-meta":"","astra-migrate-meta-layouts":"default","ast-page-background-enabled":"default","ast-page-background-meta":{"desktop":{"background-color":"var(--ast-global-color-5)","background-image":"","background-repeat":"repeat","background-position":"center center","background-size":"auto","background-attachment":"scroll","background-type":"","background-media":"","overlay-type":"","overlay-color":"","overlay-opacity":"","overlay-gradient":""},"tablet":{"background-color":"","background-image":"","background-repeat":"repeat","background-position":"center center","background-size":"auto","background-attachment":"scroll","background-type":"","background-media":"","overlay-type":"","overlay-color":"","overlay-opacity":"","overlay-gradient":""},"mobile":{"background-color":"","background-image":"","background-repeat":"repeat","background-position":"center center","background-size":"auto","background-attachment":"scroll","background-type":"","background-media":"","overlay-type":"","overlay-color":"","overlay-opacity":"","overlay-gradient":""}},"ast-content-background-meta":{"desktop":{"background-color":"var(--ast-global-color-4)","background-image":"","background-repeat":"repeat","background-position":"center center","background-size":"auto","background-attachment":"scroll","background-type":"","background-media":"","overlay-type":"","overlay-color":"","overlay-opacity":"","overlay-gradient":""},"tablet":{"background-color":"var(--ast-global-color-4)","background-image":"","background-repeat":"repeat","background-position":"center center","background-size":"auto","background-attachment":"scroll","background-type":"","background-media":"","overlay-type":"","overlay-color":"","overlay-opacity":"","overlay-gradient":""},"mobile":{"background-color":"var(--ast-global-color-4)","background-image":"","background-repeat":"repeat","background-position":"center center","background-size":"auto","background-attachment":"scroll","background-type":"","background-media":"","overlay-type":"","overlay-color":"","overlay-opacity":"","overlay-gradient":""}},"footnotes":""},"categories":[1,29],"tags":[],"class_list":["post-2511","post","type-post","status-publish","format-standard","has-post-thumbnail","hentry","category-general","category-portada"],"post_mailing_queue_ids":[],"_links":{"self":[{"href":"https:\/\/agora.xtec.cat\/iesgallecs\/wp-json\/wp\/v2\/posts\/2511","targetHints":{"allow":["GET"]}}],"collection":[{"href":"https:\/\/agora.xtec.cat\/iesgallecs\/wp-json\/wp\/v2\/posts"}],"about":[{"href":"https:\/\/agora.xtec.cat\/iesgallecs\/wp-json\/wp\/v2\/types\/post"}],"author":[{"embeddable":true,"href":"https:\/\/agora.xtec.cat\/iesgallecs\/wp-json\/wp\/v2\/users\/36"}],"replies":[{"embeddable":true,"href":"https:\/\/agora.xtec.cat\/iesgallecs\/wp-json\/wp\/v2\/comments?post=2511"}],"version-history":[{"count":1,"href":"https:\/\/agora.xtec.cat\/iesgallecs\/wp-json\/wp\/v2\/posts\/2511\/revisions"}],"predecessor-version":[{"id":2514,"href":"https:\/\/agora.xtec.cat\/iesgallecs\/wp-json\/wp\/v2\/posts\/2511\/revisions\/2514"}],"wp:featuredmedia":[{"embeddable":true,"href":"https:\/\/agora.xtec.cat\/iesgallecs\/wp-json\/wp\/v2\/media\/2513"}],"wp:attachment":[{"href":"https:\/\/agora.xtec.cat\/iesgallecs\/wp-json\/wp\/v2\/media?parent=2511"}],"wp:term":[{"taxonomy":"category","embeddable":true,"href":"https:\/\/agora.xtec.cat\/iesgallecs\/wp-json\/wp\/v2\/categories?post=2511"},{"taxonomy":"post_tag","embeddable":true,"href":"https:\/\/agora.xtec.cat\/iesgallecs\/wp-json\/wp\/v2\/tags?post=2511"}],"curies":[{"name":"wp","href":"https:\/\/api.w.org\/{rel}","templated":true}]}}