{"id":2409,"date":"2020-10-16T12:24:59","date_gmt":"2020-10-16T10:24:59","guid":{"rendered":"https:\/\/agora.xtec.cat\/iesgallecs\/?p=2409"},"modified":"2020-10-16T12:25:42","modified_gmt":"2020-10-16T10:25:42","slug":"lins-gallecs-connectat-amb-les-families","status":"publish","type":"post","link":"https:\/\/agora.xtec.cat\/iesgallecs\/general\/lins-gallecs-connectat-amb-les-families\/","title":{"rendered":"L\u2019INS Gallecs connectat amb les fam\u00edlies"},"content":{"rendered":"<p>En aquesta situaci\u00f3 excepcional de pand\u00e8mia, des de l\u2019Institut Gallecs volem continuar donant respostes a les necessitats de l\u2019alumnat i les seves fam\u00edlies. No volem que una situaci\u00f3 d\u2019emerg\u00e8ncia sanit\u00e0ria derivi en una emerg\u00e8ncia educativa, per aix\u00f2, volem seguir amb contacte amb les fam\u00edlies a trav\u00e9s dels entorns digitals.<\/p>\n<p>Amb aquesta intenci\u00f3 hem realitzat connexions mitjan\u00e7ant eines telem\u00e0tiques amb les fam\u00edlies de l\u2019alumnat d\u2019ESO, Batxillerat i Cicles Formatius. A falta de la trobada amb les fam\u00edlies i l\u2019alumnat de Cicles de Grau superior, que es realitzar\u00e0 la setmana vinent, ja hem fet set reunions en l\u00ednia amb la resta de nivells i grups. Despr\u00e9s de la benvinguda general per part de la directora, on s\u2019han resolt els dubtes en relaci\u00f3 a les mesures sanit\u00e0ries que cal prendre, cada fam\u00edlia ha tingut, posteriorment, una reuni\u00f3 amb el tutor o tutora del grup dels seus fill o filla.<\/p>\n<p>Som conscients que aquest tipus de reunions son noves per a molts i nosaltres mateixos hem d\u2019aprendre a gestionar-les millor. Despr\u00e9s d\u2019aquest primer contacte, hem detectat els errors m\u00e9s comuns que es solen produir, per\u00f2 tamb\u00e9 valorem positivament aquesta manera de comunicar-nos i la volem continuar oferint per no perdre la relaci\u00f3 amb les fam\u00edlies.<\/p>\n<p>En breu, des de la Comunicaci\u00f3 del centre, penjarem un tutorial sobre com realitzar aquest tipus de connexions per tal de fer aquesta experi\u00e8ncia m\u00e9s f\u00e0cil i profitosa.<\/p>\n","protected":false},"excerpt":{"rendered":"<p>En aquesta situaci\u00f3 excepcional de pand\u00e8mia, des de l\u2019Institut Gallecs volem continuar donant respostes a les necessitats de l\u2019alumnat i les seves fam\u00edlies. No volem que una situaci\u00f3 d\u2019emerg\u00e8ncia sanit\u00e0ria derivi en una emerg\u00e8ncia educativa, per aix\u00f2, volem seguir amb contacte amb les fam\u00edlies a trav\u00e9s dels entorns digitals. Amb aquesta intenci\u00f3 hem realitzat connexions [&hellip;]<\/p>\n","protected":false},"author":36,"featured_media":2410,"comment_status":"closed","ping_status":"closed","sticky":false,"template":"","format":"standard","meta":{"site-sidebar-layout":"default","site-content-layout":"","ast-site-content-layout":"","site-content-style":"default","site-sidebar-style":"default","ast-global-header-display":"","ast-banner-title-visibility":"","ast-main-header-display":"","ast-hfb-above-header-display":"","ast-hfb-below-header-display":"","ast-hfb-mobile-header-display":"","site-post-title":"","ast-breadcrumbs-content":"","ast-featured-img":"","footer-sml-layout":"","theme-transparent-header-meta":"","adv-header-id-meta":"","stick-header-meta":"","header-above-stick-meta":"","header-main-stick-meta":"","header-below-stick-meta":"","astra-migrate-meta-layouts":"default","ast-page-background-enabled":"default","ast-page-background-meta":{"desktop":{"background-color":"var(--ast-global-color-5)","background-image":"","background-repeat":"repeat","background-position":"center center","background-size":"auto","background-attachment":"scroll","background-type":"","background-media":"","overlay-type":"","overlay-color":"","overlay-opacity":"","overlay-gradient":""},"tablet":{"background-color":"","background-image":"","background-repeat":"repeat","background-position":"center center","background-size":"auto","background-attachment":"scroll","background-type":"","background-media":"","overlay-type":"","overlay-color":"","overlay-opacity":"","overlay-gradient":""},"mobile":{"background-color":"","background-image":"","background-repeat":"repeat","background-position":"center center","background-size":"auto","background-attachment":"scroll","background-type":"","background-media":"","overlay-type":"","overlay-color":"","overlay-opacity":"","overlay-gradient":""}},"ast-content-background-meta":{"desktop":{"background-color":"var(--ast-global-color-4)","background-image":"","background-repeat":"repeat","background-position":"center center","background-size":"auto","background-attachment":"scroll","background-type":"","background-media":"","overlay-type":"","overlay-color":"","overlay-opacity":"","overlay-gradient":""},"tablet":{"background-color":"var(--ast-global-color-4)","background-image":"","background-repeat":"repeat","background-position":"center center","background-size":"auto","background-attachment":"scroll","background-type":"","background-media":"","overlay-type":"","overlay-color":"","overlay-opacity":"","overlay-gradient":""},"mobile":{"background-color":"var(--ast-global-color-4)","background-image":"","background-repeat":"repeat","background-position":"center center","background-size":"auto","background-attachment":"scroll","background-type":"","background-media":"","overlay-type":"","overlay-color":"","overlay-opacity":"","overlay-gradient":""}},"footnotes":""},"categories":[1,29],"tags":[],"class_list":["post-2409","post","type-post","status-publish","format-standard","has-post-thumbnail","hentry","category-general","category-portada"],"post_mailing_queue_ids":[],"_links":{"self":[{"href":"https:\/\/agora.xtec.cat\/iesgallecs\/wp-json\/wp\/v2\/posts\/2409","targetHints":{"allow":["GET"]}}],"collection":[{"href":"https:\/\/agora.xtec.cat\/iesgallecs\/wp-json\/wp\/v2\/posts"}],"about":[{"href":"https:\/\/agora.xtec.cat\/iesgallecs\/wp-json\/wp\/v2\/types\/post"}],"author":[{"embeddable":true,"href":"https:\/\/agora.xtec.cat\/iesgallecs\/wp-json\/wp\/v2\/users\/36"}],"replies":[{"embeddable":true,"href":"https:\/\/agora.xtec.cat\/iesgallecs\/wp-json\/wp\/v2\/comments?post=2409"}],"version-history":[{"count":1,"href":"https:\/\/agora.xtec.cat\/iesgallecs\/wp-json\/wp\/v2\/posts\/2409\/revisions"}],"predecessor-version":[{"id":2411,"href":"https:\/\/agora.xtec.cat\/iesgallecs\/wp-json\/wp\/v2\/posts\/2409\/revisions\/2411"}],"wp:featuredmedia":[{"embeddable":true,"href":"https:\/\/agora.xtec.cat\/iesgallecs\/wp-json\/wp\/v2\/media\/2410"}],"wp:attachment":[{"href":"https:\/\/agora.xtec.cat\/iesgallecs\/wp-json\/wp\/v2\/media?parent=2409"}],"wp:term":[{"taxonomy":"category","embeddable":true,"href":"https:\/\/agora.xtec.cat\/iesgallecs\/wp-json\/wp\/v2\/categories?post=2409"},{"taxonomy":"post_tag","embeddable":true,"href":"https:\/\/agora.xtec.cat\/iesgallecs\/wp-json\/wp\/v2\/tags?post=2409"}],"curies":[{"name":"wp","href":"https:\/\/api.w.org\/{rel}","templated":true}]}}