{"id":2407,"date":"2020-10-09T17:20:45","date_gmt":"2020-10-09T15:20:45","guid":{"rendered":"https:\/\/agora.xtec.cat\/iesgallecs\/?p=2407"},"modified":"2020-10-24T21:48:37","modified_gmt":"2020-10-24T19:48:37","slug":"dia-mundial-del-docent","status":"publish","type":"post","link":"https:\/\/agora.xtec.cat\/iesgallecs\/general\/dia-mundial-del-docent\/","title":{"rendered":"DIA MUNDIAL DEL DOCENT"},"content":{"rendered":"<p><strong>UNESCO_DIA MUNDIAL DELS DOCENTS<\/strong><\/p>\n<p>Entre els dies <strong>5 i 12 d\u2019octubre es celebra el\u00a0Dia Mundial dels Docents 2020<\/strong>.\u00a0Enguany la tem\u00e0tica \u00e9s\u00a0\u201cEls docents: liderar la crisis, re-imaginar el futur\u201d,\u00a0seleccionat per a destacar el comprom\u00eds i la dedicaci\u00f3 que els docents de tot el m\u00f3n han demostrat, per no deixar a cap dels seus alumnes enrere, especialment durant la crisis produ\u00efda pel COVID-19.<\/p>\n<p>A la p\u00e0gina web de l\u2019UNESCO\u00a0<a href=\"https:\/\/en.unesco.org\/commemorations\/worldteachersday\">https:\/\/en.unesco.org\/commemorations\/worldteachersday<\/a>\u00a0es publicar\u00e0 un programa d\u2019actes virtuals per al Dia Mundial dels Docents 2020, que s\u2019anir\u00e0 actualitzant de manera peri\u00f2dica. Tamb\u00e9 hi trobareu <strong>materials de suport,<\/strong> infografies d\u2019Objectius de Desenvolupament Sostenible o eines i mitjans de caire social. <a href=\"https:\/\/agora.xtec.cat\/iesgallecs\/wp-content\/uploads\/usu1971\/2020\/10\/wtd-2020-cover-image.jpg\"><img loading=\"lazy\" decoding=\"async\" class=\"alignnone size-full wp-image-2400\" src=\"https:\/\/agora.xtec.cat\/iesgallecs\/wp-content\/uploads\/usu1971\/2020\/10\/wtd-2020-cover-image.jpg\" alt=\"\" width=\"938\" height=\"346\" srcset=\"https:\/\/agora.xtec.cat\/iesgallecs\/wp-content\/uploads\/usu1971\/2020\/10\/wtd-2020-cover-image.jpg 938w, https:\/\/agora.xtec.cat\/iesgallecs\/wp-content\/uploads\/usu1971\/2020\/10\/wtd-2020-cover-image-300x111.jpg 300w, https:\/\/agora.xtec.cat\/iesgallecs\/wp-content\/uploads\/usu1971\/2020\/10\/wtd-2020-cover-image-768x283.jpg 768w\" sizes=\"auto, (max-width: 938px) 100vw, 938px\" \/><\/a><\/p>\n","protected":false},"excerpt":{"rendered":"<p>UNESCO_DIA MUNDIAL DELS DOCENTS Entre els dies 5 i 12 d\u2019octubre es celebra el\u00a0Dia Mundial dels Docents 2020.\u00a0Enguany la tem\u00e0tica \u00e9s\u00a0\u201cEls docents: liderar la crisis, re-imaginar el futur\u201d,\u00a0seleccionat per a destacar el comprom\u00eds i la dedicaci\u00f3 que els docents de tot el m\u00f3n han demostrat, per no deixar a cap dels seus alumnes enrere, especialment [&hellip;]<\/p>\n","protected":false},"author":12,"featured_media":2400,"comment_status":"closed","ping_status":"closed","sticky":false,"template":"","format":"standard","meta":{"site-sidebar-layout":"default","site-content-layout":"","ast-site-content-layout":"","site-content-style":"default","site-sidebar-style":"default","ast-global-header-display":"","ast-banner-title-visibility":"","ast-main-header-display":"","ast-hfb-above-header-display":"","ast-hfb-below-header-display":"","ast-hfb-mobile-header-display":"","site-post-title":"","ast-breadcrumbs-content":"","ast-featured-img":"","footer-sml-layout":"","theme-transparent-header-meta":"","adv-header-id-meta":"","stick-header-meta":"","header-above-stick-meta":"","header-main-stick-meta":"","header-below-stick-meta":"","astra-migrate-meta-layouts":"default","ast-page-background-enabled":"default","ast-page-background-meta":{"desktop":{"background-color":"var(--ast-global-color-5)","background-image":"","background-repeat":"repeat","background-position":"center center","background-size":"auto","background-attachment":"scroll","background-type":"","background-media":"","overlay-type":"","overlay-color":"","overlay-opacity":"","overlay-gradient":""},"tablet":{"background-color":"","background-image":"","background-repeat":"repeat","background-position":"center center","background-size":"auto","background-attachment":"scroll","background-type":"","background-media":"","overlay-type":"","overlay-color":"","overlay-opacity":"","overlay-gradient":""},"mobile":{"background-color":"","background-image":"","background-repeat":"repeat","background-position":"center center","background-size":"auto","background-attachment":"scroll","background-type":"","background-media":"","overlay-type":"","overlay-color":"","overlay-opacity":"","overlay-gradient":""}},"ast-content-background-meta":{"desktop":{"background-color":"var(--ast-global-color-4)","background-image":"","background-repeat":"repeat","background-position":"center center","background-size":"auto","background-attachment":"scroll","background-type":"","background-media":"","overlay-type":"","overlay-color":"","overlay-opacity":"","overlay-gradient":""},"tablet":{"background-color":"var(--ast-global-color-4)","background-image":"","background-repeat":"repeat","background-position":"center center","background-size":"auto","background-attachment":"scroll","background-type":"","background-media":"","overlay-type":"","overlay-color":"","overlay-opacity":"","overlay-gradient":""},"mobile":{"background-color":"var(--ast-global-color-4)","background-image":"","background-repeat":"repeat","background-position":"center center","background-size":"auto","background-attachment":"scroll","background-type":"","background-media":"","overlay-type":"","overlay-color":"","overlay-opacity":"","overlay-gradient":""}},"footnotes":""},"categories":[1],"tags":[],"class_list":["post-2407","post","type-post","status-publish","format-standard","has-post-thumbnail","hentry","category-general"],"post_mailing_queue_ids":[],"_links":{"self":[{"href":"https:\/\/agora.xtec.cat\/iesgallecs\/wp-json\/wp\/v2\/posts\/2407","targetHints":{"allow":["GET"]}}],"collection":[{"href":"https:\/\/agora.xtec.cat\/iesgallecs\/wp-json\/wp\/v2\/posts"}],"about":[{"href":"https:\/\/agora.xtec.cat\/iesgallecs\/wp-json\/wp\/v2\/types\/post"}],"author":[{"embeddable":true,"href":"https:\/\/agora.xtec.cat\/iesgallecs\/wp-json\/wp\/v2\/users\/12"}],"replies":[{"embeddable":true,"href":"https:\/\/agora.xtec.cat\/iesgallecs\/wp-json\/wp\/v2\/comments?post=2407"}],"version-history":[{"count":1,"href":"https:\/\/agora.xtec.cat\/iesgallecs\/wp-json\/wp\/v2\/posts\/2407\/revisions"}],"predecessor-version":[{"id":2408,"href":"https:\/\/agora.xtec.cat\/iesgallecs\/wp-json\/wp\/v2\/posts\/2407\/revisions\/2408"}],"wp:featuredmedia":[{"embeddable":true,"href":"https:\/\/agora.xtec.cat\/iesgallecs\/wp-json\/wp\/v2\/media\/2400"}],"wp:attachment":[{"href":"https:\/\/agora.xtec.cat\/iesgallecs\/wp-json\/wp\/v2\/media?parent=2407"}],"wp:term":[{"taxonomy":"category","embeddable":true,"href":"https:\/\/agora.xtec.cat\/iesgallecs\/wp-json\/wp\/v2\/categories?post=2407"},{"taxonomy":"post_tag","embeddable":true,"href":"https:\/\/agora.xtec.cat\/iesgallecs\/wp-json\/wp\/v2\/tags?post=2407"}],"curies":[{"name":"wp","href":"https:\/\/api.w.org\/{rel}","templated":true}]}}