{"id":2405,"date":"2020-10-09T17:15:27","date_gmt":"2020-10-09T15:15:27","guid":{"rendered":"https:\/\/agora.xtec.cat\/iesgallecs\/?p=2405"},"modified":"2020-10-24T21:50:12","modified_gmt":"2020-10-24T19:50:12","slug":"dia-mundial-del-farmaceutic","status":"publish","type":"post","link":"https:\/\/agora.xtec.cat\/iesgallecs\/general\/dia-mundial-del-farmaceutic\/","title":{"rendered":"DIA MUNDIAL DEL FARMAC\u00c8UTIC"},"content":{"rendered":"<p>El \u201c<strong>Dia Mundial del Farmac\u00e8utic\u201d<\/strong> \u00e9s celebra cada <strong>25 de setembre<\/strong> i des d\u2019aqu\u00ed volem retre homenatge tant als farmac\u00e8utics com als t\u00e8cnics en fa<a href=\"https:\/\/agora.xtec.cat\/iesgallecs\/wp-content\/uploads\/usu1971\/2020\/10\/dia.jpg\"><img loading=\"lazy\" decoding=\"async\" class=\"wp-image-2399 alignleft\" src=\"https:\/\/agora.xtec.cat\/iesgallecs\/wp-content\/uploads\/usu1971\/2020\/10\/dia.jpg\" alt=\"\" width=\"299\" height=\"368\" srcset=\"https:\/\/agora.xtec.cat\/iesgallecs\/wp-content\/uploads\/usu1971\/2020\/10\/dia.jpg 510w, https:\/\/agora.xtec.cat\/iesgallecs\/wp-content\/uploads\/usu1971\/2020\/10\/dia-244x300.jpg 244w\" sizes=\"auto, (max-width: 299px) 100vw, 299px\" \/><\/a>rm\u00e0cia per la seva contribuci\u00f3 en la salut de les persones.<\/p>\n<p>En aquesta ocasi\u00f3 des de la <strong>Federaci\u00f3 Internacional Farmac\u00e8utica<\/strong> (FIP) que \u00e9s qui organitza, ha escollit el lema <strong>\u201cTransformant la salut global\u201d<\/strong> amb el que es vol destacar tot el que fa la professi\u00f3 farmac\u00e8utica per a <strong>contribuir de manera integral a la millora de la salut<\/strong> a traves de l\u2019acc\u00e9s a medicaments segurs, efica\u00e7os, de qualitat i assequibles. Igualment tamb\u00e9 als serveis assistencials farmac\u00e8utics<\/p>\n<p>Aquest any de manera especial el FIP vol destacar la important tasca de la professi\u00f3 farmac\u00e8utica durant la pand\u00e8mia, tant per a detenir la seva propagaci\u00f3 com per a garantir sempre l\u2019acc\u00e9s als medicaments.<\/p>\n","protected":false},"excerpt":{"rendered":"<p>El \u201cDia Mundial del Farmac\u00e8utic\u201d \u00e9s celebra cada 25 de setembre i des d\u2019aqu\u00ed volem retre homenatge tant als farmac\u00e8utics com als t\u00e8cnics en farm\u00e0cia per la seva contribuci\u00f3 en la salut de les persones. En aquesta ocasi\u00f3 des de la Federaci\u00f3 Internacional Farmac\u00e8utica (FIP) que \u00e9s qui organitza, ha escollit el lema \u201cTransformant la [&hellip;]<\/p>\n","protected":false},"author":12,"featured_media":2399,"comment_status":"closed","ping_status":"closed","sticky":false,"template":"","format":"standard","meta":{"site-sidebar-layout":"default","site-content-layout":"","ast-site-content-layout":"","site-content-style":"default","site-sidebar-style":"default","ast-global-header-display":"","ast-banner-title-visibility":"","ast-main-header-display":"","ast-hfb-above-header-display":"","ast-hfb-below-header-display":"","ast-hfb-mobile-header-display":"","site-post-title":"","ast-breadcrumbs-content":"","ast-featured-img":"","footer-sml-layout":"","theme-transparent-header-meta":"","adv-header-id-meta":"","stick-header-meta":"","header-above-stick-meta":"","header-main-stick-meta":"","header-below-stick-meta":"","astra-migrate-meta-layouts":"default","ast-page-background-enabled":"default","ast-page-background-meta":{"desktop":{"background-color":"var(--ast-global-color-5)","background-image":"","background-repeat":"repeat","background-position":"center center","background-size":"auto","background-attachment":"scroll","background-type":"","background-media":"","overlay-type":"","overlay-color":"","overlay-opacity":"","overlay-gradient":""},"tablet":{"background-color":"","background-image":"","background-repeat":"repeat","background-position":"center center","background-size":"auto","background-attachment":"scroll","background-type":"","background-media":"","overlay-type":"","overlay-color":"","overlay-opacity":"","overlay-gradient":""},"mobile":{"background-color":"","background-image":"","background-repeat":"repeat","background-position":"center center","background-size":"auto","background-attachment":"scroll","background-type":"","background-media":"","overlay-type":"","overlay-color":"","overlay-opacity":"","overlay-gradient":""}},"ast-content-background-meta":{"desktop":{"background-color":"var(--ast-global-color-4)","background-image":"","background-repeat":"repeat","background-position":"center center","background-size":"auto","background-attachment":"scroll","background-type":"","background-media":"","overlay-type":"","overlay-color":"","overlay-opacity":"","overlay-gradient":""},"tablet":{"background-color":"var(--ast-global-color-4)","background-image":"","background-repeat":"repeat","background-position":"center center","background-size":"auto","background-attachment":"scroll","background-type":"","background-media":"","overlay-type":"","overlay-color":"","overlay-opacity":"","overlay-gradient":""},"mobile":{"background-color":"var(--ast-global-color-4)","background-image":"","background-repeat":"repeat","background-position":"center center","background-size":"auto","background-attachment":"scroll","background-type":"","background-media":"","overlay-type":"","overlay-color":"","overlay-opacity":"","overlay-gradient":""}},"footnotes":""},"categories":[1],"tags":[],"class_list":["post-2405","post","type-post","status-publish","format-standard","has-post-thumbnail","hentry","category-general"],"post_mailing_queue_ids":[],"_links":{"self":[{"href":"https:\/\/agora.xtec.cat\/iesgallecs\/wp-json\/wp\/v2\/posts\/2405","targetHints":{"allow":["GET"]}}],"collection":[{"href":"https:\/\/agora.xtec.cat\/iesgallecs\/wp-json\/wp\/v2\/posts"}],"about":[{"href":"https:\/\/agora.xtec.cat\/iesgallecs\/wp-json\/wp\/v2\/types\/post"}],"author":[{"embeddable":true,"href":"https:\/\/agora.xtec.cat\/iesgallecs\/wp-json\/wp\/v2\/users\/12"}],"replies":[{"embeddable":true,"href":"https:\/\/agora.xtec.cat\/iesgallecs\/wp-json\/wp\/v2\/comments?post=2405"}],"version-history":[{"count":1,"href":"https:\/\/agora.xtec.cat\/iesgallecs\/wp-json\/wp\/v2\/posts\/2405\/revisions"}],"predecessor-version":[{"id":2406,"href":"https:\/\/agora.xtec.cat\/iesgallecs\/wp-json\/wp\/v2\/posts\/2405\/revisions\/2406"}],"wp:featuredmedia":[{"embeddable":true,"href":"https:\/\/agora.xtec.cat\/iesgallecs\/wp-json\/wp\/v2\/media\/2399"}],"wp:attachment":[{"href":"https:\/\/agora.xtec.cat\/iesgallecs\/wp-json\/wp\/v2\/media?parent=2405"}],"wp:term":[{"taxonomy":"category","embeddable":true,"href":"https:\/\/agora.xtec.cat\/iesgallecs\/wp-json\/wp\/v2\/categories?post=2405"},{"taxonomy":"post_tag","embeddable":true,"href":"https:\/\/agora.xtec.cat\/iesgallecs\/wp-json\/wp\/v2\/tags?post=2405"}],"curies":[{"name":"wp","href":"https:\/\/api.w.org\/{rel}","templated":true}]}}