{"id":9633,"date":"2022-03-10T12:42:24","date_gmt":"2022-03-10T11:42:24","guid":{"rendered":"https:\/\/agora.xtec.cat\/iesgabrielferrater\/?p=9633"},"modified":"2022-03-18T19:04:50","modified_gmt":"2022-03-18T18:04:50","slug":"exposicio-igualtat-en-lesport","status":"publish","type":"post","link":"https:\/\/agora.xtec.cat\/iesgabrielferrater\/portada\/exposicio-igualtat-en-lesport\/","title":{"rendered":"Exposici\u00f3 &#8220;Igualtat en l&#8217;esport&#8221;"},"content":{"rendered":"<p><span style=\"color: #993300;\">El Departament d&#8217;Educaci\u00f3 F\u00edsica ha preparat una exposici\u00f3, que trobareu al vest\u00edbul del centre, al voltant de la igualtat en l&#8217;esport. Podreu llegir un article sobre el tema, aix\u00ed com con\u00e8ixer de primera m\u00e0 l&#8217;experi\u00e8ncia de quatre esportistes d&#8217;elit: l&#8217;Alexia Putellas, la Queralt Castellet, la Paula Badosa i la nostra antiga alumna Ariana S\u00e1nchez.<\/span><br \/>\n<span style=\"color: #993300;\">Aquesta exposici\u00f3 forma part dels actes organitzats dins de la &#8220;Setmana de la dona&#8221;, en col\u00b7laboraci\u00f3 amb la Coordinaci\u00f3 d&#8217;Igualtat, per celebrar el Dia Internacional de les dones.<\/span><\/p>\n<table style=\"border-collapse: collapse; width: 100%;\">\n<tbody>\n<tr>\n<td style=\"width: 33.3333%; text-align: center;\"><a href=\"https:\/\/agora.xtec.cat\/iesgabrielferrater\/wp-content\/uploads\/usu1206\/2022\/03\/E20D7D5A-0023-4B5B-ABE4-1D1C017DC739.jpeg\"><img loading=\"lazy\" decoding=\"async\" class=\"alignnone size-medium wp-image-9639\" src=\"https:\/\/agora.xtec.cat\/iesgabrielferrater\/wp-content\/uploads\/usu1206\/2022\/03\/E20D7D5A-0023-4B5B-ABE4-1D1C017DC739-240x300.jpeg\" alt=\"\" width=\"240\" height=\"300\" srcset=\"https:\/\/agora.xtec.cat\/iesgabrielferrater\/wp-content\/uploads\/usu1206\/2022\/03\/E20D7D5A-0023-4B5B-ABE4-1D1C017DC739-240x300.jpeg 240w, https:\/\/agora.xtec.cat\/iesgabrielferrater\/wp-content\/uploads\/usu1206\/2022\/03\/E20D7D5A-0023-4B5B-ABE4-1D1C017DC739.jpeg 500w\" sizes=\"auto, (max-width: 240px) 100vw, 240px\" \/><\/a><\/td>\n<td style=\"width: 33.3333%; text-align: center;\"><a href=\"https:\/\/agora.xtec.cat\/iesgabrielferrater\/wp-content\/uploads\/usu1206\/2022\/03\/DBD1A95A-0851-48AF-86FC-8470C2ACB60C.jpeg\"><img loading=\"lazy\" decoding=\"async\" class=\"alignnone size-medium wp-image-9638\" src=\"https:\/\/agora.xtec.cat\/iesgabrielferrater\/wp-content\/uploads\/usu1206\/2022\/03\/DBD1A95A-0851-48AF-86FC-8470C2ACB60C-240x300.jpeg\" alt=\"\" width=\"240\" height=\"300\" srcset=\"https:\/\/agora.xtec.cat\/iesgabrielferrater\/wp-content\/uploads\/usu1206\/2022\/03\/DBD1A95A-0851-48AF-86FC-8470C2ACB60C-240x300.jpeg 240w, https:\/\/agora.xtec.cat\/iesgabrielferrater\/wp-content\/uploads\/usu1206\/2022\/03\/DBD1A95A-0851-48AF-86FC-8470C2ACB60C.jpeg 500w\" sizes=\"auto, (max-width: 240px) 100vw, 240px\" \/><\/a><\/td>\n<td style=\"width: 33.3333%; text-align: center;\"><a href=\"https:\/\/agora.xtec.cat\/iesgabrielferrater\/wp-content\/uploads\/usu1206\/2022\/03\/D14D89F0-31D7-47CC-9081-F269A4853C33.jpeg\"><img loading=\"lazy\" decoding=\"async\" class=\"alignnone size-medium wp-image-9636\" src=\"https:\/\/agora.xtec.cat\/iesgabrielferrater\/wp-content\/uploads\/usu1206\/2022\/03\/D14D89F0-31D7-47CC-9081-F269A4853C33-225x300.jpeg\" alt=\"\" width=\"225\" height=\"300\" srcset=\"https:\/\/agora.xtec.cat\/iesgabrielferrater\/wp-content\/uploads\/usu1206\/2022\/03\/D14D89F0-31D7-47CC-9081-F269A4853C33-225x300.jpeg 225w, https:\/\/agora.xtec.cat\/iesgabrielferrater\/wp-content\/uploads\/usu1206\/2022\/03\/D14D89F0-31D7-47CC-9081-F269A4853C33.jpeg 500w\" sizes=\"auto, (max-width: 225px) 100vw, 225px\" \/><\/a><\/td>\n<\/tr>\n<tr>\n<td style=\"width: 33.3333%; text-align: center;\"><a href=\"https:\/\/agora.xtec.cat\/iesgabrielferrater\/wp-content\/uploads\/usu1206\/2022\/03\/A0A63A9D-20E7-4A50-AAF3-0B2BF98C9602.jpg\"><img loading=\"lazy\" decoding=\"async\" class=\"alignnone size-medium wp-image-9635\" src=\"https:\/\/agora.xtec.cat\/iesgabrielferrater\/wp-content\/uploads\/usu1206\/2022\/03\/A0A63A9D-20E7-4A50-AAF3-0B2BF98C9602-240x300.jpg\" alt=\"\" width=\"240\" height=\"300\" srcset=\"https:\/\/agora.xtec.cat\/iesgabrielferrater\/wp-content\/uploads\/usu1206\/2022\/03\/A0A63A9D-20E7-4A50-AAF3-0B2BF98C9602-240x300.jpg 240w, https:\/\/agora.xtec.cat\/iesgabrielferrater\/wp-content\/uploads\/usu1206\/2022\/03\/A0A63A9D-20E7-4A50-AAF3-0B2BF98C9602.jpg 500w\" sizes=\"auto, (max-width: 240px) 100vw, 240px\" \/><\/a><\/td>\n<td style=\"width: 33.3333%; text-align: center;\"><a href=\"https:\/\/agora.xtec.cat\/iesgabrielferrater\/wp-content\/uploads\/usu1206\/2022\/03\/E416DE98-4DC0-4263-96CE-6A8941A48B4B.jpeg\"><img loading=\"lazy\" decoding=\"async\" class=\"alignnone size-medium wp-image-9637\" src=\"https:\/\/agora.xtec.cat\/iesgabrielferrater\/wp-content\/uploads\/usu1206\/2022\/03\/E416DE98-4DC0-4263-96CE-6A8941A48B4B-240x300.jpeg\" alt=\"\" width=\"240\" height=\"300\" srcset=\"https:\/\/agora.xtec.cat\/iesgabrielferrater\/wp-content\/uploads\/usu1206\/2022\/03\/E416DE98-4DC0-4263-96CE-6A8941A48B4B-240x300.jpeg 240w, https:\/\/agora.xtec.cat\/iesgabrielferrater\/wp-content\/uploads\/usu1206\/2022\/03\/E416DE98-4DC0-4263-96CE-6A8941A48B4B.jpeg 500w\" sizes=\"auto, (max-width: 240px) 100vw, 240px\" \/><\/a><\/td>\n<td style=\"width: 33.3333%; text-align: center;\"><a href=\"https:\/\/agora.xtec.cat\/iesgabrielferrater\/wp-content\/uploads\/usu1206\/2022\/03\/2D2D8BC8-5099-440A-880F-3A271FFE1A74.jpeg\"><img loading=\"lazy\" decoding=\"async\" class=\"alignnone size-medium wp-image-9634\" src=\"https:\/\/agora.xtec.cat\/iesgabrielferrater\/wp-content\/uploads\/usu1206\/2022\/03\/2D2D8BC8-5099-440A-880F-3A271FFE1A74-225x300.jpeg\" alt=\"\" width=\"225\" height=\"300\" srcset=\"https:\/\/agora.xtec.cat\/iesgabrielferrater\/wp-content\/uploads\/usu1206\/2022\/03\/2D2D8BC8-5099-440A-880F-3A271FFE1A74-225x300.jpeg 225w, https:\/\/agora.xtec.cat\/iesgabrielferrater\/wp-content\/uploads\/usu1206\/2022\/03\/2D2D8BC8-5099-440A-880F-3A271FFE1A74.jpeg 500w\" sizes=\"auto, (max-width: 225px) 100vw, 225px\" \/><\/a><\/td>\n<\/tr>\n<\/tbody>\n<\/table>\n","protected":false},"excerpt":{"rendered":"<p>El Departament d&#8217;Educaci\u00f3 F\u00edsica ha preparat una exposici\u00f3, que trobareu al vest\u00edbul del centre, al voltant de la igualtat en l&#8217;esport. Podreu llegir un article sobre el tema, aix\u00ed com con\u00e8ixer de primera m\u00e0 l&#8217;experi\u00e8ncia de quatre esportistes d&#8217;elit: l&#8217;Alexia Putellas, la Queralt Castellet, la Paula Badosa i la nostra antiga alumna Ariana S\u00e1nchez. Aquesta [&hellip;]<\/p>\n","protected":false},"author":1,"featured_media":9634,"comment_status":"closed","ping_status":"closed","sticky":false,"template":"","format":"standard","meta":{"_bbp_topic_count":0,"_bbp_reply_count":0,"_bbp_total_topic_count":0,"_bbp_total_reply_count":0,"_bbp_voice_count":0,"_bbp_anonymous_reply_count":0,"_bbp_topic_count_hidden":0,"_bbp_reply_count_hidden":0,"_bbp_forum_subforum_count":0,"site-sidebar-layout":"default","site-content-layout":"","ast-site-content-layout":"","site-content-style":"default","site-sidebar-style":"default","ast-global-header-display":"","ast-banner-title-visibility":"","ast-main-header-display":"","ast-hfb-above-header-display":"","ast-hfb-below-header-display":"","ast-hfb-mobile-header-display":"","site-post-title":"","ast-breadcrumbs-content":"","ast-featured-img":"","footer-sml-layout":"","theme-transparent-header-meta":"","adv-header-id-meta":"","stick-header-meta":"","header-above-stick-meta":"","header-main-stick-meta":"","header-below-stick-meta":"","astra-migrate-meta-layouts":"default","ast-page-background-enabled":"default","ast-page-background-meta":{"desktop":{"background-color":"var(--ast-global-color-4)","background-image":"","background-repeat":"repeat","background-position":"center center","background-size":"auto","background-attachment":"scroll","background-type":"","background-media":"","overlay-type":"","overlay-color":"","overlay-opacity":"","overlay-gradient":""},"tablet":{"background-color":"","background-image":"","background-repeat":"repeat","background-position":"center center","background-size":"auto","background-attachment":"scroll","background-type":"","background-media":"","overlay-type":"","overlay-color":"","overlay-opacity":"","overlay-gradient":""},"mobile":{"background-color":"","background-image":"","background-repeat":"repeat","background-position":"center center","background-size":"auto","background-attachment":"scroll","background-type":"","background-media":"","overlay-type":"","overlay-color":"","overlay-opacity":"","overlay-gradient":""}},"ast-content-background-meta":{"desktop":{"background-color":"var(--ast-global-color-5)","background-image":"","background-repeat":"repeat","background-position":"center center","background-size":"auto","background-attachment":"scroll","background-type":"","background-media":"","overlay-type":"","overlay-color":"","overlay-opacity":"","overlay-gradient":""},"tablet":{"background-color":"var(--ast-global-color-5)","background-image":"","background-repeat":"repeat","background-position":"center center","background-size":"auto","background-attachment":"scroll","background-type":"","background-media":"","overlay-type":"","overlay-color":"","overlay-opacity":"","overlay-gradient":""},"mobile":{"background-color":"var(--ast-global-color-5)","background-image":"","background-repeat":"repeat","background-position":"center center","background-size":"auto","background-attachment":"scroll","background-type":"","background-media":"","overlay-type":"","overlay-color":"","overlay-opacity":"","overlay-gradient":""}},"footnotes":""},"categories":[73,29],"tags":[956,71,770],"class_list":["post-9633","post","type-post","status-publish","format-standard","has-post-thumbnail","hentry","category-dpt_educacio_fisica","category-portada","tag-coordinacio-digualtat","tag-dpt_educ-fisica","tag-igualtatgf"],"post_mailing_queue_ids":[],"_links":{"self":[{"href":"https:\/\/agora.xtec.cat\/iesgabrielferrater\/wp-json\/wp\/v2\/posts\/9633","targetHints":{"allow":["GET"]}}],"collection":[{"href":"https:\/\/agora.xtec.cat\/iesgabrielferrater\/wp-json\/wp\/v2\/posts"}],"about":[{"href":"https:\/\/agora.xtec.cat\/iesgabrielferrater\/wp-json\/wp\/v2\/types\/post"}],"author":[{"embeddable":true,"href":"https:\/\/agora.xtec.cat\/iesgabrielferrater\/wp-json\/wp\/v2\/users\/1"}],"replies":[{"embeddable":true,"href":"https:\/\/agora.xtec.cat\/iesgabrielferrater\/wp-json\/wp\/v2\/comments?post=9633"}],"version-history":[{"count":3,"href":"https:\/\/agora.xtec.cat\/iesgabrielferrater\/wp-json\/wp\/v2\/posts\/9633\/revisions"}],"predecessor-version":[{"id":9643,"href":"https:\/\/agora.xtec.cat\/iesgabrielferrater\/wp-json\/wp\/v2\/posts\/9633\/revisions\/9643"}],"wp:featuredmedia":[{"embeddable":true,"href":"https:\/\/agora.xtec.cat\/iesgabrielferrater\/wp-json\/wp\/v2\/media\/9634"}],"wp:attachment":[{"href":"https:\/\/agora.xtec.cat\/iesgabrielferrater\/wp-json\/wp\/v2\/media?parent=9633"}],"wp:term":[{"taxonomy":"category","embeddable":true,"href":"https:\/\/agora.xtec.cat\/iesgabrielferrater\/wp-json\/wp\/v2\/categories?post=9633"},{"taxonomy":"post_tag","embeddable":true,"href":"https:\/\/agora.xtec.cat\/iesgabrielferrater\/wp-json\/wp\/v2\/tags?post=9633"}],"curies":[{"name":"wp","href":"https:\/\/api.w.org\/{rel}","templated":true}]}}