{"id":9627,"date":"2022-03-09T09:45:19","date_gmt":"2022-03-09T08:45:19","guid":{"rendered":"https:\/\/agora.xtec.cat\/iesgabrielferrater\/?p=9627"},"modified":"2022-03-18T19:02:59","modified_gmt":"2022-03-18T18:02:59","slug":"exposicio-biblioteca-lila","status":"publish","type":"post","link":"https:\/\/agora.xtec.cat\/iesgabrielferrater\/portada\/exposicio-biblioteca-lila\/","title":{"rendered":"Exposici\u00f3 &#8220;Biblioteca Lila&#8221;"},"content":{"rendered":"<p><span style=\"color: #800080;\">L&#8217;Equip de Biblioteca ha posat en marxa la Biblioteca Lila. Trobareu a l&#8217;expositor de l&#8217;entrada de la biblioteca llibres de tem\u00e0tica feminista (viol\u00e8ncia masclista, noves sexualitats, educaci\u00f3 emocional entre d&#8217;altres). Aquesta acci\u00f3 forma part del comprom\u00eds que el centre educatiu t\u00e9 amb l&#8217;educaci\u00f3 integral del nostre alumnat i amb la mirada responsable i oberta que el professorat del centre vol aconseguir. \u00c9s tamb\u00e9 una de les activitats que s&#8217;han preparat des de la Coordinaci\u00f3 d&#8217;Igualtat del centre, dins tamb\u00e9 del Projecte de Conviv\u00e8ncia i com a membres de la Xarxa de centres per la igualtat de la ciutat.<\/span><br \/>\n<span style=\"color: #800080;\">Els diferents departaments pedag\u00f2gics treballaran durant aquesta setmana accions al voltant del Dia Internacional de la Dona com, per exemple, el Departament d&#8217;Educaci\u00f3 F\u00edsica, que ha proposat una exposici\u00f3 sobre &#8220;La igualtat en l&#8217;esport&#8221; i que podreu veure al vest\u00edbul del centre educatiu.<\/span><\/p>\n<p><a href=\"https:\/\/photos.app.goo.gl\/XF5XaiQ5UwAkj7Dc6\" target=\"_blank\" rel=\"noopener\"><img loading=\"lazy\" decoding=\"async\" class=\"aligncenter wp-image-9629 size-full\" src=\"https:\/\/agora.xtec.cat\/iesgabrielferrater\/wp-content\/uploads\/usu1206\/2022\/03\/biblioteca-lila-1.jpg\" alt=\"\" width=\"931\" height=\"390\" srcset=\"https:\/\/agora.xtec.cat\/iesgabrielferrater\/wp-content\/uploads\/usu1206\/2022\/03\/biblioteca-lila-1.jpg 931w, https:\/\/agora.xtec.cat\/iesgabrielferrater\/wp-content\/uploads\/usu1206\/2022\/03\/biblioteca-lila-1-300x126.jpg 300w, https:\/\/agora.xtec.cat\/iesgabrielferrater\/wp-content\/uploads\/usu1206\/2022\/03\/biblioteca-lila-1-768x322.jpg 768w\" sizes=\"auto, (max-width: 931px) 100vw, 931px\" \/><\/a> <a href=\"https:\/\/agora.xtec.cat\/iesgabrielferrater\/wp-content\/uploads\/usu1206\/2022\/03\/biblioteca-lila-2.jpg\" target=\"_blank\" rel=\"noopener\"><img loading=\"lazy\" decoding=\"async\" class=\"aligncenter wp-image-9630 size-full\" src=\"https:\/\/agora.xtec.cat\/iesgabrielferrater\/wp-content\/uploads\/usu1206\/2022\/03\/biblioteca-lila-2.jpg\" alt=\"\" width=\"931\" height=\"389\" srcset=\"https:\/\/agora.xtec.cat\/iesgabrielferrater\/wp-content\/uploads\/usu1206\/2022\/03\/biblioteca-lila-2.jpg 931w, https:\/\/agora.xtec.cat\/iesgabrielferrater\/wp-content\/uploads\/usu1206\/2022\/03\/biblioteca-lila-2-300x125.jpg 300w, https:\/\/agora.xtec.cat\/iesgabrielferrater\/wp-content\/uploads\/usu1206\/2022\/03\/biblioteca-lila-2-768x321.jpg 768w\" sizes=\"auto, (max-width: 931px) 100vw, 931px\" \/><\/a><\/p>\n","protected":false},"excerpt":{"rendered":"<p>L&#8217;Equip de Biblioteca ha posat en marxa la Biblioteca Lila. Trobareu a l&#8217;expositor de l&#8217;entrada de la biblioteca llibres de tem\u00e0tica feminista (viol\u00e8ncia masclista, noves sexualitats, educaci\u00f3 emocional entre d&#8217;altres). Aquesta acci\u00f3 forma part del comprom\u00eds que el centre educatiu t\u00e9 amb l&#8217;educaci\u00f3 integral del nostre alumnat i amb la mirada responsable i oberta que [&hellip;]<\/p>\n","protected":false},"author":1,"featured_media":9630,"comment_status":"closed","ping_status":"closed","sticky":false,"template":"","format":"standard","meta":{"_bbp_topic_count":0,"_bbp_reply_count":0,"_bbp_total_topic_count":0,"_bbp_total_reply_count":0,"_bbp_voice_count":0,"_bbp_anonymous_reply_count":0,"_bbp_topic_count_hidden":0,"_bbp_reply_count_hidden":0,"_bbp_forum_subforum_count":0,"site-sidebar-layout":"default","site-content-layout":"","ast-site-content-layout":"","site-content-style":"default","site-sidebar-style":"default","ast-global-header-display":"","ast-banner-title-visibility":"","ast-main-header-display":"","ast-hfb-above-header-display":"","ast-hfb-below-header-display":"","ast-hfb-mobile-header-display":"","site-post-title":"","ast-breadcrumbs-content":"","ast-featured-img":"","footer-sml-layout":"","theme-transparent-header-meta":"","adv-header-id-meta":"","stick-header-meta":"","header-above-stick-meta":"","header-main-stick-meta":"","header-below-stick-meta":"","astra-migrate-meta-layouts":"default","ast-page-background-enabled":"default","ast-page-background-meta":{"desktop":{"background-color":"var(--ast-global-color-4)","background-image":"","background-repeat":"repeat","background-position":"center center","background-size":"auto","background-attachment":"scroll","background-type":"","background-media":"","overlay-type":"","overlay-color":"","overlay-opacity":"","overlay-gradient":""},"tablet":{"background-color":"","background-image":"","background-repeat":"repeat","background-position":"center center","background-size":"auto","background-attachment":"scroll","background-type":"","background-media":"","overlay-type":"","overlay-color":"","overlay-opacity":"","overlay-gradient":""},"mobile":{"background-color":"","background-image":"","background-repeat":"repeat","background-position":"center center","background-size":"auto","background-attachment":"scroll","background-type":"","background-media":"","overlay-type":"","overlay-color":"","overlay-opacity":"","overlay-gradient":""}},"ast-content-background-meta":{"desktop":{"background-color":"var(--ast-global-color-5)","background-image":"","background-repeat":"repeat","background-position":"center center","background-size":"auto","background-attachment":"scroll","background-type":"","background-media":"","overlay-type":"","overlay-color":"","overlay-opacity":"","overlay-gradient":""},"tablet":{"background-color":"var(--ast-global-color-5)","background-image":"","background-repeat":"repeat","background-position":"center center","background-size":"auto","background-attachment":"scroll","background-type":"","background-media":"","overlay-type":"","overlay-color":"","overlay-opacity":"","overlay-gradient":""},"mobile":{"background-color":"var(--ast-global-color-5)","background-image":"","background-repeat":"repeat","background-position":"center center","background-size":"auto","background-attachment":"scroll","background-type":"","background-media":"","overlay-type":"","overlay-color":"","overlay-opacity":"","overlay-gradient":""}},"footnotes":""},"categories":[691,29],"tags":[459,790],"class_list":["post-9627","post","type-post","status-publish","format-standard","has-post-thumbnail","hentry","category-biblioteca","category-portada","tag-biblioteca","tag-dia-de-la-dona"],"post_mailing_queue_ids":[],"_links":{"self":[{"href":"https:\/\/agora.xtec.cat\/iesgabrielferrater\/wp-json\/wp\/v2\/posts\/9627","targetHints":{"allow":["GET"]}}],"collection":[{"href":"https:\/\/agora.xtec.cat\/iesgabrielferrater\/wp-json\/wp\/v2\/posts"}],"about":[{"href":"https:\/\/agora.xtec.cat\/iesgabrielferrater\/wp-json\/wp\/v2\/types\/post"}],"author":[{"embeddable":true,"href":"https:\/\/agora.xtec.cat\/iesgabrielferrater\/wp-json\/wp\/v2\/users\/1"}],"replies":[{"embeddable":true,"href":"https:\/\/agora.xtec.cat\/iesgabrielferrater\/wp-json\/wp\/v2\/comments?post=9627"}],"version-history":[{"count":3,"href":"https:\/\/agora.xtec.cat\/iesgabrielferrater\/wp-json\/wp\/v2\/posts\/9627\/revisions"}],"predecessor-version":[{"id":9632,"href":"https:\/\/agora.xtec.cat\/iesgabrielferrater\/wp-json\/wp\/v2\/posts\/9627\/revisions\/9632"}],"wp:featuredmedia":[{"embeddable":true,"href":"https:\/\/agora.xtec.cat\/iesgabrielferrater\/wp-json\/wp\/v2\/media\/9630"}],"wp:attachment":[{"href":"https:\/\/agora.xtec.cat\/iesgabrielferrater\/wp-json\/wp\/v2\/media?parent=9627"}],"wp:term":[{"taxonomy":"category","embeddable":true,"href":"https:\/\/agora.xtec.cat\/iesgabrielferrater\/wp-json\/wp\/v2\/categories?post=9627"},{"taxonomy":"post_tag","embeddable":true,"href":"https:\/\/agora.xtec.cat\/iesgabrielferrater\/wp-json\/wp\/v2\/tags?post=9627"}],"curies":[{"name":"wp","href":"https:\/\/api.w.org\/{rel}","templated":true}]}}