{"id":9467,"date":"2022-02-08T19:32:34","date_gmt":"2022-02-08T18:32:34","guid":{"rendered":"https:\/\/agora.xtec.cat\/iesgabrielferrater\/?p=9467"},"modified":"2022-02-28T07:02:32","modified_gmt":"2022-02-28T06:02:32","slug":"projecte-erasmus-plus-collaboracio-amb-el-centre-de-recursos-pedagogics","status":"publish","type":"post","link":"https:\/\/agora.xtec.cat\/iesgabrielferrater\/portada\/projecte-erasmus-plus-collaboracio-amb-el-centre-de-recursos-pedagogics\/","title":{"rendered":"Projecte Erasmus Plus: col\u00b7laboraci\u00f3 amb el Centre de Recursos Pedag\u00f2gics"},"content":{"rendered":"<p><span style=\"color: #993300;\">Els membres de l\u2019equip Erasmus plus del nostre centre han fet dues reunions telem\u00e0tiques amb responsables del Centre de Recursos Pedag\u00f2gics del Baix Camp, per fer-los part\u00edcips del nostre projecte sobre emprenedoria social. El CRP del Baix Camp tindr\u00e0 acc\u00e9s als materials que han elaborat els socis del projecte, perqu\u00e8 puguin fer-ne difusi\u00f3 en altres centres educatius del nostre entorn.<\/span><\/p>\n<p><a href=\"https:\/\/agora.xtec.cat\/iesgabrielferrater\/wp-content\/uploads\/usu1206\/2022\/02\/reunio-CRP.jpg\"><img loading=\"lazy\" decoding=\"async\" class=\"size-full wp-image-9468 aligncenter\" src=\"https:\/\/agora.xtec.cat\/iesgabrielferrater\/wp-content\/uploads\/usu1206\/2022\/02\/reunio-CRP.jpg\" alt=\"\" width=\"813\" height=\"565\" srcset=\"https:\/\/agora.xtec.cat\/iesgabrielferrater\/wp-content\/uploads\/usu1206\/2022\/02\/reunio-CRP.jpg 813w, https:\/\/agora.xtec.cat\/iesgabrielferrater\/wp-content\/uploads\/usu1206\/2022\/02\/reunio-CRP-300x208.jpg 300w, https:\/\/agora.xtec.cat\/iesgabrielferrater\/wp-content\/uploads\/usu1206\/2022\/02\/reunio-CRP-768x534.jpg 768w\" sizes=\"auto, (max-width: 813px) 100vw, 813px\" \/><\/a><\/p>\n","protected":false},"excerpt":{"rendered":"<p>Els membres de l\u2019equip Erasmus plus del nostre centre han fet dues reunions telem\u00e0tiques amb responsables del Centre de Recursos Pedag\u00f2gics del Baix Camp, per fer-los part\u00edcips del nostre projecte sobre emprenedoria social. El CRP del Baix Camp tindr\u00e0 acc\u00e9s als materials que han elaborat els socis del projecte, perqu\u00e8 puguin fer-ne difusi\u00f3 en altres [&hellip;]<\/p>\n","protected":false},"author":1,"featured_media":9468,"comment_status":"closed","ping_status":"closed","sticky":false,"template":"","format":"standard","meta":{"_bbp_topic_count":0,"_bbp_reply_count":0,"_bbp_total_topic_count":0,"_bbp_total_reply_count":0,"_bbp_voice_count":0,"_bbp_anonymous_reply_count":0,"_bbp_topic_count_hidden":0,"_bbp_reply_count_hidden":0,"_bbp_forum_subforum_count":0,"site-sidebar-layout":"default","site-content-layout":"","ast-site-content-layout":"","site-content-style":"default","site-sidebar-style":"default","ast-global-header-display":"","ast-banner-title-visibility":"","ast-main-header-display":"","ast-hfb-above-header-display":"","ast-hfb-below-header-display":"","ast-hfb-mobile-header-display":"","site-post-title":"","ast-breadcrumbs-content":"","ast-featured-img":"","footer-sml-layout":"","theme-transparent-header-meta":"","adv-header-id-meta":"","stick-header-meta":"","header-above-stick-meta":"","header-main-stick-meta":"","header-below-stick-meta":"","astra-migrate-meta-layouts":"default","ast-page-background-enabled":"default","ast-page-background-meta":{"desktop":{"background-color":"var(--ast-global-color-4)","background-image":"","background-repeat":"repeat","background-position":"center center","background-size":"auto","background-attachment":"scroll","background-type":"","background-media":"","overlay-type":"","overlay-color":"","overlay-opacity":"","overlay-gradient":""},"tablet":{"background-color":"","background-image":"","background-repeat":"repeat","background-position":"center center","background-size":"auto","background-attachment":"scroll","background-type":"","background-media":"","overlay-type":"","overlay-color":"","overlay-opacity":"","overlay-gradient":""},"mobile":{"background-color":"","background-image":"","background-repeat":"repeat","background-position":"center center","background-size":"auto","background-attachment":"scroll","background-type":"","background-media":"","overlay-type":"","overlay-color":"","overlay-opacity":"","overlay-gradient":""}},"ast-content-background-meta":{"desktop":{"background-color":"var(--ast-global-color-5)","background-image":"","background-repeat":"repeat","background-position":"center center","background-size":"auto","background-attachment":"scroll","background-type":"","background-media":"","overlay-type":"","overlay-color":"","overlay-opacity":"","overlay-gradient":""},"tablet":{"background-color":"var(--ast-global-color-5)","background-image":"","background-repeat":"repeat","background-position":"center center","background-size":"auto","background-attachment":"scroll","background-type":"","background-media":"","overlay-type":"","overlay-color":"","overlay-opacity":"","overlay-gradient":""},"mobile":{"background-color":"var(--ast-global-color-5)","background-image":"","background-repeat":"repeat","background-position":"center center","background-size":"auto","background-attachment":"scroll","background-type":"","background-media":"","overlay-type":"","overlay-color":"","overlay-opacity":"","overlay-gradient":""}},"footnotes":""},"categories":[112,765,29],"tags":[137,847],"class_list":["post-9467","post","type-post","status-publish","format-standard","has-post-thumbnail","hentry","category-angles-i-alemnay","category-erasmus","category-portada","tag-dpt_angles","tag-erasmus_plus"],"post_mailing_queue_ids":[],"_links":{"self":[{"href":"https:\/\/agora.xtec.cat\/iesgabrielferrater\/wp-json\/wp\/v2\/posts\/9467","targetHints":{"allow":["GET"]}}],"collection":[{"href":"https:\/\/agora.xtec.cat\/iesgabrielferrater\/wp-json\/wp\/v2\/posts"}],"about":[{"href":"https:\/\/agora.xtec.cat\/iesgabrielferrater\/wp-json\/wp\/v2\/types\/post"}],"author":[{"embeddable":true,"href":"https:\/\/agora.xtec.cat\/iesgabrielferrater\/wp-json\/wp\/v2\/users\/1"}],"replies":[{"embeddable":true,"href":"https:\/\/agora.xtec.cat\/iesgabrielferrater\/wp-json\/wp\/v2\/comments?post=9467"}],"version-history":[{"count":2,"href":"https:\/\/agora.xtec.cat\/iesgabrielferrater\/wp-json\/wp\/v2\/posts\/9467\/revisions"}],"predecessor-version":[{"id":9470,"href":"https:\/\/agora.xtec.cat\/iesgabrielferrater\/wp-json\/wp\/v2\/posts\/9467\/revisions\/9470"}],"wp:featuredmedia":[{"embeddable":true,"href":"https:\/\/agora.xtec.cat\/iesgabrielferrater\/wp-json\/wp\/v2\/media\/9468"}],"wp:attachment":[{"href":"https:\/\/agora.xtec.cat\/iesgabrielferrater\/wp-json\/wp\/v2\/media?parent=9467"}],"wp:term":[{"taxonomy":"category","embeddable":true,"href":"https:\/\/agora.xtec.cat\/iesgabrielferrater\/wp-json\/wp\/v2\/categories?post=9467"},{"taxonomy":"post_tag","embeddable":true,"href":"https:\/\/agora.xtec.cat\/iesgabrielferrater\/wp-json\/wp\/v2\/tags?post=9467"}],"curies":[{"name":"wp","href":"https:\/\/api.w.org\/{rel}","templated":true}]}}