{"id":2043,"date":"2016-11-25T19:59:57","date_gmt":"2016-11-25T18:59:57","guid":{"rendered":"http:\/\/agora.xtec.cat\/iesgabrielferrater\/?p=2043"},"modified":"2017-05-09T19:41:45","modified_gmt":"2017-05-09T17:41:45","slug":"sortida-a-la-vall-del-riu-brugent","status":"publish","type":"post","link":"https:\/\/agora.xtec.cat\/iesgabrielferrater\/portada\/sortida-a-la-vall-del-riu-brugent\/","title":{"rendered":"Sortida a la Vall del Riu Brugent"},"content":{"rendered":"<p><span style=\"color: #993300;\">El passat dia 14 de novembre els alumnes d\u2019Economia de l\u2019Empresa, de 2n de Batxillerat, van fer una sortida a la Vall del Riu Brugent, organitzada pel Departament de Ci\u00e8ncies Socials i Economia.<\/span><\/p>\n<p><a href=\"https:\/\/goo.gl\/photos\/nMMacULeuEuH6xSb6\"><img loading=\"lazy\" decoding=\"async\" class=\"aligncenter wp-image-2050 size-full\" src=\"http:\/\/agora.xtec.cat\/iesgabrielferrater\/wp-content\/uploads\/usu1206\/2016\/11\/Vall-riu-Brugent.jpg\" alt=\"vall-riu-brugent\" width=\"1310\" height=\"745\" srcset=\"https:\/\/agora.xtec.cat\/iesgabrielferrater\/wp-content\/uploads\/usu1206\/2016\/11\/Vall-riu-Brugent.jpg 1310w, https:\/\/agora.xtec.cat\/iesgabrielferrater\/wp-content\/uploads\/usu1206\/2016\/11\/Vall-riu-Brugent-300x171.jpg 300w, https:\/\/agora.xtec.cat\/iesgabrielferrater\/wp-content\/uploads\/usu1206\/2016\/11\/Vall-riu-Brugent-768x437.jpg 768w, https:\/\/agora.xtec.cat\/iesgabrielferrater\/wp-content\/uploads\/usu1206\/2016\/11\/Vall-riu-Brugent-1024x582.jpg 1024w\" sizes=\"auto, (max-width: 1310px) 100vw, 1310px\" \/><\/a><\/p>\n<p><span style=\"color: #993300;\">Durant l\u2019itinerari, que va abastar uns 6 Km., de Capafonts fins a Farena, els alumnes van poder observar els diferents trets m\u00e9s caracter\u00edstics de la zona, tant a nivell paisag\u00edstic, com hist\u00f2ric i econ\u00f2mic; tamb\u00e9 van tenir l\u2019oportunitat d\u2019observar com una \u00e0rea rural pot donar oportunitats de desenvolupar activitats econ\u00f2miques, en aquest cas dins l\u2019\u00e0mbit del turisme rural i de la ramaderia, totes elles amb un denominador com\u00fa: negocis sostenibles i respectuosos amb l\u2019entorn.<\/span><\/p>\n<p><span style=\"color: #993300;\">M\u00e9s informaci\u00f3 i fotografies a<\/span> <a href=\"http:\/\/es.wikiloc.com\/wikiloc\/view.do?id=15498616\">Wikiloc<\/a><span style=\"color: #993300;\"> i<\/span> <a href=\"https:\/\/youtu.be\/XpwiEXPxq4c\">Youtube<\/a>.<\/p>\n<p>https:\/\/youtu.be\/XpwiEXPxq4c<\/p>\n<p>&nbsp;<\/p>\n","protected":false},"excerpt":{"rendered":"<p>El passat dia 14 de novembre els alumnes d\u2019Economia de l\u2019Empresa, de 2n de Batxillerat, van fer una sortida a la Vall del Riu Brugent, organitzada pel Departament de Ci\u00e8ncies Socials i Economia. Durant l\u2019itinerari, que va abastar uns 6 Km., de Capafonts fins a Farena, els alumnes van poder observar els diferents trets m\u00e9s [&hellip;]<\/p>\n","protected":false},"author":1,"featured_media":2050,"comment_status":"open","ping_status":"open","sticky":false,"template":"","format":"standard","meta":{"_bbp_topic_count":0,"_bbp_reply_count":0,"_bbp_total_topic_count":0,"_bbp_total_reply_count":0,"_bbp_voice_count":0,"_bbp_anonymous_reply_count":0,"_bbp_topic_count_hidden":0,"_bbp_reply_count_hidden":0,"_bbp_forum_subforum_count":0,"site-sidebar-layout":"default","site-content-layout":"","ast-site-content-layout":"","site-content-style":"default","site-sidebar-style":"default","ast-global-header-display":"","ast-banner-title-visibility":"","ast-main-header-display":"","ast-hfb-above-header-display":"","ast-hfb-below-header-display":"","ast-hfb-mobile-header-display":"","site-post-title":"","ast-breadcrumbs-content":"","ast-featured-img":"","footer-sml-layout":"","theme-transparent-header-meta":"","adv-header-id-meta":"","stick-header-meta":"","header-above-stick-meta":"","header-main-stick-meta":"","header-below-stick-meta":"","astra-migrate-meta-layouts":"default","ast-page-background-enabled":"default","ast-page-background-meta":{"desktop":{"background-color":"var(--ast-global-color-4)","background-image":"","background-repeat":"repeat","background-position":"center center","background-size":"auto","background-attachment":"scroll","background-type":"","background-media":"","overlay-type":"","overlay-color":"","overlay-opacity":"","overlay-gradient":""},"tablet":{"background-color":"","background-image":"","background-repeat":"repeat","background-position":"center center","background-size":"auto","background-attachment":"scroll","background-type":"","background-media":"","overlay-type":"","overlay-color":"","overlay-opacity":"","overlay-gradient":""},"mobile":{"background-color":"","background-image":"","background-repeat":"repeat","background-position":"center center","background-size":"auto","background-attachment":"scroll","background-type":"","background-media":"","overlay-type":"","overlay-color":"","overlay-opacity":"","overlay-gradient":""}},"ast-content-background-meta":{"desktop":{"background-color":"var(--ast-global-color-5)","background-image":"","background-repeat":"repeat","background-position":"center center","background-size":"auto","background-attachment":"scroll","background-type":"","background-media":"","overlay-type":"","overlay-color":"","overlay-opacity":"","overlay-gradient":""},"tablet":{"background-color":"var(--ast-global-color-5)","background-image":"","background-repeat":"repeat","background-position":"center center","background-size":"auto","background-attachment":"scroll","background-type":"","background-media":"","overlay-type":"","overlay-color":"","overlay-opacity":"","overlay-gradient":""},"mobile":{"background-color":"var(--ast-global-color-5)","background-image":"","background-repeat":"repeat","background-position":"center center","background-size":"auto","background-attachment":"scroll","background-type":"","background-media":"","overlay-type":"","overlay-color":"","overlay-opacity":"","overlay-gradient":""}},"footnotes":""},"categories":[65,96,29,114],"tags":[209,122],"class_list":["post-2043","post","type-post","status-publish","format-standard","has-post-thumbnail","hentry","category-activitats-extraescolars","category-dpt_socials","category-portada","category-socials","tag-brugent","tag-dpt_socials"],"post_mailing_queue_ids":[],"_links":{"self":[{"href":"https:\/\/agora.xtec.cat\/iesgabrielferrater\/wp-json\/wp\/v2\/posts\/2043","targetHints":{"allow":["GET"]}}],"collection":[{"href":"https:\/\/agora.xtec.cat\/iesgabrielferrater\/wp-json\/wp\/v2\/posts"}],"about":[{"href":"https:\/\/agora.xtec.cat\/iesgabrielferrater\/wp-json\/wp\/v2\/types\/post"}],"author":[{"embeddable":true,"href":"https:\/\/agora.xtec.cat\/iesgabrielferrater\/wp-json\/wp\/v2\/users\/1"}],"replies":[{"embeddable":true,"href":"https:\/\/agora.xtec.cat\/iesgabrielferrater\/wp-json\/wp\/v2\/comments?post=2043"}],"version-history":[{"count":4,"href":"https:\/\/agora.xtec.cat\/iesgabrielferrater\/wp-json\/wp\/v2\/posts\/2043\/revisions"}],"predecessor-version":[{"id":2051,"href":"https:\/\/agora.xtec.cat\/iesgabrielferrater\/wp-json\/wp\/v2\/posts\/2043\/revisions\/2051"}],"wp:featuredmedia":[{"embeddable":true,"href":"https:\/\/agora.xtec.cat\/iesgabrielferrater\/wp-json\/wp\/v2\/media\/2050"}],"wp:attachment":[{"href":"https:\/\/agora.xtec.cat\/iesgabrielferrater\/wp-json\/wp\/v2\/media?parent=2043"}],"wp:term":[{"taxonomy":"category","embeddable":true,"href":"https:\/\/agora.xtec.cat\/iesgabrielferrater\/wp-json\/wp\/v2\/categories?post=2043"},{"taxonomy":"post_tag","embeddable":true,"href":"https:\/\/agora.xtec.cat\/iesgabrielferrater\/wp-json\/wp\/v2\/tags?post=2043"}],"curies":[{"name":"wp","href":"https:\/\/api.w.org\/{rel}","templated":true}]}}