{"id":2024,"date":"2016-11-20T08:06:40","date_gmt":"2016-11-20T07:06:40","guid":{"rendered":"http:\/\/agora.xtec.cat\/iesgabrielferrater\/?p=2024"},"modified":"2017-05-09T19:41:38","modified_gmt":"2017-05-09T17:41:38","slug":"excursio-musical-scaramouche","status":"publish","type":"post","link":"https:\/\/agora.xtec.cat\/iesgabrielferrater\/portada\/excursio-musical-scaramouche\/","title":{"rendered":"Excursi\u00f3 musical: Scaramouche"},"content":{"rendered":"<p><span style=\"color: #993300;\">El passat 9 de novembre els alumnes de Batxillerat de les Arts Esc\u00e8niques, M\u00fasica i Dansa, i de l&#8217;optativa de M\u00fasica de 4t d&#8217;ESO, van anar a veure el nou musical de Dagoll Dagom &#8220;<a href=\"http:\/\/www.dagolldagom.com\/es\/scaramouche\">Scaramouche<\/a>&#8221; a Barcelona.<\/span><\/p>\n<p><img loading=\"lazy\" decoding=\"async\" class=\"aligncenter size-full wp-image-2025\" src=\"http:\/\/agora.xtec.cat\/iesgabrielferrater\/wp-content\/uploads\/usu1206\/2016\/11\/Scaramouche_color_fons_negre.jpg\" alt=\"scaramouche_color_fons_negre\" width=\"675\" height=\"306\" srcset=\"https:\/\/agora.xtec.cat\/iesgabrielferrater\/wp-content\/uploads\/usu1206\/2016\/11\/Scaramouche_color_fons_negre.jpg 675w, https:\/\/agora.xtec.cat\/iesgabrielferrater\/wp-content\/uploads\/usu1206\/2016\/11\/Scaramouche_color_fons_negre-300x136.jpg 300w\" sizes=\"auto, (max-width: 675px) 100vw, 675px\" \/><br \/>\n<span style=\"color: #993300;\">El musical, que gira al voltant de la Revoluci\u00f3 Francesa, va ser molt interessant, no nom\u00e9s per l&#8217;espectacular posada en escena, sin\u00f3 tamb\u00e9 per les magn\u00edfiques interpretacions dels artistes. Us el recomanem!<\/span><\/p>\n<p><img loading=\"lazy\" decoding=\"async\" class=\"aligncenter wp-image-2026\" src=\"http:\/\/agora.xtec.cat\/iesgabrielferrater\/wp-content\/uploads\/usu1206\/2016\/11\/IMG_25211.jpg\" alt=\"img_25211\" width=\"675\" height=\"506\" srcset=\"https:\/\/agora.xtec.cat\/iesgabrielferrater\/wp-content\/uploads\/usu1206\/2016\/11\/IMG_25211.jpg 1280w, https:\/\/agora.xtec.cat\/iesgabrielferrater\/wp-content\/uploads\/usu1206\/2016\/11\/IMG_25211-300x225.jpg 300w, https:\/\/agora.xtec.cat\/iesgabrielferrater\/wp-content\/uploads\/usu1206\/2016\/11\/IMG_25211-768x576.jpg 768w, https:\/\/agora.xtec.cat\/iesgabrielferrater\/wp-content\/uploads\/usu1206\/2016\/11\/IMG_25211-1024x768.jpg 1024w, https:\/\/agora.xtec.cat\/iesgabrielferrater\/wp-content\/uploads\/usu1206\/2016\/11\/IMG_25211-200x150.jpg 200w\" sizes=\"auto, (max-width: 675px) 100vw, 675px\" \/><\/p>\n","protected":false},"excerpt":{"rendered":"<p>El passat 9 de novembre els alumnes de Batxillerat de les Arts Esc\u00e8niques, M\u00fasica i Dansa, i de l&#8217;optativa de M\u00fasica de 4t d&#8217;ESO, van anar a veure el nou musical de Dagoll Dagom &#8220;Scaramouche&#8221; a Barcelona. El musical, que gira al voltant de la Revoluci\u00f3 Francesa, va ser molt interessant, no nom\u00e9s per l&#8217;espectacular [&hellip;]<\/p>\n","protected":false},"author":1,"featured_media":2027,"comment_status":"open","ping_status":"open","sticky":false,"template":"","format":"standard","meta":{"_bbp_topic_count":0,"_bbp_reply_count":0,"_bbp_total_topic_count":0,"_bbp_total_reply_count":0,"_bbp_voice_count":0,"_bbp_anonymous_reply_count":0,"_bbp_topic_count_hidden":0,"_bbp_reply_count_hidden":0,"_bbp_forum_subforum_count":0,"site-sidebar-layout":"default","site-content-layout":"","ast-site-content-layout":"","site-content-style":"default","site-sidebar-style":"default","ast-global-header-display":"","ast-banner-title-visibility":"","ast-main-header-display":"","ast-hfb-above-header-display":"","ast-hfb-below-header-display":"","ast-hfb-mobile-header-display":"","site-post-title":"","ast-breadcrumbs-content":"","ast-featured-img":"","footer-sml-layout":"","theme-transparent-header-meta":"","adv-header-id-meta":"","stick-header-meta":"","header-above-stick-meta":"","header-main-stick-meta":"","header-below-stick-meta":"","astra-migrate-meta-layouts":"default","ast-page-background-enabled":"default","ast-page-background-meta":{"desktop":{"background-color":"var(--ast-global-color-4)","background-image":"","background-repeat":"repeat","background-position":"center center","background-size":"auto","background-attachment":"scroll","background-type":"","background-media":"","overlay-type":"","overlay-color":"","overlay-opacity":"","overlay-gradient":""},"tablet":{"background-color":"","background-image":"","background-repeat":"repeat","background-position":"center center","background-size":"auto","background-attachment":"scroll","background-type":"","background-media":"","overlay-type":"","overlay-color":"","overlay-opacity":"","overlay-gradient":""},"mobile":{"background-color":"","background-image":"","background-repeat":"repeat","background-position":"center center","background-size":"auto","background-attachment":"scroll","background-type":"","background-media":"","overlay-type":"","overlay-color":"","overlay-opacity":"","overlay-gradient":""}},"ast-content-background-meta":{"desktop":{"background-color":"var(--ast-global-color-5)","background-image":"","background-repeat":"repeat","background-position":"center center","background-size":"auto","background-attachment":"scroll","background-type":"","background-media":"","overlay-type":"","overlay-color":"","overlay-opacity":"","overlay-gradient":""},"tablet":{"background-color":"var(--ast-global-color-5)","background-image":"","background-repeat":"repeat","background-position":"center center","background-size":"auto","background-attachment":"scroll","background-type":"","background-media":"","overlay-type":"","overlay-color":"","overlay-opacity":"","overlay-gradient":""},"mobile":{"background-color":"var(--ast-global-color-5)","background-image":"","background-repeat":"repeat","background-position":"center center","background-size":"auto","background-attachment":"scroll","background-type":"","background-media":"","overlay-type":"","overlay-color":"","overlay-opacity":"","overlay-gradient":""}},"footnotes":""},"categories":[65,170,29],"tags":[208],"class_list":["post-2024","post","type-post","status-publish","format-standard","has-post-thumbnail","hentry","category-activitats-extraescolars","category-dpt-musica-arts-esceniques","category-portada","tag-scaramouche"],"post_mailing_queue_ids":[],"_links":{"self":[{"href":"https:\/\/agora.xtec.cat\/iesgabrielferrater\/wp-json\/wp\/v2\/posts\/2024","targetHints":{"allow":["GET"]}}],"collection":[{"href":"https:\/\/agora.xtec.cat\/iesgabrielferrater\/wp-json\/wp\/v2\/posts"}],"about":[{"href":"https:\/\/agora.xtec.cat\/iesgabrielferrater\/wp-json\/wp\/v2\/types\/post"}],"author":[{"embeddable":true,"href":"https:\/\/agora.xtec.cat\/iesgabrielferrater\/wp-json\/wp\/v2\/users\/1"}],"replies":[{"embeddable":true,"href":"https:\/\/agora.xtec.cat\/iesgabrielferrater\/wp-json\/wp\/v2\/comments?post=2024"}],"version-history":[{"count":2,"href":"https:\/\/agora.xtec.cat\/iesgabrielferrater\/wp-json\/wp\/v2\/posts\/2024\/revisions"}],"predecessor-version":[{"id":2029,"href":"https:\/\/agora.xtec.cat\/iesgabrielferrater\/wp-json\/wp\/v2\/posts\/2024\/revisions\/2029"}],"wp:featuredmedia":[{"embeddable":true,"href":"https:\/\/agora.xtec.cat\/iesgabrielferrater\/wp-json\/wp\/v2\/media\/2027"}],"wp:attachment":[{"href":"https:\/\/agora.xtec.cat\/iesgabrielferrater\/wp-json\/wp\/v2\/media?parent=2024"}],"wp:term":[{"taxonomy":"category","embeddable":true,"href":"https:\/\/agora.xtec.cat\/iesgabrielferrater\/wp-json\/wp\/v2\/categories?post=2024"},{"taxonomy":"post_tag","embeddable":true,"href":"https:\/\/agora.xtec.cat\/iesgabrielferrater\/wp-json\/wp\/v2\/tags?post=2024"}],"curies":[{"name":"wp","href":"https:\/\/api.w.org\/{rel}","templated":true}]}}