{"id":13669,"date":"2026-04-29T10:21:17","date_gmt":"2026-04-29T08:21:17","guid":{"rendered":"https:\/\/agora.xtec.cat\/iesgabrielferrater\/?p=13669"},"modified":"2026-04-29T10:21:58","modified_gmt":"2026-04-29T08:21:58","slug":"lalumnat-dalemany-gaudeix-de-la-jornada-deutsch-macht-spas","status":"publish","type":"post","link":"https:\/\/agora.xtec.cat\/iesgabrielferrater\/eso\/lalumnat-dalemany-gaudeix-de-la-jornada-deutsch-macht-spas\/","title":{"rendered":"L\u2019alumnat d\u2019alemany gaudeix de la jornada\u00a0Deutsch macht Spa\u00df!"},"content":{"rendered":"<p style=\"text-align: justify;\"><span style=\"color: #800000;\">El passat divendres 24 d\u2019abril, un grup d\u2019alumnes d\u2019alemany de <strong>3r d\u2019ESO<\/strong> va participar en la jornada d\u2019alemany<strong>\u00a0<em>Deutsch macht Spa\u00df<\/em>\u00a0<\/strong>al Casal Jove de la Selva del Camp, juntament amb alumnat d\u2019alemany de Reus, el Morell, Salou i la Selva del Camp.<\/span><\/p>\n<p style=\"text-align: justify;\"><span style=\"color: #800000;\">Primer, van fer diversos jocs de coneixen\u00e7a en llengua alemanya i, tot seguit, activitats de lletreig, m\u00edmica, traducci\u00f3 i embarbussaments, entre d\u2019altres, per practicar l\u2019idioma.<\/span><\/p>\n<p style=\"text-align: justify;\"><span style=\"color: #800000;\">El Goethe-Institut de Barcelona va patrocinar els premis. Va ser una jornada molt enriquidora i divertida.<\/span><\/p>\n<table style=\"border-collapse: collapse; width: 100%;\">\n<tbody>\n<tr>\n<td style=\"width: 50%;\"><img loading=\"lazy\" decoding=\"async\" class=\"size-full wp-image-13671 aligncenter\" src=\"https:\/\/agora.xtec.cat\/iesgabrielferrater\/wp-content\/uploads\/usu1206\/2026\/04\/d3745057-d08d-4dfd-b88c-7a1d51d2797b.jpg\" alt=\"\" width=\"1600\" height=\"1200\" srcset=\"https:\/\/agora.xtec.cat\/iesgabrielferrater\/wp-content\/uploads\/usu1206\/2026\/04\/d3745057-d08d-4dfd-b88c-7a1d51d2797b.jpg 1600w, https:\/\/agora.xtec.cat\/iesgabrielferrater\/wp-content\/uploads\/usu1206\/2026\/04\/d3745057-d08d-4dfd-b88c-7a1d51d2797b-300x225.jpg 300w, https:\/\/agora.xtec.cat\/iesgabrielferrater\/wp-content\/uploads\/usu1206\/2026\/04\/d3745057-d08d-4dfd-b88c-7a1d51d2797b-1024x768.jpg 1024w, https:\/\/agora.xtec.cat\/iesgabrielferrater\/wp-content\/uploads\/usu1206\/2026\/04\/d3745057-d08d-4dfd-b88c-7a1d51d2797b-768x576.jpg 768w, https:\/\/agora.xtec.cat\/iesgabrielferrater\/wp-content\/uploads\/usu1206\/2026\/04\/d3745057-d08d-4dfd-b88c-7a1d51d2797b-1536x1152.jpg 1536w\" sizes=\"auto, (max-width: 1600px) 100vw, 1600px\" \/><\/td>\n<td style=\"width: 50%;\"><img loading=\"lazy\" decoding=\"async\" class=\"size-full wp-image-13670 aligncenter\" src=\"https:\/\/agora.xtec.cat\/iesgabrielferrater\/wp-content\/uploads\/usu1206\/2026\/04\/f6e2b605-eaf0-4373-854b-50359fc483f5.jpg\" alt=\"\" width=\"1600\" height=\"1200\" srcset=\"https:\/\/agora.xtec.cat\/iesgabrielferrater\/wp-content\/uploads\/usu1206\/2026\/04\/f6e2b605-eaf0-4373-854b-50359fc483f5.jpg 1600w, https:\/\/agora.xtec.cat\/iesgabrielferrater\/wp-content\/uploads\/usu1206\/2026\/04\/f6e2b605-eaf0-4373-854b-50359fc483f5-300x225.jpg 300w, https:\/\/agora.xtec.cat\/iesgabrielferrater\/wp-content\/uploads\/usu1206\/2026\/04\/f6e2b605-eaf0-4373-854b-50359fc483f5-1024x768.jpg 1024w, https:\/\/agora.xtec.cat\/iesgabrielferrater\/wp-content\/uploads\/usu1206\/2026\/04\/f6e2b605-eaf0-4373-854b-50359fc483f5-768x576.jpg 768w, https:\/\/agora.xtec.cat\/iesgabrielferrater\/wp-content\/uploads\/usu1206\/2026\/04\/f6e2b605-eaf0-4373-854b-50359fc483f5-1536x1152.jpg 1536w\" sizes=\"auto, (max-width: 1600px) 100vw, 1600px\" \/><\/td>\n<\/tr>\n<tr>\n<td style=\"width: 50%;\"><img loading=\"lazy\" decoding=\"async\" class=\"size-full wp-image-13673 aligncenter\" src=\"https:\/\/agora.xtec.cat\/iesgabrielferrater\/wp-content\/uploads\/usu1206\/2026\/04\/9627c68a-8870-41c9-8483-5b6ea0e7ed42.jpg\" alt=\"\" width=\"1600\" height=\"1200\" srcset=\"https:\/\/agora.xtec.cat\/iesgabrielferrater\/wp-content\/uploads\/usu1206\/2026\/04\/9627c68a-8870-41c9-8483-5b6ea0e7ed42.jpg 1600w, https:\/\/agora.xtec.cat\/iesgabrielferrater\/wp-content\/uploads\/usu1206\/2026\/04\/9627c68a-8870-41c9-8483-5b6ea0e7ed42-300x225.jpg 300w, https:\/\/agora.xtec.cat\/iesgabrielferrater\/wp-content\/uploads\/usu1206\/2026\/04\/9627c68a-8870-41c9-8483-5b6ea0e7ed42-1024x768.jpg 1024w, https:\/\/agora.xtec.cat\/iesgabrielferrater\/wp-content\/uploads\/usu1206\/2026\/04\/9627c68a-8870-41c9-8483-5b6ea0e7ed42-768x576.jpg 768w, https:\/\/agora.xtec.cat\/iesgabrielferrater\/wp-content\/uploads\/usu1206\/2026\/04\/9627c68a-8870-41c9-8483-5b6ea0e7ed42-1536x1152.jpg 1536w\" sizes=\"auto, (max-width: 1600px) 100vw, 1600px\" \/><\/td>\n<td style=\"width: 50%;\"><img loading=\"lazy\" decoding=\"async\" class=\"size-full wp-image-13672 aligncenter\" src=\"https:\/\/agora.xtec.cat\/iesgabrielferrater\/wp-content\/uploads\/usu1206\/2026\/04\/78a5da10-d502-45ee-9b67-1c3bae8c513a.jpg\" alt=\"\" width=\"1600\" height=\"1200\" srcset=\"https:\/\/agora.xtec.cat\/iesgabrielferrater\/wp-content\/uploads\/usu1206\/2026\/04\/78a5da10-d502-45ee-9b67-1c3bae8c513a.jpg 1600w, https:\/\/agora.xtec.cat\/iesgabrielferrater\/wp-content\/uploads\/usu1206\/2026\/04\/78a5da10-d502-45ee-9b67-1c3bae8c513a-300x225.jpg 300w, https:\/\/agora.xtec.cat\/iesgabrielferrater\/wp-content\/uploads\/usu1206\/2026\/04\/78a5da10-d502-45ee-9b67-1c3bae8c513a-1024x768.jpg 1024w, https:\/\/agora.xtec.cat\/iesgabrielferrater\/wp-content\/uploads\/usu1206\/2026\/04\/78a5da10-d502-45ee-9b67-1c3bae8c513a-768x576.jpg 768w, https:\/\/agora.xtec.cat\/iesgabrielferrater\/wp-content\/uploads\/usu1206\/2026\/04\/78a5da10-d502-45ee-9b67-1c3bae8c513a-1536x1152.jpg 1536w\" sizes=\"auto, (max-width: 1600px) 100vw, 1600px\" \/><\/td>\n<\/tr>\n<\/tbody>\n<\/table>\n","protected":false},"excerpt":{"rendered":"<p>El passat divendres 24 d\u2019abril, un grup d\u2019alumnes d\u2019alemany de 3r d\u2019ESO va participar en la jornada d\u2019alemany\u00a0Deutsch macht Spa\u00df\u00a0al Casal Jove de la Selva del Camp, juntament amb alumnat d\u2019alemany de Reus, el Morell, Salou i la Selva del Camp. Primer, van fer diversos jocs de coneixen\u00e7a en llengua alemanya i, tot seguit, activitats [&hellip;]<\/p>\n","protected":false},"author":1,"featured_media":13670,"comment_status":"closed","ping_status":"open","sticky":false,"template":"","format":"standard","meta":{"_bbp_topic_count":0,"_bbp_reply_count":0,"_bbp_total_topic_count":0,"_bbp_total_reply_count":0,"_bbp_voice_count":0,"_bbp_anonymous_reply_count":0,"_bbp_topic_count_hidden":0,"_bbp_reply_count_hidden":0,"_bbp_forum_subforum_count":0,"site-sidebar-layout":"default","site-content-layout":"","ast-site-content-layout":"default","site-content-style":"default","site-sidebar-style":"default","ast-global-header-display":"","ast-banner-title-visibility":"","ast-main-header-display":"","ast-hfb-above-header-display":"","ast-hfb-below-header-display":"","ast-hfb-mobile-header-display":"","site-post-title":"","ast-breadcrumbs-content":"","ast-featured-img":"","footer-sml-layout":"","theme-transparent-header-meta":"default","adv-header-id-meta":"","stick-header-meta":"","header-above-stick-meta":"","header-main-stick-meta":"","header-below-stick-meta":"","astra-migrate-meta-layouts":"set","ast-page-background-enabled":"default","ast-page-background-meta":{"desktop":{"background-color":"var(--ast-global-color-4)","background-image":"","background-repeat":"repeat","background-position":"center center","background-size":"auto","background-attachment":"scroll","background-type":"","background-media":"","overlay-type":"","overlay-color":"","overlay-opacity":"","overlay-gradient":""},"tablet":{"background-color":"","background-image":"","background-repeat":"repeat","background-position":"center center","background-size":"auto","background-attachment":"scroll","background-type":"","background-media":"","overlay-type":"","overlay-color":"","overlay-opacity":"","overlay-gradient":""},"mobile":{"background-color":"","background-image":"","background-repeat":"repeat","background-position":"center center","background-size":"auto","background-attachment":"scroll","background-type":"","background-media":"","overlay-type":"","overlay-color":"","overlay-opacity":"","overlay-gradient":""}},"ast-content-background-meta":{"desktop":{"background-color":"var(--ast-global-color-5)","background-image":"","background-repeat":"repeat","background-position":"center center","background-size":"auto","background-attachment":"scroll","background-type":"","background-media":"","overlay-type":"","overlay-color":"","overlay-opacity":"","overlay-gradient":""},"tablet":{"background-color":"var(--ast-global-color-5)","background-image":"","background-repeat":"repeat","background-position":"center center","background-size":"auto","background-attachment":"scroll","background-type":"","background-media":"","overlay-type":"","overlay-color":"","overlay-opacity":"","overlay-gradient":""},"mobile":{"background-color":"var(--ast-global-color-5)","background-image":"","background-repeat":"repeat","background-position":"center center","background-size":"auto","background-attachment":"scroll","background-type":"","background-media":"","overlay-type":"","overlay-color":"","overlay-opacity":"","overlay-gradient":""}},"footnotes":""},"categories":[65,112,3,29],"tags":[284,323],"class_list":["post-13669","post","type-post","status-publish","format-standard","has-post-thumbnail","hentry","category-activitats-extraescolars","category-angles-i-alemnay","category-eso","category-portada","tag-3r_eso","tag-alemany"],"post_mailing_queue_ids":[],"_links":{"self":[{"href":"https:\/\/agora.xtec.cat\/iesgabrielferrater\/wp-json\/wp\/v2\/posts\/13669","targetHints":{"allow":["GET"]}}],"collection":[{"href":"https:\/\/agora.xtec.cat\/iesgabrielferrater\/wp-json\/wp\/v2\/posts"}],"about":[{"href":"https:\/\/agora.xtec.cat\/iesgabrielferrater\/wp-json\/wp\/v2\/types\/post"}],"author":[{"embeddable":true,"href":"https:\/\/agora.xtec.cat\/iesgabrielferrater\/wp-json\/wp\/v2\/users\/1"}],"replies":[{"embeddable":true,"href":"https:\/\/agora.xtec.cat\/iesgabrielferrater\/wp-json\/wp\/v2\/comments?post=13669"}],"version-history":[{"count":1,"href":"https:\/\/agora.xtec.cat\/iesgabrielferrater\/wp-json\/wp\/v2\/posts\/13669\/revisions"}],"predecessor-version":[{"id":13674,"href":"https:\/\/agora.xtec.cat\/iesgabrielferrater\/wp-json\/wp\/v2\/posts\/13669\/revisions\/13674"}],"wp:featuredmedia":[{"embeddable":true,"href":"https:\/\/agora.xtec.cat\/iesgabrielferrater\/wp-json\/wp\/v2\/media\/13670"}],"wp:attachment":[{"href":"https:\/\/agora.xtec.cat\/iesgabrielferrater\/wp-json\/wp\/v2\/media?parent=13669"}],"wp:term":[{"taxonomy":"category","embeddable":true,"href":"https:\/\/agora.xtec.cat\/iesgabrielferrater\/wp-json\/wp\/v2\/categories?post=13669"},{"taxonomy":"post_tag","embeddable":true,"href":"https:\/\/agora.xtec.cat\/iesgabrielferrater\/wp-json\/wp\/v2\/tags?post=13669"}],"curies":[{"name":"wp","href":"https:\/\/api.w.org\/{rel}","templated":true}]}}