{"id":3943,"date":"2017-02-08T11:45:13","date_gmt":"2017-02-08T10:45:13","guid":{"rendered":"http:\/\/agora.xtec.cat\/iesgabrielamistral\/?p=3943"},"modified":"2017-02-08T11:50:19","modified_gmt":"2017-02-08T10:50:19","slug":"xvia-edicio-premis-medi-ambient","status":"publish","type":"post","link":"https:\/\/agora.xtec.cat\/iesgabrielamistral\/portada\/xvia-edicio-premis-medi-ambient\/","title":{"rendered":"XVIa Edici\u00f3 premis medi ambient"},"content":{"rendered":"<p>Amb motiu del projecte d&#8217;Escoles Verdes de la Generalitat de Catalunya, l&#8217;Ajuntament de Palafrugell, l&#8217;associaci\u00f3 de mares i pares d&#8217;alumnes de l&#8217;INS Baix Empord\u00e0 i l&#8217;INS Baix Empord\u00e0 convoquen per al curs escolar 2016\/2017 la quinzena edici\u00f3 de Premis de Medi Ambient amb el desig de promoure l&#8217;educaci\u00f3 en valors ambientals a les escoles i de motivar la joventut en l&#8217;estudi i la investigaci\u00f3 del nostre entorn ambiental. La data l\u00edmit de presentaci\u00f3 de treballs ser\u00e0 el 7 d\u2019abril de 2017.<\/p>\n<p>Podeu consultar les bases del concurs al seg\u00fcent link:<\/p>\n<p>https.\/\/<a href=\"http:\/\/sites.google.com\/a\/xtec.cat\/premis-medi-ambient\/\" data-saferedirecturl=\"https:\/\/www.google.com\/url?hl=es&amp;q=http:\/\/sites.google.com\/a\/xtec.cat\/premis-medi-ambient\/&amp;source=gmail&amp;ust=1486636473770000&amp;usg=AFQjCNE6wPRzTkbyStWpw0kg5tKqWsbeTQ\">sites.google.com\/a\/xtec.cat\/premis-medi-ambient\/<\/a><\/p>\n<p>O a l\u2019arxiu adjunt: Feu clic <a href=\"http:\/\/agora.xtec.cat\/iesgabrielamistral\/wp-content\/uploads\/usu246\/2017\/02\/premimamb1717.pdf\" target=\"_blank\">AQU\u00cd<\/a><\/p>\n","protected":false},"excerpt":{"rendered":"<p>Amb motiu del projecte d&#8217;Escoles Verdes de la Generalitat de Catalunya, l&#8217;Ajuntament de Palafrugell, l&#8217;associaci\u00f3 de mares i pares d&#8217;alumnes de l&#8217;INS Baix Empord\u00e0 i l&#8217;INS Baix Empord\u00e0 convoquen per al curs escolar 2016\/2017 la quinzena edici\u00f3 de Premis de Medi Ambient amb el desig de promoure l&#8217;educaci\u00f3 en valors ambientals a les escoles i [&hellip;]<\/p>\n","protected":false},"author":1,"featured_media":3946,"comment_status":"open","ping_status":"open","sticky":false,"template":"","format":"standard","meta":{"_bbp_topic_count":0,"_bbp_reply_count":0,"_bbp_total_topic_count":0,"_bbp_total_reply_count":0,"_bbp_voice_count":0,"_bbp_anonymous_reply_count":0,"_bbp_topic_count_hidden":0,"_bbp_reply_count_hidden":0,"_bbp_forum_subforum_count":0,"site-sidebar-layout":"default","site-content-layout":"","ast-site-content-layout":"","site-content-style":"default","site-sidebar-style":"default","ast-global-header-display":"","ast-banner-title-visibility":"","ast-main-header-display":"","ast-hfb-above-header-display":"","ast-hfb-below-header-display":"","ast-hfb-mobile-header-display":"","site-post-title":"","ast-breadcrumbs-content":"","ast-featured-img":"","footer-sml-layout":"","theme-transparent-header-meta":"","adv-header-id-meta":"","stick-header-meta":"","header-above-stick-meta":"","header-main-stick-meta":"","header-below-stick-meta":"","astra-migrate-meta-layouts":"default","ast-page-background-enabled":"default","ast-page-background-meta":{"desktop":{"background-color":"var(--ast-global-color-4)","background-image":"","background-repeat":"repeat","background-position":"center center","background-size":"auto","background-attachment":"scroll","background-type":"","background-media":"","overlay-type":"","overlay-color":"","overlay-opacity":"","overlay-gradient":""},"tablet":{"background-color":"","background-image":"","background-repeat":"repeat","background-position":"center center","background-size":"auto","background-attachment":"scroll","background-type":"","background-media":"","overlay-type":"","overlay-color":"","overlay-opacity":"","overlay-gradient":""},"mobile":{"background-color":"","background-image":"","background-repeat":"repeat","background-position":"center center","background-size":"auto","background-attachment":"scroll","background-type":"","background-media":"","overlay-type":"","overlay-color":"","overlay-opacity":"","overlay-gradient":""}},"ast-content-background-meta":{"desktop":{"background-color":"var(--ast-global-color-5)","background-image":"","background-repeat":"repeat","background-position":"center center","background-size":"auto","background-attachment":"scroll","background-type":"","background-media":"","overlay-type":"","overlay-color":"","overlay-opacity":"","overlay-gradient":""},"tablet":{"background-color":"var(--ast-global-color-5)","background-image":"","background-repeat":"repeat","background-position":"center center","background-size":"auto","background-attachment":"scroll","background-type":"","background-media":"","overlay-type":"","overlay-color":"","overlay-opacity":"","overlay-gradient":""},"mobile":{"background-color":"var(--ast-global-color-5)","background-image":"","background-repeat":"repeat","background-position":"center center","background-size":"auto","background-attachment":"scroll","background-type":"","background-media":"","overlay-type":"","overlay-color":"","overlay-opacity":"","overlay-gradient":""}},"footnotes":""},"categories":[29],"tags":[141],"class_list":["post-3943","post","type-post","status-publish","format-standard","has-post-thumbnail","hentry","category-portada","tag-medi-ambient"],"post_mailing_queue_ids":[],"_links":{"self":[{"href":"https:\/\/agora.xtec.cat\/iesgabrielamistral\/wp-json\/wp\/v2\/posts\/3943","targetHints":{"allow":["GET"]}}],"collection":[{"href":"https:\/\/agora.xtec.cat\/iesgabrielamistral\/wp-json\/wp\/v2\/posts"}],"about":[{"href":"https:\/\/agora.xtec.cat\/iesgabrielamistral\/wp-json\/wp\/v2\/types\/post"}],"author":[{"embeddable":true,"href":"https:\/\/agora.xtec.cat\/iesgabrielamistral\/wp-json\/wp\/v2\/users\/1"}],"replies":[{"embeddable":true,"href":"https:\/\/agora.xtec.cat\/iesgabrielamistral\/wp-json\/wp\/v2\/comments?post=3943"}],"version-history":[{"count":1,"href":"https:\/\/agora.xtec.cat\/iesgabrielamistral\/wp-json\/wp\/v2\/posts\/3943\/revisions"}],"predecessor-version":[{"id":3945,"href":"https:\/\/agora.xtec.cat\/iesgabrielamistral\/wp-json\/wp\/v2\/posts\/3943\/revisions\/3945"}],"wp:featuredmedia":[{"embeddable":true,"href":"https:\/\/agora.xtec.cat\/iesgabrielamistral\/wp-json\/wp\/v2\/media\/3946"}],"wp:attachment":[{"href":"https:\/\/agora.xtec.cat\/iesgabrielamistral\/wp-json\/wp\/v2\/media?parent=3943"}],"wp:term":[{"taxonomy":"category","embeddable":true,"href":"https:\/\/agora.xtec.cat\/iesgabrielamistral\/wp-json\/wp\/v2\/categories?post=3943"},{"taxonomy":"post_tag","embeddable":true,"href":"https:\/\/agora.xtec.cat\/iesgabrielamistral\/wp-json\/wp\/v2\/tags?post=3943"}],"curies":[{"name":"wp","href":"https:\/\/api.w.org\/{rel}","templated":true}]}}