{"id":2210,"date":"2016-02-17T14:36:58","date_gmt":"2016-02-17T13:36:58","guid":{"rendered":"http:\/\/agora.xtec.cat\/iesgabrielamistral\/?p=2210"},"modified":"2016-02-17T21:03:35","modified_gmt":"2016-02-17T20:03:35","slug":"xerrada-per-a-families-tinc-un-adolescent-a-casa","status":"publish","type":"post","link":"https:\/\/agora.xtec.cat\/iesgabrielamistral\/portada\/xerrada-per-a-families-tinc-un-adolescent-a-casa\/","title":{"rendered":"Xerrada per a fam\u00edlies: Tinc un adolescent a casa."},"content":{"rendered":"<p style=\"text-align: justify;\"><strong>Tinc un adolescent a casa. Comunicaci\u00f3.<\/strong><br \/>\n<strong>Lloc:<\/strong> INS Gabriela Mistral<br \/>\n<strong>Dia:<\/strong> 24 de febrer (dimecres)<br \/>\n<strong>Hora:<\/strong> a les 17h<br \/>\n<strong>A c\u00e0rrec de<\/strong>: Cristina Freixa, Fundaci\u00f3 Pere Tarr\u00e9s.<\/p>\n<p style=\"text-align: justify;\"><a href=\"http:\/\/agora.xtec.cat\/iesgabrielamistral\/wp-content\/uploads\/usu246\/2016\/02\/lecfamily.png\"><img loading=\"lazy\" decoding=\"async\" class=\"  wp-image-2287 alignleft\" src=\"http:\/\/agora.xtec.cat\/iesgabrielamistral\/wp-content\/uploads\/usu246\/2016\/02\/lecfamily.png\" alt=\"lecfamily\" width=\"151\" height=\"214\" srcset=\"https:\/\/agora.xtec.cat\/iesgabrielamistral\/wp-content\/uploads\/usu246\/2016\/02\/lecfamily.png 224w, https:\/\/agora.xtec.cat\/iesgabrielamistral\/wp-content\/uploads\/usu246\/2016\/02\/lecfamily-211x300.png 211w\" sizes=\"auto, (max-width: 151px) 100vw, 151px\" \/><\/a>Quines s\u00f3n les viv\u00e8ncies, els dubtes i les preguntes dels adolescents en l\u2019actualitat?<br \/>\nCom possibilitar la comunicaci\u00f3 entre pares i fills respecte les seves expectatives, preguntes i respostes?<br \/>\nPartint de les principals caracter\u00edstiques de l\u2019adolesc\u00e8ncia, parlarem d\u2019estrat\u00e8gies per aconseguir millorar la comunicaci\u00f3 entre pares i fills.<\/p>\n","protected":false},"excerpt":{"rendered":"<p>Tinc un adolescent a casa. Comunicaci\u00f3. Lloc: INS Gabriela Mistral Dia: 24 de febrer (dimecres) Hora: a les 17h A c\u00e0rrec de: Cristina Freixa, Fundaci\u00f3 Pere Tarr\u00e9s. Quines s\u00f3n les viv\u00e8ncies, els dubtes i les preguntes dels adolescents en l\u2019actualitat? Com possibilitar la comunicaci\u00f3 entre pares i fills respecte les seves expectatives, preguntes i respostes? [&hellip;]<\/p>\n","protected":false},"author":1,"featured_media":0,"comment_status":"open","ping_status":"open","sticky":false,"template":"","format":"standard","meta":{"_bbp_topic_count":0,"_bbp_reply_count":0,"_bbp_total_topic_count":0,"_bbp_total_reply_count":0,"_bbp_voice_count":0,"_bbp_anonymous_reply_count":0,"_bbp_topic_count_hidden":0,"_bbp_reply_count_hidden":0,"_bbp_forum_subforum_count":0,"site-sidebar-layout":"default","site-content-layout":"","ast-site-content-layout":"","site-content-style":"default","site-sidebar-style":"default","ast-global-header-display":"","ast-banner-title-visibility":"","ast-main-header-display":"","ast-hfb-above-header-display":"","ast-hfb-below-header-display":"","ast-hfb-mobile-header-display":"","site-post-title":"","ast-breadcrumbs-content":"","ast-featured-img":"","footer-sml-layout":"","theme-transparent-header-meta":"","adv-header-id-meta":"","stick-header-meta":"","header-above-stick-meta":"","header-main-stick-meta":"","header-below-stick-meta":"","astra-migrate-meta-layouts":"default","ast-page-background-enabled":"default","ast-page-background-meta":{"desktop":{"background-color":"var(--ast-global-color-4)","background-image":"","background-repeat":"repeat","background-position":"center center","background-size":"auto","background-attachment":"scroll","background-type":"","background-media":"","overlay-type":"","overlay-color":"","overlay-opacity":"","overlay-gradient":""},"tablet":{"background-color":"","background-image":"","background-repeat":"repeat","background-position":"center center","background-size":"auto","background-attachment":"scroll","background-type":"","background-media":"","overlay-type":"","overlay-color":"","overlay-opacity":"","overlay-gradient":""},"mobile":{"background-color":"","background-image":"","background-repeat":"repeat","background-position":"center center","background-size":"auto","background-attachment":"scroll","background-type":"","background-media":"","overlay-type":"","overlay-color":"","overlay-opacity":"","overlay-gradient":""}},"ast-content-background-meta":{"desktop":{"background-color":"var(--ast-global-color-5)","background-image":"","background-repeat":"repeat","background-position":"center center","background-size":"auto","background-attachment":"scroll","background-type":"","background-media":"","overlay-type":"","overlay-color":"","overlay-opacity":"","overlay-gradient":""},"tablet":{"background-color":"var(--ast-global-color-5)","background-image":"","background-repeat":"repeat","background-position":"center center","background-size":"auto","background-attachment":"scroll","background-type":"","background-media":"","overlay-type":"","overlay-color":"","overlay-opacity":"","overlay-gradient":""},"mobile":{"background-color":"var(--ast-global-color-5)","background-image":"","background-repeat":"repeat","background-position":"center center","background-size":"auto","background-attachment":"scroll","background-type":"","background-media":"","overlay-type":"","overlay-color":"","overlay-opacity":"","overlay-gradient":""}},"footnotes":""},"categories":[29],"tags":[],"class_list":["post-2210","post","type-post","status-publish","format-standard","hentry","category-portada"],"post_mailing_queue_ids":[],"_links":{"self":[{"href":"https:\/\/agora.xtec.cat\/iesgabrielamistral\/wp-json\/wp\/v2\/posts\/2210","targetHints":{"allow":["GET"]}}],"collection":[{"href":"https:\/\/agora.xtec.cat\/iesgabrielamistral\/wp-json\/wp\/v2\/posts"}],"about":[{"href":"https:\/\/agora.xtec.cat\/iesgabrielamistral\/wp-json\/wp\/v2\/types\/post"}],"author":[{"embeddable":true,"href":"https:\/\/agora.xtec.cat\/iesgabrielamistral\/wp-json\/wp\/v2\/users\/1"}],"replies":[{"embeddable":true,"href":"https:\/\/agora.xtec.cat\/iesgabrielamistral\/wp-json\/wp\/v2\/comments?post=2210"}],"version-history":[{"count":3,"href":"https:\/\/agora.xtec.cat\/iesgabrielamistral\/wp-json\/wp\/v2\/posts\/2210\/revisions"}],"predecessor-version":[{"id":2295,"href":"https:\/\/agora.xtec.cat\/iesgabrielamistral\/wp-json\/wp\/v2\/posts\/2210\/revisions\/2295"}],"wp:attachment":[{"href":"https:\/\/agora.xtec.cat\/iesgabrielamistral\/wp-json\/wp\/v2\/media?parent=2210"}],"wp:term":[{"taxonomy":"category","embeddable":true,"href":"https:\/\/agora.xtec.cat\/iesgabrielamistral\/wp-json\/wp\/v2\/categories?post=2210"},{"taxonomy":"post_tag","embeddable":true,"href":"https:\/\/agora.xtec.cat\/iesgabrielamistral\/wp-json\/wp\/v2\/tags?post=2210"}],"curies":[{"name":"wp","href":"https:\/\/api.w.org\/{rel}","templated":true}]}}