{"id":9707,"date":"2025-10-07T09:44:54","date_gmt":"2025-10-07T07:44:54","guid":{"rendered":"https:\/\/agora.xtec.cat\/iesfredericmarti\/?p=9707"},"modified":"2025-10-07T09:44:54","modified_gmt":"2025-10-07T07:44:54","slug":"punts-suspensius-nou-equip-de-reporters","status":"publish","type":"post","link":"https:\/\/agora.xtec.cat\/iesfredericmarti\/eso\/punts-suspensius-nou-equip-de-reporters\/","title":{"rendered":"PUNTS SUSPENSIUS&#8230; NOU EQUIP DE REPORTERS"},"content":{"rendered":"<p><a href=\"https:\/\/sites.google.com\/insfredericmarti.cat\/revista-punts-suspensius\/inicio\" target=\"_blank\" rel=\"noopener\"><img loading=\"lazy\" decoding=\"async\" class=\"alignright size-medium wp-image-9708\" src=\"https:\/\/agora.xtec.cat\/iesfredericmarti\/wp-content\/uploads\/usu920\/2025\/10\/reportrs_revista_logo-300x300.jpg\" alt=\"\" width=\"300\" height=\"300\" srcset=\"https:\/\/agora.xtec.cat\/iesfredericmarti\/wp-content\/uploads\/usu920\/2025\/10\/reportrs_revista_logo-300x300.jpg 300w, https:\/\/agora.xtec.cat\/iesfredericmarti\/wp-content\/uploads\/usu920\/2025\/10\/reportrs_revista_logo-150x150.jpg 150w, https:\/\/agora.xtec.cat\/iesfredericmarti\/wp-content\/uploads\/usu920\/2025\/10\/reportrs_revista_logo-768x768.jpg 768w, https:\/\/agora.xtec.cat\/iesfredericmarti\/wp-content\/uploads\/usu920\/2025\/10\/reportrs_revista_logo.jpg 800w\" sizes=\"auto, (max-width: 300px) 100vw, 300px\" \/><\/a>Amb l&#8217;inici de curs tenim una nova remesa de reporters de la revista de l&#8217;institut <em>Punts Suspensius&#8230;<\/em><\/p>\n<p>Els nous reportes s\u00f3n:<\/p>\n<p>J\u00falia Aranda Sol\u00e9<br \/>\nAyoub Belgartit<br \/>\nMart\u00ed Boronat Ram\u00edrez<br \/>\nZakaria Drammeh<br \/>\nIkram El Atmani El Atmani<br \/>\nYounes El Haddouchi Douiri<br \/>\nL\u00eddia Ferrer Pad\u00edn<br \/>\nAya Hammouchi<br \/>\nMohamed Jilali<br \/>\nEduardo Mois\u00e9s Pineda Medina<br \/>\nIzan Ramon Martinez<br \/>\nNerea Valencia Cruz<br \/>\nZakaria Zaroual Zaroual<\/p>\n<p>S\u00f3n alumnes de 3r d&#8217;ESO de l&#8217;optativa revista, que s&#8217;encarreguen de fer entrevistes, redactar, maquetar articles&#8230;<\/p>\n<p>Podeu llegir la revista entrant a la secci\u00f3 de la revista o en el seg\u00fcent <a href=\"https:\/\/sites.google.com\/insfredericmarti.cat\/revista-punts-suspensius\/inicio\" target=\"_blank\" rel=\"noopener\">enlla\u00e7<\/a>.<\/p>\n<p>&nbsp;<\/p>\n<p>&nbsp;<\/p>\n","protected":false},"excerpt":{"rendered":"<p>Amb l&#8217;inici de curs tenim una nova remesa de reporters de la revista de l&#8217;institut Punts Suspensius&#8230; Els nous reportes s\u00f3n: J\u00falia Aranda Sol\u00e9 Ayoub Belgartit Mart\u00ed Boronat Ram\u00edrez Zakaria Drammeh Ikram El Atmani El Atmani Younes El Haddouchi Douiri L\u00eddia Ferrer Pad\u00edn Aya Hammouchi Mohamed Jilali Eduardo Mois\u00e9s Pineda Medina Izan Ramon Martinez Nerea [&hellip;]<\/p>\n","protected":false},"author":1,"featured_media":0,"comment_status":"closed","ping_status":"closed","sticky":false,"template":"","format":"standard","meta":{"_bbp_topic_count":0,"_bbp_reply_count":0,"_bbp_total_topic_count":0,"_bbp_total_reply_count":0,"_bbp_voice_count":0,"_bbp_anonymous_reply_count":0,"_bbp_topic_count_hidden":0,"_bbp_reply_count_hidden":0,"_bbp_forum_subforum_count":0,"site-sidebar-layout":"default","site-content-layout":"","ast-site-content-layout":"","site-content-style":"default","site-sidebar-style":"default","ast-global-header-display":"","ast-banner-title-visibility":"","ast-main-header-display":"","ast-hfb-above-header-display":"","ast-hfb-below-header-display":"","ast-hfb-mobile-header-display":"","site-post-title":"","ast-breadcrumbs-content":"","ast-featured-img":"","footer-sml-layout":"","theme-transparent-header-meta":"","adv-header-id-meta":"","stick-header-meta":"","header-above-stick-meta":"","header-main-stick-meta":"","header-below-stick-meta":"","astra-migrate-meta-layouts":"default","ast-page-background-enabled":"default","ast-page-background-meta":{"desktop":{"background-color":"var(--ast-global-color-4)","background-image":"","background-repeat":"repeat","background-position":"center center","background-size":"auto","background-attachment":"scroll","background-type":"","background-media":"","overlay-type":"","overlay-color":"","overlay-opacity":"","overlay-gradient":""},"tablet":{"background-color":"","background-image":"","background-repeat":"repeat","background-position":"center center","background-size":"auto","background-attachment":"scroll","background-type":"","background-media":"","overlay-type":"","overlay-color":"","overlay-opacity":"","overlay-gradient":""},"mobile":{"background-color":"","background-image":"","background-repeat":"repeat","background-position":"center center","background-size":"auto","background-attachment":"scroll","background-type":"","background-media":"","overlay-type":"","overlay-color":"","overlay-opacity":"","overlay-gradient":""}},"ast-content-background-meta":{"desktop":{"background-color":"var(--ast-global-color-5)","background-image":"","background-repeat":"repeat","background-position":"center center","background-size":"auto","background-attachment":"scroll","background-type":"","background-media":"","overlay-type":"","overlay-color":"","overlay-opacity":"","overlay-gradient":""},"tablet":{"background-color":"var(--ast-global-color-5)","background-image":"","background-repeat":"repeat","background-position":"center center","background-size":"auto","background-attachment":"scroll","background-type":"","background-media":"","overlay-type":"","overlay-color":"","overlay-opacity":"","overlay-gradient":""},"mobile":{"background-color":"var(--ast-global-color-5)","background-image":"","background-repeat":"repeat","background-position":"center center","background-size":"auto","background-attachment":"scroll","background-type":"","background-media":"","overlay-type":"","overlay-color":"","overlay-opacity":"","overlay-gradient":""}},"footnotes":""},"categories":[3,29],"tags":[1650,1482,1720,1484],"class_list":["post-9707","post","type-post","status-publish","format-standard","hentry","category-eso","category-portada","tag-curs-2025-2026","tag-punts-suspensius","tag-reporters","tag-revista"],"post_mailing_queue_ids":[],"_links":{"self":[{"href":"https:\/\/agora.xtec.cat\/iesfredericmarti\/wp-json\/wp\/v2\/posts\/9707","targetHints":{"allow":["GET"]}}],"collection":[{"href":"https:\/\/agora.xtec.cat\/iesfredericmarti\/wp-json\/wp\/v2\/posts"}],"about":[{"href":"https:\/\/agora.xtec.cat\/iesfredericmarti\/wp-json\/wp\/v2\/types\/post"}],"author":[{"embeddable":true,"href":"https:\/\/agora.xtec.cat\/iesfredericmarti\/wp-json\/wp\/v2\/users\/1"}],"replies":[{"embeddable":true,"href":"https:\/\/agora.xtec.cat\/iesfredericmarti\/wp-json\/wp\/v2\/comments?post=9707"}],"version-history":[{"count":2,"href":"https:\/\/agora.xtec.cat\/iesfredericmarti\/wp-json\/wp\/v2\/posts\/9707\/revisions"}],"predecessor-version":[{"id":9710,"href":"https:\/\/agora.xtec.cat\/iesfredericmarti\/wp-json\/wp\/v2\/posts\/9707\/revisions\/9710"}],"wp:attachment":[{"href":"https:\/\/agora.xtec.cat\/iesfredericmarti\/wp-json\/wp\/v2\/media?parent=9707"}],"wp:term":[{"taxonomy":"category","embeddable":true,"href":"https:\/\/agora.xtec.cat\/iesfredericmarti\/wp-json\/wp\/v2\/categories?post=9707"},{"taxonomy":"post_tag","embeddable":true,"href":"https:\/\/agora.xtec.cat\/iesfredericmarti\/wp-json\/wp\/v2\/tags?post=9707"}],"curies":[{"name":"wp","href":"https:\/\/api.w.org\/{rel}","templated":true}]}}