{"id":9558,"date":"2025-06-25T14:40:58","date_gmt":"2025-06-25T12:40:58","guid":{"rendered":"https:\/\/agora.xtec.cat\/iesfredericmarti\/?p=9558"},"modified":"2025-06-25T15:08:55","modified_gmt":"2025-06-25T13:08:55","slug":"ivan-kapustin-millor-nota-de-les-pau-a-les-comarques-gironines","status":"publish","type":"post","link":"https:\/\/agora.xtec.cat\/iesfredericmarti\/batxillerat\/ivan-kapustin-millor-nota-de-les-pau-a-les-comarques-gironines\/","title":{"rendered":"IVAN KAPUSTIN: MILLOR NOTA DE LES PAU A LES COMARQUES GIRONINES"},"content":{"rendered":"<p><a href=\"https:\/\/agora.xtec.cat\/iesfredericmarti\/batxillerat\/ivan-kapustin-millor-nota-de-les-pau-a-les-comarques-gironines-fotos\/\"><img loading=\"lazy\" decoding=\"async\" class=\"alignright size-medium wp-image-9559\" src=\"https:\/\/agora.xtec.cat\/iesfredericmarti\/wp-content\/uploads\/usu920\/2025\/06\/ivan_pau-300x300.jpg\" alt=\"\" width=\"300\" height=\"300\" srcset=\"https:\/\/agora.xtec.cat\/iesfredericmarti\/wp-content\/uploads\/usu920\/2025\/06\/ivan_pau-300x300.jpg 300w, https:\/\/agora.xtec.cat\/iesfredericmarti\/wp-content\/uploads\/usu920\/2025\/06\/ivan_pau-150x150.jpg 150w, https:\/\/agora.xtec.cat\/iesfredericmarti\/wp-content\/uploads\/usu920\/2025\/06\/ivan_pau-768x768.jpg 768w, https:\/\/agora.xtec.cat\/iesfredericmarti\/wp-content\/uploads\/usu920\/2025\/06\/ivan_pau.jpg 800w\" sizes=\"auto, (max-width: 300px) 100vw, 300px\" \/><\/a>El nostre alumne de 2n de Batxillerat ha obtingut la millor nota a les PAU de tots els instituts de les comarques gironines. Concretament ha tret un 9,80 sobre 10, una nota extraordin\u00e0ria.<\/p>\n<p>Des del centre hem convocat a l&#8217;alumne per felicitar-lo, i aix\u00ed mateix hem rebut la visita de la <a href=\"https:\/\/agora.xtec.cat\/iesfredericmarti\/batxillerat\/ivan-kapustin-millor-nota-de-les-pau-a-les-comarques-gironines-fotos\/\">premsa i la televisi\u00f3<\/a>, que li han fet una entrevista i tamb\u00e9 l&#8217;han felicitat.<\/p>\n<p>Podeu veure la <a href=\"https:\/\/www.3cat.cat\/324\/les-millors-notes-de-la-selectivitat-2025-tres-alumnes-empaten-amb-la-mes-alta-un-9-9\/noticia\/3358621\/\" target=\"_blank\" rel=\"noopener\">not\u00edcia al 3CAT aqu\u00ed<\/a>.<\/p>\n<p>Tamb\u00e9 podeu accedir al <a href=\"https:\/\/www.3cat.cat\/3cat\/les-millors-notes-de-la-selectivitat\/video\/6347157\/\" target=\"_blank\" rel=\"noopener\">v\u00eddeo del TN de TV3 aqu\u00ed<\/a> (a partir del segon 40).<\/p>\n<p>La nostra m\u00e9s calorosa enhorabona i els millors desitjos pel seu futur!<\/p>\n","protected":false},"excerpt":{"rendered":"<p>El nostre alumne de 2n de Batxillerat ha obtingut la millor nota a les PAU de tots els instituts de les comarques gironines. Concretament ha tret un 9,80 sobre 10, una nota extraordin\u00e0ria. Des del centre hem convocat a l&#8217;alumne per felicitar-lo, i aix\u00ed mateix hem rebut la visita de la premsa i la televisi\u00f3, [&hellip;]<\/p>\n","protected":false},"author":1,"featured_media":0,"comment_status":"closed","ping_status":"closed","sticky":false,"template":"","format":"standard","meta":{"_bbp_topic_count":0,"_bbp_reply_count":0,"_bbp_total_topic_count":0,"_bbp_total_reply_count":0,"_bbp_voice_count":0,"_bbp_anonymous_reply_count":0,"_bbp_topic_count_hidden":0,"_bbp_reply_count_hidden":0,"_bbp_forum_subforum_count":0,"site-sidebar-layout":"default","site-content-layout":"","ast-site-content-layout":"","site-content-style":"default","site-sidebar-style":"default","ast-global-header-display":"","ast-banner-title-visibility":"","ast-main-header-display":"","ast-hfb-above-header-display":"","ast-hfb-below-header-display":"","ast-hfb-mobile-header-display":"","site-post-title":"","ast-breadcrumbs-content":"","ast-featured-img":"","footer-sml-layout":"","theme-transparent-header-meta":"","adv-header-id-meta":"","stick-header-meta":"","header-above-stick-meta":"","header-main-stick-meta":"","header-below-stick-meta":"","astra-migrate-meta-layouts":"default","ast-page-background-enabled":"default","ast-page-background-meta":{"desktop":{"background-color":"var(--ast-global-color-4)","background-image":"","background-repeat":"repeat","background-position":"center center","background-size":"auto","background-attachment":"scroll","background-type":"","background-media":"","overlay-type":"","overlay-color":"","overlay-opacity":"","overlay-gradient":""},"tablet":{"background-color":"","background-image":"","background-repeat":"repeat","background-position":"center center","background-size":"auto","background-attachment":"scroll","background-type":"","background-media":"","overlay-type":"","overlay-color":"","overlay-opacity":"","overlay-gradient":""},"mobile":{"background-color":"","background-image":"","background-repeat":"repeat","background-position":"center center","background-size":"auto","background-attachment":"scroll","background-type":"","background-media":"","overlay-type":"","overlay-color":"","overlay-opacity":"","overlay-gradient":""}},"ast-content-background-meta":{"desktop":{"background-color":"var(--ast-global-color-5)","background-image":"","background-repeat":"repeat","background-position":"center center","background-size":"auto","background-attachment":"scroll","background-type":"","background-media":"","overlay-type":"","overlay-color":"","overlay-opacity":"","overlay-gradient":""},"tablet":{"background-color":"var(--ast-global-color-5)","background-image":"","background-repeat":"repeat","background-position":"center center","background-size":"auto","background-attachment":"scroll","background-type":"","background-media":"","overlay-type":"","overlay-color":"","overlay-opacity":"","overlay-gradient":""},"mobile":{"background-color":"var(--ast-global-color-5)","background-image":"","background-repeat":"repeat","background-position":"center center","background-size":"auto","background-attachment":"scroll","background-type":"","background-media":"","overlay-type":"","overlay-color":"","overlay-opacity":"","overlay-gradient":""}},"footnotes":""},"categories":[8,29],"tags":[1636,1708,138],"class_list":["post-9558","post","type-post","status-publish","format-standard","hentry","category-batxillerat","category-portada","tag-curs-2024-2025","tag-ivan-kapustin","tag-pau"],"post_mailing_queue_ids":[],"_links":{"self":[{"href":"https:\/\/agora.xtec.cat\/iesfredericmarti\/wp-json\/wp\/v2\/posts\/9558","targetHints":{"allow":["GET"]}}],"collection":[{"href":"https:\/\/agora.xtec.cat\/iesfredericmarti\/wp-json\/wp\/v2\/posts"}],"about":[{"href":"https:\/\/agora.xtec.cat\/iesfredericmarti\/wp-json\/wp\/v2\/types\/post"}],"author":[{"embeddable":true,"href":"https:\/\/agora.xtec.cat\/iesfredericmarti\/wp-json\/wp\/v2\/users\/1"}],"replies":[{"embeddable":true,"href":"https:\/\/agora.xtec.cat\/iesfredericmarti\/wp-json\/wp\/v2\/comments?post=9558"}],"version-history":[{"count":6,"href":"https:\/\/agora.xtec.cat\/iesfredericmarti\/wp-json\/wp\/v2\/posts\/9558\/revisions"}],"predecessor-version":[{"id":9569,"href":"https:\/\/agora.xtec.cat\/iesfredericmarti\/wp-json\/wp\/v2\/posts\/9558\/revisions\/9569"}],"wp:attachment":[{"href":"https:\/\/agora.xtec.cat\/iesfredericmarti\/wp-json\/wp\/v2\/media?parent=9558"}],"wp:term":[{"taxonomy":"category","embeddable":true,"href":"https:\/\/agora.xtec.cat\/iesfredericmarti\/wp-json\/wp\/v2\/categories?post=9558"},{"taxonomy":"post_tag","embeddable":true,"href":"https:\/\/agora.xtec.cat\/iesfredericmarti\/wp-json\/wp\/v2\/tags?post=9558"}],"curies":[{"name":"wp","href":"https:\/\/api.w.org\/{rel}","templated":true}]}}